{"id":26902,"date":"2018-08-15T06:05:10","date_gmt":"2018-08-15T10:05:10","guid":{"rendered":"http:\/\/debateplural.com\/?p=26902"},"modified":"2018-08-14T15:41:45","modified_gmt":"2018-08-14T19:41:45","slug":"eu-y-turquia-un-choque-de-aliados","status":"publish","type":"post","link":"https:\/\/debateplural.net\/site\/2018\/08\/15\/eu-y-turquia-un-choque-de-aliados\/","title":{"rendered":"EU y Turqu\u00eda: Un choque de aliados"},"content":{"rendered":"<p>Jose Carre\u00f1o (El Heraldo, 14-8-18)<\/p>\n<p>&nbsp;<\/p>\n<p>Es una de esas batallas que tiene potenciales consecuencias de enorme gravedad.<\/p>\n<p>De acuerdo con el gobierno turco, es una guerra econ\u00f3mica que busca doblegarlo; para el estadounidense, una necesaria forma de presionar para obtener la liberaci\u00f3n de uno de sus nacionales.<\/p>\n<p>Es tambi\u00e9n el duelo entre dos populistas autoritarios, el estadounidense Donald Trump y el turco Reccep Tayip Erdogan, centrado ahora tanto en la suerte del pastor protestante Andrew Brunson, preso en Ankara hace ya dos a\u00f1os, como en las sanciones comerciales impuestas por Trump para presionar al gobernante turco.<\/p>\n<p>Para Trump el tema se puede reducir a las necesidad de mantener contentos a sus votantes evang\u00e9licos, un grupo de importancia cr\u00edtica para \u00e9l y los republicanos, mientras para Erdogan se trata de exigencias no correspondidas, pues Washington le neg\u00f3 la extradici\u00f3n del cl\u00e9rigo Fetullah Gulen, al que acusa de planear un golpe de Estado frustrado en 2016, y un banquero turco preso.<\/p>\n<p>Uno y otro se acusan de no haber cumplido compromisos, pero el diferendo se ha convertido sobre todo en un choque entre dos viejos aliados estrat\u00e9gicos distanciados ahora por recelos y ofensas reales y percibidas que, de ahondarse, podr\u00edan afectar extraordinariamente el balance geopol\u00edtico en una regi\u00f3n que es por lo regular un polvor\u00edn.<\/p>\n<p>Turqu\u00eda fue por d\u00e9cadas uno de los principales, si no el m\u00e1s importante de los aliados estadounidenses en la regi\u00f3n: su ubicaci\u00f3n geogr\u00e1fica, a caballo entre Europa y Asia, lo hacen paso casi obligado para flujos de Oriente Medio y Asia Menor \u2013sean petr\u00f3leo y gas o migrantes-; esa misma localizaci\u00f3n lo pone en control del Mar de Marmara y lo convierte en el\u00a0<span class=\"special_amp\">\u201c<\/span>tap\u00f3n<span class=\"special_amp\">\u201d<\/span>\u00a0natural para el paso de la flota rusa del Mar Negro hacia el Mediterr\u00e1neo; su posici\u00f3n en la frontera rusa lo hizo durante 60 a\u00f1os un puesto de escucha y una ubicaci\u00f3n de avanzada para las bases militares de la Organizaci\u00f3n del Tratado del Atl\u00e1ntico Norte (OTAN), encabezada por EU .<\/p>\n<p>Adicionalmente, sus fronteras con Siria, Irak, Ir\u00e1n, Armenia y Georgia, la ponen en el centro de situaciones explosivas, incluso la guerra contra extremistas isl\u00e1micos.<\/p>\n<p>Agr\u00e9guense los propios problemas turcos con rebeldes separatistas kurdos, que tambi\u00e9n tienen presencia en Ir\u00e1n e Irak, para completar un mosaico geopol\u00edtico dif\u00edcil en el que adem\u00e1s, pesa tambi\u00e9n el rechazo europeo a incorporar a Turqu\u00eda en la Uni\u00f3n.<\/p>\n<p>Turqu\u00eda percibe pues que le tocan todas las consecuencias negativas, pero ninguna de las ventajas de la alianza con Occidente.<\/p>\n<p>En ese marco, el pleito llev\u00f3 ya a que Trump duplicara las tarifas arancelarias contra las importaciones de acero y aluminio de Turqu\u00eda, que estaba ya en un\u00a0<span class=\"special_amp\">\u201c<\/span>slump<span class=\"special_amp\">\u201d<\/span>\u00a0econ\u00f3mico, que provoc\u00f3 un descenso brutal a la cotizaci\u00f3n de la lira turca y que Erdogan denunciara la\u00a0<span class=\"special_amp\">\u201c<\/span>pu\u00f1alada por la espalda<span class=\"special_amp\">\u201d<\/span>.<\/p>\n<p>Falta ver si Erdogan cumple su amenaza de buscar apoyo en otros lados, espec\u00edficamente Rusia.<\/p>\n","protected":false},"excerpt":{"rendered":"<p>Jose Carre\u00f1o (El Heraldo, 14-8-18) &nbsp; Es una de esas batallas que tiene potenciales consecuencias de enorme gravedad. De acuerdo con el gobierno turco, es una guerra econ\u00f3mica que busca doblegarlo; para el estadounidense, una necesaria forma de presionar para obtener la liberaci\u00f3n de uno de sus nacionales. Es tambi\u00e9n el duelo entre dos populistas [&hellip;]<\/p>\n","protected":false},"author":1,"featured_media":26903,"comment_status":"open","ping_status":"open","sticky":false,"template":"","format":"standard","meta":{"footnotes":""},"categories":[14,12],"tags":[],"class_list":["post-26902","post","type-post","status-publish","format-standard","has-post-thumbnail","hentry","category-internacionales","category-politica-3"],"_links":{"self":[{"href":"https:\/\/debateplural.net\/site\/wp-json\/wp\/v2\/posts\/26902"}],"collection":[{"href":"https:\/\/debateplural.net\/site\/wp-json\/wp\/v2\/posts"}],"about":[{"href":"https:\/\/debateplural.net\/site\/wp-json\/wp\/v2\/types\/post"}],"author":[{"embeddable":true,"href":"https:\/\/debateplural.net\/site\/wp-json\/wp\/v2\/users\/1"}],"replies":[{"embeddable":true,"href":"https:\/\/debateplural.net\/site\/wp-json\/wp\/v2\/comments?post=26902"}],"version-history":[{"count":1,"href":"https:\/\/debateplural.net\/site\/wp-json\/wp\/v2\/posts\/26902\/revisions"}],"predecessor-version":[{"id":26904,"href":"https:\/\/debateplural.net\/site\/wp-json\/wp\/v2\/posts\/26902\/revisions\/26904"}],"wp:featuredmedia":[{"embeddable":true,"href":"https:\/\/debateplural.net\/site\/wp-json\/wp\/v2\/media\/26903"}],"wp:attachment":[{"href":"https:\/\/debateplural.net\/site\/wp-json\/wp\/v2\/media?parent=26902"}],"wp:term":[{"taxonomy":"category","embeddable":true,"href":"https:\/\/debateplural.net\/site\/wp-json\/wp\/v2\/categories?post=26902"},{"taxonomy":"post_tag","embeddable":true,"href":"https:\/\/debateplural.net\/site\/wp-json\/wp\/v2\/tags?post=26902"}],"curies":[{"name":"wp","href":"https:\/\/api.w.org\/{rel}","templated":true}]}}