{"id":27027,"date":"2018-08-20T13:10:22","date_gmt":"2018-08-20T17:10:22","guid":{"rendered":"http:\/\/debateplural.com\/?p=27027"},"modified":"2018-08-20T13:10:22","modified_gmt":"2018-08-20T17:10:22","slug":"el-racismo-de-trump","status":"publish","type":"post","link":"https:\/\/debateplural.net\/site\/2018\/08\/20\/el-racismo-de-trump\/","title":{"rendered":"El racismo de Trump"},"content":{"rendered":"<p>David Brooks (Cubadebate, 18-8-18)<\/p>\n<p>&nbsp;<\/p>\n<p>Durante d\u00edas, y a pesar de noticias mucho m\u00e1s importantes, la atenci\u00f3n del p\u00fablico estadounidense se ha ocupado con el enfrentamiento de la exasesora y afroestadounidense de m\u00e1s alto rango de la Casa Blanca quien acus\u00f3 a su exjefe Donald Trump de racista.<\/p>\n<p>No fue una gran revelaci\u00f3n. Como coment\u00f3 uno de los observadores m\u00e1s influyentes del pa\u00eds, el conductor de\u00a0<em>Late Show<\/em>\u00a0Stephen Colbert, era \u201cla noticia menos sorprendente posible\u201d, agregando con sarcasmo: \u201cpor fin tenemos pruebas de que el tipo que rehus\u00f3 rentar apartamentos a inquilinos negros, que dijo que un mitin nazi-klan ten\u00eda algunas \u2018gentes finas\u2019 y llam\u00f3 a \u00c1frica un hoyo de mierda -\u00a1es un racista! Destruyan sus libros de historia, reescriban los textos. \u00a1No lo sab\u00edamos!\u201d.<\/p>\n<p>Trump, quien se refiri\u00f3 a a su excolaboradora como \u201cesa perra\u201d el martes, sabe bien que su exempleada, Omarosa Manigault Newman, no se acaba de dar cuenta que su jefe es racista. Ella impuls\u00f3 este debate con fines de lucro: est\u00e1 promoviendo su nuevo libro sobre la vida dentro de la Casa Blanca de Trump. Aprendi\u00f3 de Trump, a quien conoci\u00f3 como concursante en su reality show \u201cEl aprendiz\u201d, sobre c\u00f3mo monetizar todo (incluyendo estancias en la Casa Blanca).<\/p>\n<p>Manigault Newman, nutriendo el debate, acusa que hay grabaciones de Trump usando la palabra m\u00e1s denigrante para los afroestadunidenses (\u201cnigger\u201d), algo que primero fue rechazado tajantemente por el propio Trump pero que esta semana la vocera de la Casa Blanca Sarah Huckabee Sanders se vio obligada afirmar que \u201cno puedo garantizar\u201d que el presidente nunca haya usado esa palabra.<\/p>\n<p>Estas exhibiciones verbales racistas manchan a esta presidencia desde sus inicios. Trump arranc\u00f3 su campa\u00f1a acusando a mexicanos de ser criminales y violadores, impuls\u00f3 medidas anti musulmanas entre sus primeros actos presidenciales y m\u00e1s recientemente ha atacado a atletas y periodistas afroestadunidenses.<\/p>\n<p>Cuando la famosa estrella de basquetbol profesional Lebron James, entrevistado por Don Lemon, periodista de CNN, la semana pasada, hizo un par de comentarios cr\u00edticos sobre el presidente, Trump tuite\u00f3: \u201cLebron James acaba de ser entrevistado por el hombre m\u00e1s tonto en la televisi\u00f3n, Don Lemon. Hizo que Lebron se viera inteligencia, lo cual no es f\u00e1cil hacer\u201d. Ambos son afroestadunidenses.<\/p>\n<p>\u201cEsto es aparentemente lo que el presidente de Estados Unidos siente necesario compartir con el mundo\u2026 es una desgracia. Es racista. Y es el producto de odios peque\u00f1os pero peligrosos\u201d, respondi\u00f3 incr\u00e9dulo el veterano periodista Dan Rather.<\/p>\n<p>Anteriormente Trump tambi\u00e9n acus\u00f3 de \u201cbaja inteligencia\u201d a la representante federal Maxine Waters, feroz critica del presidente, y afroestadunidense.<\/p>\n<p>\u201cCuando Donald Trump menosprecia a afroestadunidenses con eso del \u2018bajo I.Q\u2019 y deshumaniza a mujeres negras como \u2018esa perra\u2019, est\u00e1 hablando el idioma de la supremacia blanca\u201d, coment\u00f3 el columnista Eugene Robinson del Washington Post.<\/p>\n<p>Trump se ha obsesionado con los jugadores de futbol americano profesional que se han hincado o elevado un pu\u00f1o durante el himno nacional antes de todo partido como protesta contra la violencia policiaca contra afroestadunidenses, acus\u00e1ndolos casi de traidores a la patria.<\/p>\n<p>Al mismo tiempo, hace un a\u00f1o despu\u00e9s de una manifestaci\u00f3n de militantes neonazis y del Ku Klux Klan en Charlottesville, Virginia, que acab\u00f3 en actos de violencia contra una contramanifestaci\u00f3n repudiando el acto y la muerte de una activista antiracista, Trump provoc\u00f3 ira nacional al afirmar que ambos lados eran responsables de los incidentes y que hab\u00eda tambi\u00e9n \u201cgente fina\u201d de ambos lados. Muchos de los l\u00edderes de organizaciones supremacistas blancas y fuerzas antimigrantes festejaron la eleccion de Trump y hoy d\u00eda lo contin\u00faan elogiando.<\/p>\n<p>Pero el racismo no es s\u00f3lo verbal sino se expresa en acciones pol\u00edticas impulsadas por la presidencia como las medidas contra inmigrantes y refugiados de Am\u00e9rica Latina, el Caribe y \u00c1frica, en el desmantelamiento de programas de asistencia social, educaci\u00f3n, salud como el endoso d mano dura en la aplicaci\u00f3n de leyes que afectan dram\u00e1ticamente a comunidades afroestadunidenses y latinas, y por otro lado, medidas para la supresi\u00f3n del voto de estos sectores minoritarios.<\/p>\n<p>A\u00fan m\u00e1s peligroso, agrupaciones de ultra derecha han florecido m\u00e1s abiertamente desde que Trump lleg\u00f3 a la Casa Blanca con lo cual se han incrementado los casos de cr\u00edmenes de odio. El Southern Poverty Law Center, que monitorea estas actividades, registra a m\u00e1s de 100 personas asesinadas o heridas por integrantes de estos grupos o los que han sido influenciados por ellos durante el \u00faltimo a\u00f1o.<\/p>\n<p>Vale recordar que la primera aparici\u00f3n de Trump en el cambio p\u00fablico -la primera vez que fue noticia- fue en 1973 cuando fue acusado, junto con su padre, por el gobierno federal de discriminacion racial contra inquilinos afroestadunidenses en los edificios del negocio de su familia. Hasta el gran cantautor Woody Guthrie hizo una canci\u00f3n sobre el \u201cel viejo Trump\u201d.<\/p>\n","protected":false},"excerpt":{"rendered":"<p>David Brooks (Cubadebate, 18-8-18) &nbsp; Durante d\u00edas, y a pesar de noticias mucho m\u00e1s importantes, la atenci\u00f3n del p\u00fablico estadounidense se ha ocupado con el enfrentamiento de la exasesora y afroestadounidense de m\u00e1s alto rango de la Casa Blanca quien acus\u00f3 a su exjefe Donald Trump de racista. No fue una gran revelaci\u00f3n. Como coment\u00f3 [&hellip;]<\/p>\n","protected":false},"author":1,"featured_media":27028,"comment_status":"open","ping_status":"open","sticky":false,"template":"","format":"standard","meta":{"footnotes":""},"categories":[14,12],"tags":[],"class_list":["post-27027","post","type-post","status-publish","format-standard","has-post-thumbnail","hentry","category-internacionales","category-politica-3"],"_links":{"self":[{"href":"https:\/\/debateplural.net\/site\/wp-json\/wp\/v2\/posts\/27027"}],"collection":[{"href":"https:\/\/debateplural.net\/site\/wp-json\/wp\/v2\/posts"}],"about":[{"href":"https:\/\/debateplural.net\/site\/wp-json\/wp\/v2\/types\/post"}],"author":[{"embeddable":true,"href":"https:\/\/debateplural.net\/site\/wp-json\/wp\/v2\/users\/1"}],"replies":[{"embeddable":true,"href":"https:\/\/debateplural.net\/site\/wp-json\/wp\/v2\/comments?post=27027"}],"version-history":[{"count":1,"href":"https:\/\/debateplural.net\/site\/wp-json\/wp\/v2\/posts\/27027\/revisions"}],"predecessor-version":[{"id":27029,"href":"https:\/\/debateplural.net\/site\/wp-json\/wp\/v2\/posts\/27027\/revisions\/27029"}],"wp:featuredmedia":[{"embeddable":true,"href":"https:\/\/debateplural.net\/site\/wp-json\/wp\/v2\/media\/27028"}],"wp:attachment":[{"href":"https:\/\/debateplural.net\/site\/wp-json\/wp\/v2\/media?parent=27027"}],"wp:term":[{"taxonomy":"category","embeddable":true,"href":"https:\/\/debateplural.net\/site\/wp-json\/wp\/v2\/categories?post=27027"},{"taxonomy":"post_tag","embeddable":true,"href":"https:\/\/debateplural.net\/site\/wp-json\/wp\/v2\/tags?post=27027"}],"curies":[{"name":"wp","href":"https:\/\/api.w.org\/{rel}","templated":true}]}}