{"id":2728,"date":"2015-12-29T17:27:01","date_gmt":"2015-12-29T17:27:01","guid":{"rendered":"http:\/\/debateplural.com\/?p=2728"},"modified":"2016-06-23T14:14:11","modified_gmt":"2016-06-23T14:14:11","slug":"2016-continuara-el-terrorismo-su-cuenta-sangrienta","status":"publish","type":"post","link":"https:\/\/debateplural.net\/site\/2015\/12\/29\/2016-continuara-el-terrorismo-su-cuenta-sangrienta\/","title":{"rendered":"2016 \u00bfContinuar\u00e1 el terrorismo su cuenta sangrienta?"},"content":{"rendered":"<div id=\"attachment_2729\" style=\"width: 715px\" class=\"wp-caption aligncenter\"><img loading=\"lazy\" decoding=\"async\" aria-describedby=\"caption-attachment-2729\" class=\"size-full wp-image-2729\" src=\"http:\/\/tripletecnologia.com\/website\/debateplural\/wp-content\/uploads\/2015\/12\/lugar-del-atentado-en-paris-1.jpg\" alt=\"Lugar del atentado en Paris\" width=\"705\" height=\"381\" \/><p id=\"caption-attachment-2729\" class=\"wp-caption-text\">Lugar del atentado en Paris<\/p><\/div>\n<p class=\"b-article__lead\" style=\"text-align:justify;\"><strong>Debateplural.com, comparte con los lectores el interesante art\u00edculo de Luis Rivas, titulado \"2016 \u00bfContinuar\u00e1 el terrorismo su cuenta sangrienta?\", publicado en el portal Sputniknews.com, de fecha 24 de diciembre de 2015.<\/strong><\/p>\n<p class=\"b-article__lead\" style=\"text-align:justify;\">Tras el tr\u00e1gico 2015, para millones de ciudadanos en todo el mundo el terrorismo abre la lista de preocupaciones y miedos.<\/p>\n<div class=\"b-article__videoclub_embed\" style=\"text-align:justify;\">Una de las predicciones infalibles para el a\u00f1o 2016 es la seguridad de que el terrorismo golpear\u00e1 de nuevo.<\/div>\n<p><!--more--><\/p>\n<div class=\"b-article__videoclub_embed\" style=\"text-align:justify;\"><\/div>\n<div class=\"b-article__videoclub_embed\" style=\"text-align:justify;\">Entre 2013 y 2014 el aumento de v\u00edctimas mortales provocadas por este fen\u00f3meno se cifr\u00f3 en un 80 por ciento. Todav\u00eda los especialistas no han acabado de pasar a limpio las estad\u00edsticas para 2015, pero ya se puede afirmar que el impacto medi\u00e1tico del a\u00f1o consumido ha batido todos los r\u00e9cords.<\/div>\n<p style=\"text-align:justify;\">Todos los estudios internacionales sobre terrorismo se\u00f1alan que si se tiene en cuenta el n\u00famero de v\u00edctimas, pa\u00edses como <a href=\"http:\/\/localhost\/debateplural\/tag\/irak\">Irak<\/a>,<a href=\"http:\/\/localhost\/debateplural\/tag\/siria\"> Siria<\/a>, Nigeria, Pakist\u00e1n y Afganist\u00e1n siguen encabezando las estad\u00edsticas. Pero por distintas razones que merecen otro an\u00e1lisis, la repercusi\u00f3n medi\u00e1tica de esas acciones no es tan elevada como de las llevadas a cabo en Europa Occidental, <a href=\"http:\/\/localhost\/debateplural\/tag\/rusia\">Rusia <\/a>o <a href=\"http:\/\/localhost\/debateplural\/tag\/estados-unidos\">Estados Unidos<\/a>.<\/p>\n<p><strong>Francia, corre la sangre<\/strong><\/p>\n<p style=\"text-align:justify;\">El a\u00f1o 2015 empezaba con un golpe terrorista en el coraz\u00f3n de Par\u00eds. Diez personas eran asesinadas a balazos en la redacci\u00f3n del <a href=\"http:\/\/mundo.sputniknews.com\/europa\/20150107\/1033072729.html\">semanario sat\u00edrico franc\u00e9s \"Charlie Hebdo\"<\/a>. Los ciudadanos franceses sab\u00edan que su territorio formaba parte de los objetivos anunciados por el islamismo radical, pero la imaginaci\u00f3n no llegaba al impacto del traqueteo de Kalashnikov en plena calle, seguido del grito \"Al\u00e1 Akbar\".<\/p>\n<p style=\"text-align:justify;\">Los dos atacantes filmados cuando asesinaban a sangre fr\u00eda a un polic\u00eda que yac\u00eda herido en el suelo, multiplicaba el efecto en todas las pantallas del planeta.<\/p>\n<p style=\"text-align:justify;\">Tan solo 48 horas m\u00e1s tarde cuatro ciudadanos que hac\u00edan la compra en una tienda de productos jud\u00edos, adem\u00e1s de una polic\u00eda municipal asesinada la v\u00edspera,\u00a0 perder\u00edan la vida a manos de otro terrorista, coordinado con los asesinos de Charlie Hebdo.<\/p>\n<p style=\"text-align:justify;\">Los dos atacantes filmados cuando asesinaban a sangre fr\u00eda a un polic\u00eda que yac\u00eda herido en el suelo, multiplicaba el efecto en todas las pantallas del planeta.<\/p>\n<p style=\"text-align:justify;\">Tan solo 48 horas m\u00e1s tarde cuatro ciudadanos que hac\u00edan la compra en una tienda de productos jud\u00edos, adem\u00e1s de una polic\u00eda municipal asesinada la v\u00edspera,\u00a0 perder\u00edan la vida a manos de otro terrorista, coordinado con los asesinos de Charlie Hebdo.<\/p>\n<p><strong>Par\u00eds bien vale una foto<\/strong><\/p>\n<p style=\"text-align:justify;\">La indignaci\u00f3n mundial qued\u00f3 escenificada en el breve desfile de autoridades internacionales por una calle de Par\u00eds, en solidaridad con las v\u00edctimas y con el gobierno de Fran\u00e7ois Hollande. Nada semejante se hab\u00eda visto en otros escenarios del terror, ni en Estados Unidos ni en otros puntos de Europa. Por supuesto, mucho menos en Oriente Medio, Asia o \u00c1frica.<\/p>\n<p style=\"text-align:justify;\">Para Francia era el primero de una serie de actos terroristas que iban a jalonar el a\u00f1o: el 19 de abril, un joven argelino asesinaba a una mujer para robarle el autom\u00f3vil. En el forcejeo, el asesino se dispar\u00f3 fortuitamente en su propia pierna. Fue detenido en el hospital, despu\u00e9s de comprobarse que pretend\u00eda atentar contra dos iglesias.<\/p>\n<p style=\"text-align:justify;\">Cuando el pa\u00eds se preparaba para iniciar sus vacaciones de verano, en una localidad cercana a la ciudad de Lyon <a href=\"http:\/\/mundo.sputniknews.com\/europa\/20150626\/1038713215.html\">un individuo pretendi\u00f3 explosionar una f\u00e1brica<\/a> de productos industriales. Antes de lanzar su veh\u00edculo contra unas bombonas de gas, hab\u00eda decapitado a su jefe y dejado la cabeza en la verja del recinto.<\/p>\n<p style=\"text-align:justify;\">El 26 de agosto la intervenci\u00f3n de dos norteamericanos y un brit\u00e1nico impidi\u00f3 que un ciudadano marroqu\u00ed <a href=\"http:\/\/mundo.sputniknews.com\/europa\/20150821\/1040585498.html\">descargara su Kalashnikov sobre los pasajeros<\/a> del tren Thalys, que une \u00c1msterdam y Par\u00eds.<\/p>\n<p style=\"text-align:justify;\">Las autoridades francesas clamaban haber neutralizado otros intentos de atentado para responder a las cr\u00edticas sobre los fallos de inteligencia nacional.<\/p>\n<p style=\"text-align:justify;\"><strong>Lo peor estaba por llegar\u00a0<\/strong><\/p>\n<p style=\"text-align:justify;\">El 13 de noviembre los yihadistas <a href=\"http:\/\/mundo.sputniknews.com\/mundo\/20151114\/1053631792\/francia-atentado-terrorismo.html\">perpetraron el mayor golpe de a\u00f1o<\/a> en territorio de la Europa Occidental. 130 personas asesinadas en una noche en varios ataques simult\u00e1neos. <strong><a href=\"http:\/\/mundo.sputniknews.com\/infografia\/20150707\/1038869326.html\">Daesh, autodenominado Estado Isl\u00e1mico<\/a><\/strong>, proscrito en Rusia y otros pa\u00edses, asum\u00eda el atentado, como castigo a una ciudad que para ellos representa el centro de la depravaci\u00f3n. La fiesta, la m\u00fasica, el disfrute de los placeres entre personas de diferentes creencias, razas, edades y sexos, la tolerancia y, en definitiva, la libertad, todo lo que simboliza Par\u00eds, fue el objetivo de la matanza.<\/p>\n<p style=\"text-align:justify;\">En una repetici\u00f3n a peque\u00f1a escala de los atentados de enero en Par\u00eds, la capital de Dinamarca, Copenhague, vivi\u00f3 dos ataques el 14 de febrero. Un debate sobre la libertad de expresi\u00f3n y una sinagoga fueron los blancos del terrorista, que muri\u00f3 abatido por la polic\u00eda.<\/p>\n<p><strong>\u00c1frica musulmana: asesinar la econom\u00eda<\/strong><\/p>\n<p style=\"text-align:justify;\">Para el salafismo radical y sus militantes armados la elecci\u00f3n de las v\u00edctimas est\u00e1 perfectamente estudiada. T\u00fanez, el \u00fanico pa\u00eds de la zona donde la llamada \"primavera \u00e1rabe\" desemboca en una joven democracia y en un ejemplo de tolerancia para sus vecinos, vivi\u00f3 el peor a\u00f1o desde su independencia.<\/p>\n<p style=\"text-align:justify;\">Los tunecinos lograron vencer en las urnas a los supuestos \"islamistas moderados\", que les hab\u00edan sumido en la crisis econ\u00f3mica y la polarizaci\u00f3n social. Pero esa democracia incipiente no es solo un mal ejemplo para el resto de los reg\u00edmenes \u00e1rabo-musulmanes; para Daesh es una herej\u00eda.<\/p>\n<p style=\"text-align:justify;\">El Museo del Bardo es uno de los principales centros de inter\u00e9s de los visitantes extranjeros que aterrizan en la capital tunecina. El 18 de marzo, varios hombres armados irrumpieron en sus salas y asesinaron a una veintena de turistas.<\/p>\n<p style=\"text-align:justify;\">El 26 de junio, un joven de 23 a\u00f1os, estudiante de inform\u00e1tica y ex animador de turismo, <a href=\"http:\/\/mundo.sputniknews.com\/africa\/20150627\/1038745068.html\">descarg\u00f3 su AK contra los extranjeros<\/a> que tomaban el sol en una de las playas de Susa, asesinando a 38 de ellos.<\/p>\n<p style=\"text-align:justify;\">El 27 de noviembre un kamikaze <a href=\"http:\/\/mundo.sputniknews.com\/africa\/20151124\/1054033074\/tunez-muertos-explosion-autobus.html\">acab\u00f3 con la vida de 12 miembros<\/a> de la seguridad nacional que circulaban en autob\u00fas.<\/p>\n<p style=\"text-align:justify;\">El turismo es tambi\u00e9n el blanco de los terroristas en Egipto, otro pa\u00eds que ha escapado al caos de los islamistas \"moderados\", en este caso a trav\u00e9s de un golpe militar. Los terroristas del EI, que ya hab\u00edan perpetrado varios ataques en ese pa\u00eds, se responsabilizaron del peor atentado que ha vivido Egipto en los \u00faltimos tiempos.<\/p>\n<p style=\"text-align:justify;\">El 31 de octubre, el <a href=\"http:\/\/mundo.sputniknews.com\/trend\/avion_kolavia_egipto_31102015\/\">vuelo 9278 Metrojet de Sharm el Sheikh a San Petersburgo<\/a> se desintegraba sobre la pen\u00ednsula del Sina\u00ed. Las 224 personas que viajaban en el avi\u00f3n perecieron en el atentado. Para Daesh era un doble golpe: dejar a Egipto sin el turismo ruso y castigar a Rusia.<\/p>\n<p style=\"text-align:justify;\">Los portavoces del grupo terrorista prohibido en Rusia afirmaron vengar as\u00ed <strong><a href=\"http:\/\/mundo.sputniknews.com\/trend\/rusia_ataca_ei_2015\/\">la acci\u00f3n militar ordenada por el Kremlin contra los islamistas en Siria<\/a><\/strong>.<\/p>\n<p style=\"text-align:justify;\">Tambi\u00e9n el \u00c1frica subsahariana fue castigada brutalmente por el terrorismo. <a href=\"http:\/\/mundo.sputniknews.com\/africa\/20150330\/1035897366.html#ixzz3vAJWEqni\">Las cifras de v\u00edctimas de Boko Haram<\/a> en Nigeria, de otras filiales del EI en Kenia o en Somalia son m\u00e1s escandalosas y reiteradas que las que se producen en cualquier pa\u00eds occidental.<\/p>\n<p><strong>Turqu\u00eda, un vecino bajo sospecha<\/strong><\/p>\n<p style=\"text-align:justify;\">Dos pa\u00edses lim\u00edtrofes a Siria, L\u00edbano y Turqu\u00eda, sintieron los estragos del terrorismo en 2015. Uno de los barrios chi\u00edes de Beirut, Bourj el Barajne, <a href=\"http:\/\/mundo.sputniknews.com\/orientemedio\/20151112\/1053582687\/beirut-atentado-suicida.html\">perdi\u00f3 el 13 de noviembre a m\u00e1s de 40 de sus vecinos<\/a>, v\u00edctimas de dos terroristas suicidas. Era el castigo indirecto del EI a Ir\u00e1n, la potencia chi\u00ed de la zona, aliada con el r\u00e9gimen sirio de Bashar Asad.<\/p>\n<p style=\"text-align:justify;\">Ankara, la capital turca tambi\u00e9n sufri\u00f3 en 2015 <a href=\"http:\/\/mundo.sputniknews.com\/europa\/20151010\/1052356683\/aumento-numero-muertos-atentado-ankara.html\">el peor atentado de su historia<\/a>. El 11 de octubre, una manifestaci\u00f3n por la paz fue el objetivo de los terroristas, que acabaron con la vida de casi 100 personas. Sin embargo, no queda tan clara la autor\u00eda de este atentado, igual que la del atentado de julio en la ciudad fronteriza de Suruc, que cercen\u00f3 la vida a 30 j\u00f3venes kurdos.<\/p>\n<p>Para el r\u00e9gimen de Recep Tayip Erdogan los ataques son responsabilidad de EI. Los l\u00edderes kurdos locales insisten en se\u00f1alar que \"el gobierno tiene las manos manchadas de sangre\". La ambig\u00fcedad del r\u00e9gimen de Erdogan en su actitud hacia el EI, su hostilidad hacia Asad y la reanudaci\u00f3n de la guerra interna contra el brazo armado de la minor\u00eda kurda dejan en un oscuro limbo la responsabilidad de esas matanzas.<\/p>\n<p><strong>M\u00e9xico, \u00bfen la lista negra del EI?<\/strong><\/p>\n<p style=\"text-align:justify;\">La guerra terrorista desatada por Daesh puede llegar a Am\u00e9rica Latina. El EI ha incluido a M\u00e9xico en la lista de 60 pa\u00edses susceptibles de ser atacados. La raz\u00f3n parece ser un documento hecho p\u00fablico por el gobierno norteamericano y que menciona a todos los pa\u00edses que, de una forma u otra, participan en la coalici\u00f3n internacional contra el grupo terrorista.<\/p>\n<p style=\"text-align:justify;\">Esa amenaza mundial, que puede concretarse en ataques desde Bangkok, a San Bernardino, en California, pasando por toda Europa y \u00c1frica, ha provocado una reacci\u00f3n internacional dubitativa y\u00a0\u2014hasta el momento- poco eficaz sobre el terreno militar.<\/p>\n<p style=\"text-align:justify;\"><strong>Frente com\u00fan\u00a0<\/strong><\/p>\n<p style=\"text-align:justify;\">Daesh obliga a las potencias mundiales a modificar su pol\u00edtica exterior, a aumentar sus gastos de defensa e inteligencia, a reducir en algunos casos las libertades de las que los terroristas se valen para burlar a sus v\u00edctimas\u2026<\/p>\n<p>La entrada de Rusia en el conflicto armado acelera la implicaci\u00f3n de otros gobiernos y obliga a coordinar los ataques contra el EI. Pero las desavenencias sobre el futuro del r\u00e9gimen sirio dificultan la cooperaci\u00f3n entre Washington, Par\u00eds y Mosc\u00fa. Tambi\u00e9n el apoyo de algunos pa\u00edses a grupos de oposici\u00f3n a Asad, considerados como \"islamistas moderados\", impide una colaboraci\u00f3n militar m\u00e1s eficaz.<\/p>\n<p style=\"text-align:justify;\">La \u00faltima iniciativa diplom\u00e1tico-militar vino de una coalici\u00f3n de pa\u00edses musulmanes, decididos a combatir al EI. Ese grupo, liderado por Arabia Saud\u00ed, aparece a los ojos de sus cr\u00edticos como una simple maniobra de Riad para frenar las cr\u00edticas no solo a su nula implicaci\u00f3n en el combate al oscurantismo de los terroristas, sino incluso a las acusaciones de connivencia con ellos.<\/p>\n<p>Tambi\u00e9n en Europa algunas hay fuerzas pol\u00edticas que siguen oponi\u00e9ndose a la implicaci\u00f3n militar de sus pa\u00edses en la guerra contra Daesh. No quieren ver a sus soldados volviendo en ata\u00fades. La guerra no es en su suelo. Bajo el barniz del pacifismo pretenden ganar adhesiones pol\u00edticas a nivel nacional.<\/p>\n<p>En el fondo, consideran que la vida de sus compatriotas es m\u00e1s valiosa que la de las mujeres esclavizadas y violadas, la de los ni\u00f1os torturados y la de todos las personas que mueren cada d\u00eda en Siria, Irak o en los pa\u00edses lim\u00edtrofes a las zonas del conflicto. Y, para colmo, se definen como internacionalistas y solidarios.<\/p>\n<p style=\"text-align:justify;\">\n<p style=\"text-align:justify;\">\n","protected":false},"excerpt":{"rendered":"<p>Debateplural.com, comparte con los lectores el interesante art\u00edculo de Luis Rivas, titulado \"2016 \u00bfContinuar\u00e1 el terrorismo su cuenta sangrienta?\", publicado en el portal Sputniknews.com, de fecha 24 de diciembre de 2015. Tras el tr\u00e1gico 2015, para millones de ciudadanos en todo el mundo el terrorismo abre la lista de preocupaciones y miedos. Una de las [&hellip;]<\/p>\n","protected":false},"author":1,"featured_media":8118,"comment_status":"open","ping_status":"open","sticky":false,"template":"","format":"standard","meta":{"footnotes":""},"categories":[14],"tags":[8,45,40,41],"class_list":["post-2728","post","type-post","status-publish","format-standard","has-post-thumbnail","hentry","category-internacionales","tag-estados-unidos","tag-irak","tag-rusia","tag-siria"],"_links":{"self":[{"href":"https:\/\/debateplural.net\/site\/wp-json\/wp\/v2\/posts\/2728"}],"collection":[{"href":"https:\/\/debateplural.net\/site\/wp-json\/wp\/v2\/posts"}],"about":[{"href":"https:\/\/debateplural.net\/site\/wp-json\/wp\/v2\/types\/post"}],"author":[{"embeddable":true,"href":"https:\/\/debateplural.net\/site\/wp-json\/wp\/v2\/users\/1"}],"replies":[{"embeddable":true,"href":"https:\/\/debateplural.net\/site\/wp-json\/wp\/v2\/comments?post=2728"}],"version-history":[{"count":1,"href":"https:\/\/debateplural.net\/site\/wp-json\/wp\/v2\/posts\/2728\/revisions"}],"predecessor-version":[{"id":8119,"href":"https:\/\/debateplural.net\/site\/wp-json\/wp\/v2\/posts\/2728\/revisions\/8119"}],"wp:featuredmedia":[{"embeddable":true,"href":"https:\/\/debateplural.net\/site\/wp-json\/wp\/v2\/media\/8118"}],"wp:attachment":[{"href":"https:\/\/debateplural.net\/site\/wp-json\/wp\/v2\/media?parent=2728"}],"wp:term":[{"taxonomy":"category","embeddable":true,"href":"https:\/\/debateplural.net\/site\/wp-json\/wp\/v2\/categories?post=2728"},{"taxonomy":"post_tag","embeddable":true,"href":"https:\/\/debateplural.net\/site\/wp-json\/wp\/v2\/tags?post=2728"}],"curies":[{"name":"wp","href":"https:\/\/api.w.org\/{rel}","templated":true}]}}