{"id":2731,"date":"2015-12-29T17:50:25","date_gmt":"2015-12-29T17:50:25","guid":{"rendered":"http:\/\/debateplural.com\/?p=2731"},"modified":"2016-06-23T14:14:07","modified_gmt":"2016-06-23T14:14:07","slug":"financial-times-los-grandes-poderes-se-agitan-ante-la-crisis-global","status":"publish","type":"post","link":"https:\/\/debateplural.net\/site\/2015\/12\/29\/financial-times-los-grandes-poderes-se-agitan-ante-la-crisis-global\/","title":{"rendered":"&#8217;Financial Times': Los grandes poderes se agitan ante la crisis global"},"content":{"rendered":"<div id=\"attachment_2732\" style=\"width: 715px\" class=\"wp-caption aligncenter\"><img loading=\"lazy\" decoding=\"async\" aria-describedby=\"caption-attachment-2732\" class=\"size-full wp-image-2732\" src=\"http:\/\/tripletecnologia.com\/website\/debateplural\/wp-content\/uploads\/2015\/12\/crisis-global-1.jpg\" alt=\"Crisis global\" width=\"705\" height=\"397\" \/><p id=\"caption-attachment-2732\" class=\"wp-caption-text\">Crisis global<\/p><\/div>\n<p style=\"text-align:justify;\">Este \u00faltimo a\u00f1o un sentimiento de inquietud se ha apoderado de las principales potencias mundiales, gobiernos y medios de comunicaci\u00f3n, se\u00f1ala Gideon Rachman, periodista de 'Financial Times'.\u00a0<!--more--><\/p>\n<p style=\"text-align:justify;\">En 2015, la ansiedad y los malos presentimientos parecen haberse apoderado del mundo: ning\u00fan pa\u00eds se siente optimista. Esta situaci\u00f3n es algo extra\u00f1a: en los \u00faltimos treinta a\u00f1os siempre ha habido al menos una potencia que se ha mantenido alegre,\u00a0<a href=\"http:\/\/www.ft.com\/intl\/cms\/s\/0\/c523a45a-a973-11e5-955c-1e1d6de94879.html#axzz3vhi98I00\" target=\"_blank\">afirma<\/a> Gideon Rachman, periodista de 'Financial Times'.<\/p>\n<p style=\"text-align:justify;\">A finales de los a\u00f1os ochenta, en Jap\u00f3n disfrutaban del auge industrial y compraban activos; en los noventa, tras la Guerra Fr\u00eda, <a href=\"http:\/\/localhost\/debateplural\/tag\/estados-unidos\">Estados Unidos <\/a>vivi\u00f3 un crecimiento econ\u00f3mico. Para principios de los 2000, la Uni\u00f3n Europea hab\u00eda duplicado\u00a0sus miembros y recibi\u00f3 su moneda \u00fanica. Adem\u00e1s, el creciente poder\u00edo de <a href=\"http:\/\/localhost\/debateplural\/tag\/china\">China<\/a> ha cambiado su papel en la escena internacional.<\/p>\n<p style=\"text-align:justify;\">Sin embargo hoy, incluso los pa\u00edses m\u00e1s grandes, a excepci\u00f3n de la India, donde la \u00e9lite se alegra por las reformas del primer ministro Narendra Modi, se sienten inseguros. As\u00ed, los japoneses est\u00e1n perdiendo la fe en las\u00a0reformas denominadas 'Abenomics', del primer ministro Shinzo Abe, y no ven una salida a la deuda y la deflaci\u00f3n. En China crecen las preocupaciones sobre la estabilidad interna y la crisis de la bolsa. Distintos funcionarios y empresarios temen ser atrapados en una campa\u00f1a contra la corrupci\u00f3n, en el curso de la cual ya fueron detenidas 100.000 personas, indica el periodista.<\/p>\n<p style=\"text-align:justify;\">Mientras tanto, Europa tambi\u00e9n parece estar de luto debido a la <a href=\"https:\/\/actualidad.rt.com\/actualidad\/191383-explosiones-tiroteo-viernes-sangriento-paris\" target=\"_blank\">serie de ataques terroristas<\/a>\u00a0en Par\u00eds, la fuerte crisis econ\u00f3mica que ha llegado a su punto cr\u00edtico relacionado con la\u00a0<a href=\"https:\/\/actualidad.rt.com\/themes\/178830-europa-grexit-grecia-salida-ue-crisis\" target=\"_blank\">situaci\u00f3n de Grecia<\/a>\u00a0y la eurozona, y el\u00a0<a href=\"https:\/\/actualidad.rt.com\/themes\/184498-inmigrantes-ue-crisis-migratoria-refugiados\" target=\"_blank\">flujo migratorio<\/a>\u00a0con el que se ha enfrentado Alemania y que ha causado desacuerdos entre Berl\u00edn y los Estados de Europa Oriental. A esto se suma el hecho de que los franceses se fijan cada vez m\u00e1s en la extrema derecha, y la posibilidad de que el Reino Unido salga de la UE, rumor que se oye cada vez m\u00e1s fuerte.<\/p>\n<p style=\"text-align:justify;\">Asimismo, EE.UU. es el \u00fanico pa\u00eds que deber\u00eda alegrarse, puesto que su expansi\u00f3n econ\u00f3mica contin\u00faa\u00a0creciendo desde hace seis a\u00f1os. Sin embargo, el humor\u00a0que reina en el pa\u00eds no es\u00a0especialmente positivo. Seg\u00fan\u00a0Rachman, la perspectiva de que los republicanos nombren a\u00a0<a href=\"https:\/\/actualidad.rt.com\/actualidad\/167392-sepa-mas-donald-trump\" target=\"_blank\">Donald Trump<\/a>\u00a0como su candidato a la presidencia sugiere que EE.UU. \"no est\u00e1 a gusto consigo mismo\".\u00a0Adem\u00e1s, toda la campa\u00f1a de Trump y la de sus principales rivales se basa en la idea de que EE.UU. est\u00e1 en\u00a0un peligroso declive.<\/p>\n<p style=\"text-align:justify;\">En consecuencia, el sistema pol\u00edtico actual internacional \"se siente como un paciente que todav\u00eda est\u00e1 luchando para recuperarse de una enfermedad grave que comenz\u00f3\u00a0con la crisis financiera de 2008. Si no hay golpes adicionales, la recuperaci\u00f3n proceder\u00e1 gradualmente y los peores s\u00edntomas pol\u00edticos podr\u00edan desaparecer. Sin embargo, el paciente es vulnerable\", concluye el periodista y a\u00f1ade, que \"otro golpe severo como un ataque terrorista o una recesi\u00f3n econ\u00f3mica grave, podr\u00eda significar un verdadero problema\".<\/p>\n","protected":false},"excerpt":{"rendered":"<p>Este \u00faltimo a\u00f1o un sentimiento de inquietud se ha apoderado de las principales potencias mundiales, gobiernos y medios de comunicaci\u00f3n, se\u00f1ala Gideon Rachman, periodista de 'Financial Times'.\u00a0<\/p>\n","protected":false},"author":1,"featured_media":8116,"comment_status":"open","ping_status":"open","sticky":false,"template":"","format":"standard","meta":{"footnotes":""},"categories":[14],"tags":[46,8],"class_list":["post-2731","post","type-post","status-publish","format-standard","has-post-thumbnail","hentry","category-internacionales","tag-china","tag-estados-unidos"],"_links":{"self":[{"href":"https:\/\/debateplural.net\/site\/wp-json\/wp\/v2\/posts\/2731"}],"collection":[{"href":"https:\/\/debateplural.net\/site\/wp-json\/wp\/v2\/posts"}],"about":[{"href":"https:\/\/debateplural.net\/site\/wp-json\/wp\/v2\/types\/post"}],"author":[{"embeddable":true,"href":"https:\/\/debateplural.net\/site\/wp-json\/wp\/v2\/users\/1"}],"replies":[{"embeddable":true,"href":"https:\/\/debateplural.net\/site\/wp-json\/wp\/v2\/comments?post=2731"}],"version-history":[{"count":1,"href":"https:\/\/debateplural.net\/site\/wp-json\/wp\/v2\/posts\/2731\/revisions"}],"predecessor-version":[{"id":8117,"href":"https:\/\/debateplural.net\/site\/wp-json\/wp\/v2\/posts\/2731\/revisions\/8117"}],"wp:featuredmedia":[{"embeddable":true,"href":"https:\/\/debateplural.net\/site\/wp-json\/wp\/v2\/media\/8116"}],"wp:attachment":[{"href":"https:\/\/debateplural.net\/site\/wp-json\/wp\/v2\/media?parent=2731"}],"wp:term":[{"taxonomy":"category","embeddable":true,"href":"https:\/\/debateplural.net\/site\/wp-json\/wp\/v2\/categories?post=2731"},{"taxonomy":"post_tag","embeddable":true,"href":"https:\/\/debateplural.net\/site\/wp-json\/wp\/v2\/tags?post=2731"}],"curies":[{"name":"wp","href":"https:\/\/api.w.org\/{rel}","templated":true}]}}