{"id":27351,"date":"2018-09-03T10:50:57","date_gmt":"2018-09-03T14:50:57","guid":{"rendered":"http:\/\/debateplural.com\/?p=27351"},"modified":"2018-09-03T10:50:57","modified_gmt":"2018-09-03T14:50:57","slug":"solo-un-amplio-frente-politico-social-podria-desplazar-al-pld-del-poder","status":"publish","type":"post","link":"https:\/\/debateplural.net\/site\/2018\/09\/03\/solo-un-amplio-frente-politico-social-podria-desplazar-al-pld-del-poder\/","title":{"rendered":"S\u00f3lo un amplio frente pol\u00edtico-social podr\u00eda desplazar al PLD del poder"},"content":{"rendered":"<p>Juan Bolivar Diaz (Hoy, 1-9-18)<\/p>\n<p>&nbsp;<\/p>\n<p class=\"p1\"><span class=\"s1\">Convencidos de que ning\u00fan partido podr\u00e1 por s\u00ed solo vencer la dominaci\u00f3n pol\u00edtica y social impuesta por el PLD con todos los poderes del Estado, varios agrupamientos de ciudadanos buscan concertar acciones para promover un amplio frente pol\u00edtico-social que genere una sinergia capaz de convertirse en aluvi\u00f3n.<b><\/b><\/span><\/p>\n<p class=\"p1\"><span class=\"s1\">Los grupos sociales profundamente insatisfechos con la gesti\u00f3n gubernamental pelede\u00edsta y fatigados por la corrupci\u00f3n y la impunidad, conf\u00edan en que podr\u00e1n convencer a los partidos opositores de conectarse con las mayor\u00edas sin militancia partidista bajo compromisos para un gobierno de transici\u00f3n democr\u00e1tica y un nuevo modelo de desarrollo.\u00a0<\/span><\/p>\n<p class=\"p1\"><span class=\"s1\"><b>Un movimiento social<\/b><\/span><\/p>\n<p class=\"p1\"><span class=\"s1\">En los \u00faltimos meses proliferan los grupos sociales alentados por las masivas manifestaciones de insatisfacci\u00f3n, cuya mayor expresi\u00f3n es la Marcha Verde, bajo la premisa de que ser\u00e1 necesario darle un contenido pol\u00edtico para buscar restablecer las bases de la democracia, secuestradas por el pelede\u00edsmo, y poner en marcha un nuevo modelo de desarrollo econ\u00f3mico social, sustentable y con mayores y mejores niveles de distribuci\u00f3n.<\/span><\/p>\n<p class=\"p1\"><span class=\"s1\">Se nutren de la insatisfacci\u00f3n de la ciudadan\u00eda con el sistema partidista, registrado en las encuestas, tanto que la \u00faltima de Mark Penn-SIN arroj\u00f3 un 59 por ciento sin v\u00ednculo con los partidos. La insatisfacci\u00f3n se expande particularmente por las clases medias, con tasas de hasta 60 por ciento de los j\u00f3venes que quieren irse del pa\u00eds, pero que no podr\u00e1n porque las fronteras de la migraci\u00f3n se est\u00e1n cerrando por todas partes y no podr\u00e1 repetirse la \u00e9gida de mill\u00f3n y medio de dominicanos de los \u00faltimos 50 a\u00f1os.\u00a0<\/span><\/p>\n<p class=\"p1\"><span class=\"s1\">Algunos de los agrupamientos ya han salido a la luz p\u00fablica como el\u00a0<strong>Movimiento Independiente por el Rescate Democr\u00e1tico (MI-RD)<\/strong>\u00a0que integra a reconocidos profesionales y artistas, como Jos\u00e9 Rijo, Manuel Jim\u00e9nez y Paula Disla; y el\u00a0<strong>Congreso C\u00edvico,<\/strong>\u00a0constituido por viejos luchadores democr\u00e1ticos, ambos con ramificaciones en diversas ciudades. Tambi\u00e9n el\u00a0<strong>Grupo Conciencia Nacional<\/strong>, que aglutina a personalidades como Eulogio Santaella, Enmanuel Esquea, Federico Lalane y Leopoldo Franco Barreras.<\/span><\/p>\n<p class=\"p1\"><span class=\"s1\">Expresan consciencia de que unificar la oposici\u00f3n social y pol\u00edtica es una tarea muy dif\u00edcil, y m\u00e1s a\u00fan la de competir con una corporaci\u00f3n pol\u00edtico-empresarial que no guarda el menor escr\u00fapulo en el abuso de todos los poderes del Estado, como qued\u00f3 documentado en las \u00faltimas elecciones presidenciales.<\/span><\/p>\n<p class=\"p1\"><span class=\"s1\"><b>Las l\u00edneas fundamentales<\/b><\/span><\/p>\n<p class=\"p1\"><span class=\"s1\">Una decena de grupos sociales ya tienen bajo consideraci\u00f3n unos \u201clineamientos b\u00e1sicos para un gobierno de transici\u00f3n democr\u00e1tica que siente las bases de un nuevo modelo de desarrollo econ\u00f3mico y social\u201d, con 12 prioridades pol\u00edticas e institucionales y 7 econ\u00f3micas y sociales. Persiguen restablecer las pr\u00e1cticas democr\u00e1ticas, promoviendo la separaci\u00f3n de los poderes del Estado, la independencia de la justicia y de los mecanismos de control y fiscalizaci\u00f3n, y declarando \u201cguerra total a la corrupci\u00f3n y la impunidad\u201d.\u00a0<\/span><\/p>\n<p class=\"p1\"><span class=\"s1\">El proyecto plantea respuestas a las principales preocupaciones de la sociedad reflejadas en las encuestas, desde la corrupci\u00f3n y la impunidad, a la inseguridad ciudadana, el desempleo, el control de la inmigraci\u00f3n y el colapso de los servicios de salud, de la seguridad social y del transporte, entre otros. Recoge la demanda de un nuevo modelo de desarrollo econ\u00f3mico-social, que revierta el deterioro de la fiscalidad y el desbordamiento del endeudamiento, reivindicando los pactos fiscal y el\u00e9ctrico dispuestos por la Ley de Estrategia de Desarrollo para promover la producci\u00f3n, la productividad y las exportaciones.<\/span><\/p>\n<p class=\"p1\"><span class=\"s1\">En la concertaci\u00f3n de los lineamientos han participado personalidades de los \u00e1mbitos empresariales, religiosos, profesionales y comunitarios, economistas, polit\u00f3logos, soci\u00f3logos y comunicadores que de alguna forma se mov\u00edan en grupos ciudadanos, con la meta de salir a la luz p\u00fablica a m\u00e1s tardar en octubre.<\/span><\/p>\n<p class=\"p1\"><span class=\"s1\"><b>Imposible competencia<\/b><\/span><\/p>\n<p class=\"p1\"><span class=\"s1\"><b><\/b>Los concertadores sociales reconocen lo dif\u00edcil que es en el pa\u00eds montar un frente electoral amplio, por la enorme diversidad de la oposici\u00f3n, porque todos los dirigentes creen que s\u00f3lo pueden ser candidatos presidenciales, por el predominio de los intereses individuales sobre los nacionales y hasta por la capacidad demostrada de los pelede\u00edstas y su inmenso ej\u00e9rcito de comunicadores para intrigar y mantener separados a sus opositores utilizando el poder estatal, financiero y de los organismos electorales.<\/span><\/p>\n<p class=\"p1\"><span class=\"s1\">Aparte de los compromisos program\u00e1ticos, se basan en que no hay posibilidad de competencia democr\u00e1tica, por el abuso del poder estatal en las campa\u00f1as electorales, lo que en el 2016 fue reconocido tarde por los candidatos presidenciales opositores cuando a dos semanas de la votaci\u00f3n acudieron a la Junta Central Electoral para formular reclamos, y ni siquiera lograron ser recibidos por el dirigente del PLD que presid\u00eda ese organismo.<\/span><\/p>\n<p class=\"p1\"><span class=\"s1\">Los informes del movimiento c\u00edvico Participaci\u00f3n Ciudadana (PC) documentaron c\u00f3mo el gobierno en pleno, m\u00e1s de 30 altos funcionarios, se lanz\u00f3 por todo el pa\u00eds, a promover las candidaturas del PLD, que acaparaban tres cuartas partes de la publicidad y<span class=\"Apple-converted-space\">\u00a0\u00a0<\/span>duplicando el gasto publicitario del Estado, con decenas de miles de empleos temporeros de activistas pol\u00edticos y la manipulaci\u00f3n de los programas sociales. El presidente Medina \u201cpuso en marcha\u201d la extensi\u00f3n de la segunda l\u00ednea del metro, que apenas empez\u00f3 a operar dos a\u00f1os despu\u00e9s. La inversi\u00f3n y el gasto del gobierno se concentraba en provincias y municipios donde las encuestas daban m\u00e1s posibilidad a la oposici\u00f3n.\u00a0<\/span><\/p>\n<p class=\"p1\"><span class=\"s1\"><b>Municipios y el Congreso<\/b><\/span><\/p>\n<p class=\"p2\"><span class=\"s1\">El resultado electoral del 2016 mostr\u00f3 que si los partidos de oposici\u00f3n hubiesen concertado candidaturas siquiera en los niveles congresuales y municipales, la concentraci\u00f3n del poder pelede\u00edsta ser\u00eda menor, y hasta que los emergentes o minoritarios habr\u00edan podido conseguir algunos municipios para implementarlos como modelos, y m\u00e1s de los dos diputados que lograron.<\/span><\/p>\n<p class=\"p2\"><span class=\"s1\">En cuanto a las candidaturas presidenciales, Danilo Medina con el 62 por ciento, y Luis Abinader con 35, acapararon el 97 por ciento del sufragio, las restantes 5 apenas el 3 por ciento, justo la proporci\u00f3n del gasto de campa\u00f1a que le arroj\u00f3 la observaci\u00f3n de PC. Y de estos s\u00f3lo Guillermo Moreno pas\u00f3 del 1 por ciento. Las perspectivas no apuntan a un cambio significativo en las posibilidades de competencia.<\/span><\/p>\n<p class=\"p2\"><span class=\"s1\">\u201cNi todos los partidos de oposici\u00f3n juntos desprenden del poder a la corporaci\u00f3n PLD\u201d, sostienen activistas sociales, quienes creen que hay que importantizar todas las candidaturas congresuales y municipales, con los mejores candidatos provenientes de los partidos y de los \u00e1mbitos sociales. En todos los medios se advierte que la oposici\u00f3n carece de un \u201cl\u00edder carism\u00e1tico\u201d que la una y enfervorice a la sociedad, pero eso podr\u00eda convertirse en ventaja para la concertaci\u00f3n y, en caso de una victoria, para que otro presidente no se constituya de inmediato en caudillo insustituible que ignore los compromisos para pretender entronizarse y prolongarse en el poder.\u00a0<\/span><\/p>\n<p><b>Tropiezo reciente por la Ley de Partidos\u00a0<\/b><\/p>\n<p class=\"p1\"><span class=\"s1\">Nadie puede ignorar los obst\u00e1culos a superar para alcanzar un amplio frente pol\u00edtico social. De hecho, los 11 partidos que ven\u00edan concertando oposici\u00f3n desde los \u00faltimos comicios, acaban de tener un tropiezo por la transacci\u00f3n que hizo el mayor, el Revolucionario Moderno (PRM), en aras de la Ley de Partidos, que no fue aceptada por el resto, los cuales publicaron un comunicado de diferenciaci\u00f3n y rechazo, aunque no cerraron las puertas a proseguir concertando.<\/span><\/p>\n<p class=\"p1\"><span class=\"s1\">Primero tendr\u00edan que restaurar la confianza, lo que corresponder\u00e1 al PRM, especialmente el sector de Luis Abinader, que luce con mayor posibilidad de alcanzar la candidatura presidencial. Este y varios de sus dirigentes han planteado repetidas veces la necesidad del frente pol\u00edtico-social, como lo han hecho otros, en especial Guillermo Moreno y Eduardo Estrella. M\u00e1s all\u00e1 de lo que puedan representar los partidos minoritarios, la unidad de prop\u00f3sitos y candidaturas abrir\u00eda expectativas y participaci\u00f3n social que multiplicar\u00eda sinergias y votos.<\/span><\/p>\n<p class=\"p1\"><span class=\"s1\">El desaf\u00edo es grande para todos los insatisfechos con el rumbo de la naci\u00f3n, en los partidos y en la sociedad, pues tendr\u00edan que superar la desconfianza, el sectarismo, la prepotencia de quienes se consideran mejor posicionados y las ambiciones individuales para superar el inmovilismo y el pesimismo, especialmente de las mayor\u00edas j\u00f3venes.-\u00a0<span class=\"Apple-converted-space\">\u00a0 \u00a0 \u00a0<\/span><\/span><\/p>\n","protected":false},"excerpt":{"rendered":"<p>Juan Bolivar Diaz (Hoy, 1-9-18) &nbsp; Convencidos de que ning\u00fan partido podr\u00e1 por s\u00ed solo vencer la dominaci\u00f3n pol\u00edtica y social impuesta por el PLD con todos los poderes del Estado, varios agrupamientos de ciudadanos buscan concertar acciones para promover un amplio frente pol\u00edtico-social que genere una sinergia capaz de convertirse en aluvi\u00f3n. Los grupos [&hellip;]<\/p>\n","protected":false},"author":1,"featured_media":27352,"comment_status":"open","ping_status":"open","sticky":false,"template":"","format":"standard","meta":{"footnotes":""},"categories":[5,12],"tags":[],"class_list":["post-27351","post","type-post","status-publish","format-standard","has-post-thumbnail","hentry","category-nacionales","category-politica-3"],"_links":{"self":[{"href":"https:\/\/debateplural.net\/site\/wp-json\/wp\/v2\/posts\/27351"}],"collection":[{"href":"https:\/\/debateplural.net\/site\/wp-json\/wp\/v2\/posts"}],"about":[{"href":"https:\/\/debateplural.net\/site\/wp-json\/wp\/v2\/types\/post"}],"author":[{"embeddable":true,"href":"https:\/\/debateplural.net\/site\/wp-json\/wp\/v2\/users\/1"}],"replies":[{"embeddable":true,"href":"https:\/\/debateplural.net\/site\/wp-json\/wp\/v2\/comments?post=27351"}],"version-history":[{"count":1,"href":"https:\/\/debateplural.net\/site\/wp-json\/wp\/v2\/posts\/27351\/revisions"}],"predecessor-version":[{"id":27353,"href":"https:\/\/debateplural.net\/site\/wp-json\/wp\/v2\/posts\/27351\/revisions\/27353"}],"wp:featuredmedia":[{"embeddable":true,"href":"https:\/\/debateplural.net\/site\/wp-json\/wp\/v2\/media\/27352"}],"wp:attachment":[{"href":"https:\/\/debateplural.net\/site\/wp-json\/wp\/v2\/media?parent=27351"}],"wp:term":[{"taxonomy":"category","embeddable":true,"href":"https:\/\/debateplural.net\/site\/wp-json\/wp\/v2\/categories?post=27351"},{"taxonomy":"post_tag","embeddable":true,"href":"https:\/\/debateplural.net\/site\/wp-json\/wp\/v2\/tags?post=27351"}],"curies":[{"name":"wp","href":"https:\/\/api.w.org\/{rel}","templated":true}]}}