{"id":2737,"date":"2015-12-29T19:38:24","date_gmt":"2015-12-29T19:38:24","guid":{"rendered":"http:\/\/debateplural.com\/?p=2737"},"modified":"2016-06-23T14:14:03","modified_gmt":"2016-06-23T14:14:03","slug":"putin-amplia-las-sanciones-a-empresas-controladas-por-ciudadanos-turcos","status":"publish","type":"post","link":"https:\/\/debateplural.net\/site\/2015\/12\/29\/putin-amplia-las-sanciones-a-empresas-controladas-por-ciudadanos-turcos\/","title":{"rendered":"Putin ampl\u00eda las sanciones a empresas controladas por ciudadanos turcos"},"content":{"rendered":"<div id=\"attachment_1550\" style=\"width: 715px\" class=\"wp-caption aligncenter\"><img loading=\"lazy\" decoding=\"async\" aria-describedby=\"caption-attachment-1550\" class=\"size-full wp-image-1550\" src=\"http:\/\/tripletecnologia.com\/website\/debateplural\/wp-content\/uploads\/2015\/12\/presidente-de-rusia-vladimir-putin-y-presidete-de-turquia-recep-tayyip-erdoc49fan-1.jpg\" alt=\"presidente de Rusia Vladimir Putin y presidete de Turquia Recep Tayyip Erdo\u011fan\" width=\"705\" height=\"381\" \/><p id=\"caption-attachment-1550\" class=\"wp-caption-text\">presidente de Rusia Vladimir Putin y presidete de Turquia Recep Tayyip Erdo\u011fan<\/p><\/div>\n<p style=\"text-align:justify;\">El presidente de <a href=\"http:\/\/localhost\/debateplural\/tag\/rusia\">Rusia<\/a>, <a href=\"http:\/\/localhost\/debateplural\/tag\/vladimir-putin\">Vladimir Putin<\/a>, ha firmado un decreto por el que extiende las <a href=\"http:\/\/www.elmundo.es\/internacional\/2015\/11\/28\/5659e821268e3e9d1e8b45d6.html\">sanciones econ\u00f3micas impuestas a Turqu\u00eda<\/a> a empresas controladas por ciudadanos turcos <strong>independientemente de su localizaci\u00f3n<\/strong>, han informado este lunes fuentes del Kremlin.<!--more--><\/p>\n<p style=\"text-align:justify;\">La disposici\u00f3n modifica el decreto firmado el 28 de noviembre pasado \"Acerca de las medidas para garantizar la seguridad nacional de Rusia ante acciones criminales y delictivas, as\u00ed como sobre la adopci\u00f3n de <strong>medidas especiales en relaci\u00f3n con la Rep\u00fablica de <\/strong><a href=\"http:\/\/localhost\/debateplural\/tag\/turquia\">Turqu\u00eda<\/a>\".<\/p>\n<p style=\"text-align:justify;\">En su nueva redacci\u00f3n, el decreto ampl\u00eda \"la prohibici\u00f3n o restricciones a empresas controladas por ciudadanos turcos y\/o por organizaciones bajo jurisdicci\u00f3n turca para realizar determinados trabajos en el territorio de Rusia, seg\u00fan un lista elaborada por el Gobierno ruso\".<\/p>\n<p style=\"text-align:justify;\">Anteriormente, <strong>la medida afectaba \u00fanicamente a las empresas sometidas a la jurisdicci\u00f3n de Turqu\u00eda.<\/strong><\/p>\n<p style=\"text-align:justify;\">El nuevo decreto de Putin hace la misma precisi\u00f3n para los contratos con empresas controladas por ciudadanos turcos, que tambi\u00e9n deben ser autorizados por el Gabinete de Ministros.<\/p>\n<p style=\"text-align:justify;\">Las sanciones econ\u00f3micas contra Turqu\u00eda fueron adoptadas en represalia por el\u00a0<a href=\"http:\/\/www.elmundo.es\/internacional\/2015\/11\/24\/56541ce446163f46638b4577.html\">derribo de un bombardero ruso Su-24<\/a> en la frontera turco-siria por aviones turcos, ataque que el Kremlin calific\u00f3 de \"<a href=\"http:\/\/www.elmundo.es\/internacional\/2015\/11\/24\/565460efe2704e236e8b457b.html\">golpe a traici\u00f3n<\/a>\" y \"reto sin precedentes\".<\/p>\n<p style=\"text-align:justify;\">Las medidas fueron anunciadas despu\u00e9s de que Mosc\u00fa exigiera a Ankara disculpas, compensaciones y castigo a los culpables del derribo del avi\u00f3n, que cumpl\u00eda una misi\u00f3n de bombardeo antiterrorista en <a href=\"http:\/\/localhost\/debateplural\/tag\/siria\">Siria<\/a>. Putin orden\u00f3 al Gobierno prohibir los vuelos ch\u00e1rter entre Rusia y Turqu\u00eda, hasta hace poco el segundo destino tur\u00edstico preferido de los rusos despu\u00e9s de Egipto.<\/p>\n<p style=\"text-align:justify;\">Seg\u00fan Rusia, esta medida podr\u00eda significar para el sector tur\u00edstico de Turqu\u00eda la<strong>p\u00e9rdida de hasta 10.000 millones de d\u00f3lares anuales<\/strong>, cifra equivalente al super\u00e1vit turco en el intercambio comercial entre ambos pa\u00edses.<\/p>\n<p style=\"text-align:justify;\">Por el decreto del 28 de noviembre, queda <a href=\"http:\/\/www.elmundo.es\/internacional\/2015\/11\/27\/56586af122601d84408b462b.html\">suspendido a partir del 1 de enero de 2016 el acuerdo de exenci\u00f3n de visados para los ciudadanos turcos<\/a>. \"Nuestro prop\u00f3sito no es renunciar totalmente a la cooperaci\u00f3n con Turqu\u00eda.<strong>Consideramos que se debe dar una respuesta adecuada a la acciones hostiles<\/strong>\", ha apuntado el viceprimer ministro ruso Arkadi Dvork\u00f3vich en declaraciones a la cadena de televisi\u00f3n Ross\u00eda-24.<\/p>\n<p style=\"text-align:justify;\">Seg\u00fan Dvork\u00f3vich, Mosc\u00fa mantendr\u00e1 esta pol\u00edtica <strong>hasta que Ankara no se disculpe<\/strong> por el derribo del bombardero ruso<\/p>\n","protected":false},"excerpt":{"rendered":"<p>El presidente de Rusia, Vladimir Putin, ha firmado un decreto por el que extiende las sanciones econ\u00f3micas impuestas a Turqu\u00eda a empresas controladas por ciudadanos turcos independientemente de su localizaci\u00f3n, han informado este lunes fuentes del Kremlin.<\/p>\n","protected":false},"author":1,"featured_media":0,"comment_status":"open","ping_status":"open","sticky":false,"template":"","format":"standard","meta":{"footnotes":""},"categories":[14],"tags":[40,41,51,42],"class_list":["post-2737","post","type-post","status-publish","format-standard","hentry","category-internacionales","tag-rusia","tag-siria","tag-turquia","tag-vladimir-putin"],"_links":{"self":[{"href":"https:\/\/debateplural.net\/site\/wp-json\/wp\/v2\/posts\/2737"}],"collection":[{"href":"https:\/\/debateplural.net\/site\/wp-json\/wp\/v2\/posts"}],"about":[{"href":"https:\/\/debateplural.net\/site\/wp-json\/wp\/v2\/types\/post"}],"author":[{"embeddable":true,"href":"https:\/\/debateplural.net\/site\/wp-json\/wp\/v2\/users\/1"}],"replies":[{"embeddable":true,"href":"https:\/\/debateplural.net\/site\/wp-json\/wp\/v2\/comments?post=2737"}],"version-history":[{"count":1,"href":"https:\/\/debateplural.net\/site\/wp-json\/wp\/v2\/posts\/2737\/revisions"}],"predecessor-version":[{"id":8113,"href":"https:\/\/debateplural.net\/site\/wp-json\/wp\/v2\/posts\/2737\/revisions\/8113"}],"wp:attachment":[{"href":"https:\/\/debateplural.net\/site\/wp-json\/wp\/v2\/media?parent=2737"}],"wp:term":[{"taxonomy":"category","embeddable":true,"href":"https:\/\/debateplural.net\/site\/wp-json\/wp\/v2\/categories?post=2737"},{"taxonomy":"post_tag","embeddable":true,"href":"https:\/\/debateplural.net\/site\/wp-json\/wp\/v2\/tags?post=2737"}],"curies":[{"name":"wp","href":"https:\/\/api.w.org\/{rel}","templated":true}]}}