{"id":2739,"date":"2015-12-29T20:01:24","date_gmt":"2015-12-29T20:01:24","guid":{"rendered":"http:\/\/debateplural.com\/?p=2739"},"modified":"2016-06-23T14:14:01","modified_gmt":"2016-06-23T14:14:01","slug":"stratfor-considera-inevitable-un-conflicto-ruso-turco-en-2016","status":"publish","type":"post","link":"https:\/\/debateplural.net\/site\/2015\/12\/29\/stratfor-considera-inevitable-un-conflicto-ruso-turco-en-2016\/","title":{"rendered":"Stratfor considera inevitable un conflicto ruso-turco en 2016"},"content":{"rendered":"<div id=\"attachment_2230\" style=\"width: 715px\" class=\"wp-caption aligncenter\"><img loading=\"lazy\" decoding=\"async\" aria-describedby=\"caption-attachment-2230\" class=\"size-full wp-image-2230\" src=\"http:\/\/tripletecnologia.com\/website\/debateplural\/wp-content\/uploads\/2015\/12\/vladimir-putin-y-rayip-1.jpg\" alt=\"Vladimir Putin y Recep Tayyip Erdo\u011fan\" width=\"705\" height=\"569\" \/><p id=\"caption-attachment-2230\" class=\"wp-caption-text\">Vladimir Putin y Recep Tayyip Erdo\u011fan<\/p><\/div>\n<p style=\"text-align:justify;\">Rusia trata de evitar la confrontaci\u00f3n con Turqu\u00eda, pero en 2016 este conflicto es inevitable, revela un pron\u00f3stico de la agencia de inteligencia geoestrat\u00e9gica Stratfor, citado por el diario RBK.<!--more--><br \/>\nStratfor public\u00f3 un informe con un pron\u00f3stico de la situaci\u00f3n pol\u00edtica y econ\u00f3mica en 2016 y, seg\u00fan \u00e9l, las relaciones entre<a href=\"http:\/\/localhost\/debateplural\/tag\/rusia\"> Rusia <\/a>y <a href=\"http:\/\/localhost\/debateplural\/tag\/turquia\">Turqu\u00eda<\/a> seguir\u00e1n deterior\u00e1ndose el a\u00f1o que viene.<\/p>\n<p style=\"text-align:justify;\">Es muy probable que Ankara lance una acci\u00f3n militar en el norte de <a href=\"http:\/\/localhost\/debateplural\/tag\/siria\">Siria<\/a>, as\u00ed como que trate de ampliar su presencia en el norte de <a href=\"http:\/\/localhost\/debateplural\/tag\/irak\">Irak<\/a>, declaran expertos.<\/p>\n<p style=\"text-align:justify;\">A\u00f1aden que el objetivo turco ser\u00e1 no solo combatir a los yihadistas de Daesh \u2013o autodenominado<a href=\"http:\/\/localhost\/debateplural\/tag\/estado-islamico\"> Estado Isl\u00e1mico<\/a>, proscrito en Rusia y varios pa\u00edses m\u00e1s-, sino contener a los kurdos sirios.<\/p>\n<p style=\"text-align:justify;\">Los pron\u00f3sticos dicen que Turqu\u00eda fortalecer\u00e1 su influencia en la regi\u00f3n.<\/p>\n<p style=\"text-align:justify;\">Stratfor advierte que estas acciones aumentar\u00e1n el riesgo de confrontaci\u00f3n de Turqu\u00eda con Ir\u00e1n y Rusia.<\/p>\n<p style=\"text-align:justify;\">\"Lo menos que quiere Rusia es una confrontaci\u00f3n con Turqu\u00eda que custodia los accesos al mar Negro y el Mediterr\u00e1neo, pero no podr\u00e1 evitarla\", dice agencia.<\/p>\n<p style=\"text-align:justify;\">Rusia tambi\u00e9n tratar\u00e1 de llegar a un compromiso con EEUU para frenar un poco \"el adelantamiento de Occidente en el espacio de la antigua URSS\". Washington estar\u00e1 dispuesto a negociar cuestiones t\u00e9cnicas, pero se negar\u00e1 a vincular la lucha antiterrorista con un debate m\u00e1s amplio sobre la estrategia.<\/p>\n<p style=\"text-align:justify;\">Seg\u00fan Stratfor, Rusia est\u00e1 capaz de superar un a\u00f1o m\u00e1s de sanciones, pero \"despu\u00e9s de 2016 amenazar\u00e1n la estabilidad financiera del pa\u00eds y su capacidad de mantener el nivel actual de producci\u00f3n energ\u00e9tica\".<\/p>\n<p style=\"text-align:justify;\">La cotizaci\u00f3n del rublo, advierten los expertos, seguir\u00e1 siendo inestable, lo que intensificar\u00e1 la tensi\u00f3n social y econ\u00f3mica y podr\u00e1 provocar protestas en todo el pa\u00eds.<\/p>\n<p>El pasado 24 de noviembre un caza turco derrib\u00f3 en el espacio a\u00e9reo sirio un avi\u00f3n ruso Su-24 que retornaba a su base tras bombardear objetivos terroristas.<\/p>\n<p style=\"text-align:justify;\">El presidente Vlad\u00edmir Putin calific\u00f3 lo ocurrido como una \"<a href=\"http:\/\/mundo.sputniknews.com\/orientemedio\/20151124\/1054013313\/su24-siria-turquia.html\">pu\u00f1alada por la espalda<\/a>\" por parte de los \"c\u00f3mplices de los terroristas\".<\/p>\n<p style=\"text-align:justify;\">El ataque desencaden\u00f3 una crisis en las relaciones entre Ankara y Mosc\u00fa que respondi\u00f3 con una bater\u00eda de sanciones econ\u00f3micas y desaconsej\u00f3 a ciudadanos rusos visitar Turqu\u00eda.<\/p>\n<p>&nbsp;<\/p>\n","protected":false},"excerpt":{"rendered":"<p>Rusia trata de evitar la confrontaci\u00f3n con Turqu\u00eda, pero en 2016 este conflicto es inevitable, revela un pron\u00f3stico de la agencia de inteligencia geoestrat\u00e9gica Stratfor, citado por el diario RBK.<\/p>\n","protected":false},"author":1,"featured_media":8110,"comment_status":"open","ping_status":"open","sticky":false,"template":"","format":"standard","meta":{"footnotes":""},"categories":[14],"tags":[54,45,40,41,51],"class_list":["post-2739","post","type-post","status-publish","format-standard","has-post-thumbnail","hentry","category-internacionales","tag-estado-islamico","tag-irak","tag-rusia","tag-siria","tag-turquia"],"_links":{"self":[{"href":"https:\/\/debateplural.net\/site\/wp-json\/wp\/v2\/posts\/2739"}],"collection":[{"href":"https:\/\/debateplural.net\/site\/wp-json\/wp\/v2\/posts"}],"about":[{"href":"https:\/\/debateplural.net\/site\/wp-json\/wp\/v2\/types\/post"}],"author":[{"embeddable":true,"href":"https:\/\/debateplural.net\/site\/wp-json\/wp\/v2\/users\/1"}],"replies":[{"embeddable":true,"href":"https:\/\/debateplural.net\/site\/wp-json\/wp\/v2\/comments?post=2739"}],"version-history":[{"count":1,"href":"https:\/\/debateplural.net\/site\/wp-json\/wp\/v2\/posts\/2739\/revisions"}],"predecessor-version":[{"id":8111,"href":"https:\/\/debateplural.net\/site\/wp-json\/wp\/v2\/posts\/2739\/revisions\/8111"}],"wp:featuredmedia":[{"embeddable":true,"href":"https:\/\/debateplural.net\/site\/wp-json\/wp\/v2\/media\/8110"}],"wp:attachment":[{"href":"https:\/\/debateplural.net\/site\/wp-json\/wp\/v2\/media?parent=2739"}],"wp:term":[{"taxonomy":"category","embeddable":true,"href":"https:\/\/debateplural.net\/site\/wp-json\/wp\/v2\/categories?post=2739"},{"taxonomy":"post_tag","embeddable":true,"href":"https:\/\/debateplural.net\/site\/wp-json\/wp\/v2\/tags?post=2739"}],"curies":[{"name":"wp","href":"https:\/\/api.w.org\/{rel}","templated":true}]}}