{"id":27443,"date":"2018-09-06T13:08:16","date_gmt":"2018-09-06T17:08:16","guid":{"rendered":"http:\/\/debateplural.com\/?p=27443"},"modified":"2018-09-06T13:08:16","modified_gmt":"2018-09-06T17:08:16","slug":"casi-me-vuelvo-loco-por-las-torturas-que-sufri-en-guantanamo-9","status":"publish","type":"post","link":"https:\/\/debateplural.net\/site\/2018\/09\/06\/casi-me-vuelvo-loco-por-las-torturas-que-sufri-en-guantanamo-9\/","title":{"rendered":"\"Casi me vuelvo loco por las torturas que sufr\u00ed en Guant\u00e1namo\" (9)"},"content":{"rendered":"<p>Iciar Gutierrez (El Diario, 10-1-18)<\/p>\n<p>&nbsp;<\/p>\n<p class=\"mce\">Mientras responde a las preguntas, a Mohamedou Ould Slahi (Mauritania, 1970) se le escapa alguna palabra en espa\u00f1ol. Lo aprendi\u00f3, dice, de algunos guardias puertorrique\u00f1os y mexicanos de seguridad de Guant\u00e1namo (Cuba). All\u00ed pas\u00f3 14 a\u00f1os de su vida recluido \"sin cargos ni juicio\" en los que fue sometido, denuncia, a todo tipo de malos tratos y tortura por parte de las autoridades de EEUU.<\/p>\n<p class=\"mce\">Este 11 de enero se cumplen 16 a\u00f1os desde\u00a0el traslado de los 20 primeros prisioneros a la c\u00e1rcel estadounidense. Desde entonces, seg\u00fan datos de Amnist\u00eda Internacional,\u00a0779\u00a0personas han pasado por Guant\u00e1namo. En la actualidad, 41 hombres siguen recluidos, 31 de ellos sin haber sido juzgados.<\/p>\n<p class=\"mce\">A\u00a0Slahi lo detuvieron en Mauritania en noviembre de 2001, dos meses despu\u00e9s de los atentados del 11-S.\u00a0El Gobierno\u00a0de EEUU cre\u00eda que Slahi, que hab\u00eda sido miembro de Al Qaeda durante la guerra de Afganist\u00e1n en los 80, continuaba formando parte de\u00a0la organizaci\u00f3n.<\/p>\n<p class=\"mce\">Slahi lo niega y\u00a0asegura\u00a0que \"cort\u00f3 todos los lazos con Al Qaeda\" en 1992. Tras su detenci\u00f3n, estuvo encarcelado durante meses en\u00a0Jordania y\u00a0Afganist\u00e1n antes de ser\u00a0trasladado a la base militar norteamericana, de donde fue finalmente liberado en octubre de 2016.<\/p>\n<p class=\"mce\"><strong class=\"mce\">Se cumplen 16 a\u00f1os desde que los primeros prisioneros llegaron a Guant\u00e1namo. \u00bfC\u00f3mo describir\u00eda esta c\u00e1rcel?<\/strong><\/p>\n<p class=\"mce\">Estados Unidos es una democracia con m\u00e1s de 200 a\u00f1os pero, por alguna raz\u00f3n,\u00a0hubo voces dentro del pa\u00eds que tienen poder y dijeron que esto no funciona, que no van aplicar las leyes y que van a retroceder a una dictadura. Por esta raz\u00f3n se abre Guant\u00e1namo.<\/p>\n<p class=\"mce\">A m\u00ed me secuestraron poco antes, en noviembre de 2001, y me llevaron a una prisi\u00f3n secreta de Jordania. Se sab\u00eda que EEUU capturaba a personas y las dejaba bajo custodia de otros reg\u00edmenes, ha ocurrido en Latinoam\u00e9rica y Oriente Medio. Pero quisieron ir m\u00e1s all\u00e1: hacer una peque\u00f1a dictadura en su propio pa\u00eds donde pueden secuestrar y torturar a personas. Eso es Guant\u00e1namo. La indiferencia total ante las leyes y los est\u00e1ndares internacionales. Donde no hay ley, no tienes derechos, no puedes hablar con un abogado&#8230; como con Franco en Espa\u00f1a.<\/p>\n<p class=\"mce\"><strong class=\"mce\">Usted estuvo encerrado 14 a\u00f1os en Guant\u00e1namo y nunca\u00a0fue acusado de ning\u00fan delito ni fue llevado a juicio.<\/strong><\/p>\n<p class=\"mce\">Exacto. Y eso, en Guant\u00e1namo, es algo muy perverso. \u00bfSabes por qu\u00e9?<\/p>\n<p class=\"mce\"><strong class=\"mce\">\u00bfPor qu\u00e9?<\/strong><\/p>\n<p class=\"mce\">Porque si no has cometido ning\u00fan crimen, no puedes ir a los tribunales. Y entonces no hay sentencia. Y entonces no hay un periodo de tiempo, no sabes cu\u00e1ndo te ir\u00e1s a casa. La gente que es acusada y\u00a0condenada cumple su condena y sale. Pero la gente que no ha hecho nada se queda varada. Por eso hay quien dice que para salir de Guant\u00e1namo, debes haber cometido un crimen.<\/p>\n<p class=\"mce\"><strong class=\"mce\">Seg\u00fan ha denunciado, fue sometido a todo tipo de torturas, especialmente durante el r\u00e9gimen de interrogatorio aprobado\u00a0por\u00a0el secretario de Defensa, Donald Rumsfeld.<\/strong><\/p>\n<p class=\"mce\">Empez\u00f3 lentamente. Me llevaron a dos prisiones secretas en Jordania y en Bagram (Afganist\u00e1n). Cuando llegu\u00e9 a Guant\u00e1namo, estaba feliz. \"No habr\u00e1 m\u00e1s torturas\", me dec\u00eda, porque esto es EEUU y hab\u00eda visto pel\u00edculas\u00a0del tipo\u00a0<em class=\"mce\">Ley y Orden<\/em>\u00a0y, ya sabes, \"Am\u00e9rica era un Estado de Derecho\". Pensaba que\u00a0me iban a llevar ante\u00a0un juez a decirle que no hab\u00eda hecho nada, que no pod\u00edan probar lo contrario. Lo cre\u00eda desde lo m\u00e1s profundo de mi coraz\u00f3n.<\/p>\n<p class=\"mce\">Pero lejos de eso, no ten\u00eda abogado y los interrogadores trajeron a su equipo de tortura, liderado por un detective de la polic\u00eda de Chicago, Richard Zuley. Me dijo que iban a traer a mi madre a Guant\u00e1namo, insinuando que iban a violarla. Me asust\u00e9 mucho. Durante 70 d\u00edas no pude dormir, no me dieron apenas de comer. Nada. Interrogatorio durante las 24 horas, siete d\u00edas a la semana. Me expusieron a m\u00fasica heavy metal a todo volumen. Te tra\u00edan a mujeres y te forzaban a que tuvieras sexo con ellas. Me sent\u00ed muy dolido.<\/p>\n<p class=\"mce\"><strong class=\"mce\">Como consecuencia, dice, se acab\u00f3\u00a0autoinculpando. \u00bfPor qu\u00e9?<\/strong><\/p>\n<p class=\"mce\">Estaba destrozado. Despu\u00e9s de dos a\u00f1os de constantes torturas dije \"basta, ya est\u00e1, os dir\u00e9 lo que quer\u00e1is\". Entonces confes\u00e9. Les dije que era culpable y me obligaron a escribirlo y firmarlo. Me hablaron de pena de muerte. \u00bfTe imaginas lo que es saber que no has hecho nada y que te est\u00e9n diciendo que te van a matar? Era surrealista y yo era como un ladrillo, sentado ah\u00ed, sin moverme.<\/p>\n<p class=\"mce\"><strong class=\"mce\">Estuvo\u00a0un a\u00f1o sin ver la luz del sol. Como consecuencia de los malos tratos, seg\u00fan ha relatado, desarroll\u00f3 problemas mentales.<\/strong><\/p>\n<p class=\"mce\">S\u00ed, casi me vuelvo loco. O\u00eda voces en mi cabeza de mi familia que me hablaba, incluso m\u00fasica. Trajeron a un doctor que me\u00a0puso una medicaci\u00f3n muy peligrosa porque era narc\u00f3tica. Un d\u00eda estaba muy feliz y al d\u00eda siguiente completamente apagado.<\/p>\n<p class=\"mce\"><strong class=\"mce\">Tambi\u00e9n escribi\u00f3 un diario que despu\u00e9s se public\u00f3,\u00a0<em class=\"mce\">Diario de Guant\u00e1namo.<\/em>\u00bfFue una v\u00eda de escape?<\/strong><\/p>\n<p class=\"mce\">Siempre he querido ser escritor, desde que era un ni\u00f1o. Pero se me daban mejor las matem\u00e1ticas, son m\u00e1s sencillas (risas). En Guant\u00e1namo escrib\u00eda mucho, sol\u00eda robar bol\u00edgrafos porque no nos dejaban tenerlos. Cuando me permitieron ver a una abogada, despu\u00e9s de cuatro a\u00f1os, le escrib\u00ed cartas durante tres meses, pero el Gobierno se neg\u00f3: no pod\u00eda existir una versi\u00f3n escrita de lo que ocurr\u00eda.<\/p>\n<p class=\"mce\"><strong class=\"mce\">Finalmente, fue liberado el 17 de octubre de 2016, despu\u00e9s de que las autoridades concluyeran que\u00a0\"no representaba ninguna amenaza significativa para EEUU\".\u00a0\u00bfC\u00f3mo recuerda\u00a0aquel d\u00eda?<\/strong><\/p>\n<p class=\"mce\">Siento decir esto, pero mi pensamiento fue: \"\u00a1Que les jodan!\". Estaba muy enfadado porque nunca he sido una amenaza para nadie. Nunca he hecho da\u00f1o a nadie, nunca he matado a nadie. No importa si eres musulm\u00e1n, \u00e1rabe, latino, negro o blanco. Si el Gobierno de EEUU dice que eres mala persona, eres una mala persona. Y no puedes hacer nada.<\/p>\n<p class=\"mce\"><strong class=\"mce\">Tras ser liberado, regres\u00f3 a Mauritania. \u00bfC\u00f3mo es su vida ahora?<\/strong><\/p>\n<p class=\"mce\">Es mucho mejor que en la c\u00e1rcel (risas). Pero no puedo salir del pa\u00eds, no me han devuelto los papeles. Dir\u00eda que soy escritor, pero es una forma elegante de decir que no tengo trabajo.<\/p>\n<p class=\"mce\"><strong class=\"mce\">\u00bfEs posible superar una experiencia como la suya?<\/strong><\/p>\n<p class=\"mce\">No. Es parte de ti. Mucha gente me dice que soy f\u00e1cilmente irritable. Al principio tuve problemas al tratar con mi familia. Siempre que estoy en una habitaci\u00f3n cerrada, revivo la experiencia en la c\u00e1rcel. Un buen cierre ser\u00eda poder ir a EEUU y decir al Gobierno que se equivoc\u00f3 y pedir justicia. Pero no es posible.<\/p>\n<p class=\"mce\"><strong class=\"mce\">Obama prometi\u00f3 que cerrar\u00eda Guant\u00e1namo, pero no lo cumpli\u00f3.\u00a0Trump ha llegado a defender que la tortura \"es efectiva\" y\u00a0dijo\u00a0que\u00a0ampliar\u00eda la c\u00e1rcel para llenarla, en sus palabras, de \"tipos malos\". \u00bfQu\u00e9 opina?<\/strong><\/p>\n<p class=\"mce\">Cuando Obama lleg\u00f3 al Gobierno yo estaba muy contento, todos lo est\u00e1bamos, pero un agente de inteligencia me dijo: \"No, no lo van cerrar\". Y Trump&#8230; es un loco. He le\u00eddo\u00a0<em class=\"mce\">Fire and Fury\u00a0<\/em>y es aterrador, es como si dentro de la Casa Blanca estuviera la Cosa Nostra. No es bueno para la poblaci\u00f3n estadounidense que la prisi\u00f3n siga abierta, porque no sirve, porque la gente malgasta su vida all\u00ed. Si han hecho algo mal, los llevas a los juzgados y pruebas que son culpables.<\/p>\n<p class=\"mce\">Me han robado 15 a\u00f1os de mi vida, pero no me han derrotado. No les guardo rencor. Les perdono a todos, lo juro. Soy un hombre feliz. Solo me gustar\u00eda decirle a todos los gobiernos que presionen al presidente de EEUU para que cierre Guant\u00e1namo. Porque va contra la ley y porque no respeta la dignidad humana.<\/p>\n","protected":false},"excerpt":{"rendered":"<p>Iciar Gutierrez (El Diario, 10-1-18) &nbsp; Mientras responde a las preguntas, a Mohamedou Ould Slahi (Mauritania, 1970) se le escapa alguna palabra en espa\u00f1ol. Lo aprendi\u00f3, dice, de algunos guardias puertorrique\u00f1os y mexicanos de seguridad de Guant\u00e1namo (Cuba). All\u00ed pas\u00f3 14 a\u00f1os de su vida recluido \"sin cargos ni juicio\" en los que fue sometido, [&hellip;]<\/p>\n","protected":false},"author":1,"featured_media":27444,"comment_status":"open","ping_status":"open","sticky":false,"template":"","format":"standard","meta":{"footnotes":""},"categories":[14,12],"tags":[],"class_list":["post-27443","post","type-post","status-publish","format-standard","has-post-thumbnail","hentry","category-internacionales","category-politica-3"],"_links":{"self":[{"href":"https:\/\/debateplural.net\/site\/wp-json\/wp\/v2\/posts\/27443"}],"collection":[{"href":"https:\/\/debateplural.net\/site\/wp-json\/wp\/v2\/posts"}],"about":[{"href":"https:\/\/debateplural.net\/site\/wp-json\/wp\/v2\/types\/post"}],"author":[{"embeddable":true,"href":"https:\/\/debateplural.net\/site\/wp-json\/wp\/v2\/users\/1"}],"replies":[{"embeddable":true,"href":"https:\/\/debateplural.net\/site\/wp-json\/wp\/v2\/comments?post=27443"}],"version-history":[{"count":1,"href":"https:\/\/debateplural.net\/site\/wp-json\/wp\/v2\/posts\/27443\/revisions"}],"predecessor-version":[{"id":27445,"href":"https:\/\/debateplural.net\/site\/wp-json\/wp\/v2\/posts\/27443\/revisions\/27445"}],"wp:featuredmedia":[{"embeddable":true,"href":"https:\/\/debateplural.net\/site\/wp-json\/wp\/v2\/media\/27444"}],"wp:attachment":[{"href":"https:\/\/debateplural.net\/site\/wp-json\/wp\/v2\/media?parent=27443"}],"wp:term":[{"taxonomy":"category","embeddable":true,"href":"https:\/\/debateplural.net\/site\/wp-json\/wp\/v2\/categories?post=27443"},{"taxonomy":"post_tag","embeddable":true,"href":"https:\/\/debateplural.net\/site\/wp-json\/wp\/v2\/tags?post=27443"}],"curies":[{"name":"wp","href":"https:\/\/api.w.org\/{rel}","templated":true}]}}