{"id":2747,"date":"2015-12-30T15:41:50","date_gmt":"2015-12-30T15:41:50","guid":{"rendered":"http:\/\/debateplural.com\/?p=2747"},"modified":"2016-06-23T14:13:55","modified_gmt":"2016-06-23T14:13:55","slug":"las-intrigantes-preguntas-que-plantea-este-2016","status":"publish","type":"post","link":"https:\/\/debateplural.net\/site\/2015\/12\/30\/las-intrigantes-preguntas-que-plantea-este-2016\/","title":{"rendered":"Las intrigantes preguntas que plantea este 2016"},"content":{"rendered":"<div id=\"attachment_2710\" style=\"width: 715px\" class=\"wp-caption aligncenter\"><img loading=\"lazy\" decoding=\"async\" aria-describedby=\"caption-attachment-2710\" class=\"size-full wp-image-2710\" src=\"http:\/\/tripletecnologia.com\/website\/debateplural\/wp-content\/uploads\/2015\/12\/eventos-fundamentales-del-ac3b1o-2015-2.jpg\" alt=\"Sucesos principales del a\u00f1o 2015\" width=\"705\" height=\"397\" \/><p id=\"caption-attachment-2710\" class=\"wp-caption-text\">Sucesos principales del a\u00f1o 2015<\/p><\/div>\n<p style=\"text-align:justify;\">En el \u00faltimo programa de 2015, 'El zoom' se atreve a conjeturar sobre c\u00f3mo ser\u00e1 nuestro mundo el a\u00f1o que viene. Junto con Javier Rodr\u00edguez Carrasco, varios expertos har\u00e1n sus pron\u00f3sticos personales sobre asuntos como la lucha contra el <a href=\"http:\/\/localhost\/debateplural\/tag\/estado-islamico\">Estado Isl\u00e1mico<\/a>, la guerra econ\u00f3mica, la pol\u00edtica internacional, los conflictos armados o las relaciones entre <a href=\"http:\/\/localhost\/debateplural\/tag\/rusia\">Rusia<\/a> y la <a href=\"http:\/\/localhost\/debateplural\/tag\/otan\">OTAN<\/a>. \u00bfCu\u00e1les son sus previsiones? \u00bfSe solucionar\u00e1 el problema de Ucrania? \u00bfSer\u00e1 Palestina un Estado soberano? \u00bfAcabar\u00e1 la guerra en <a href=\"http:\/\/localhost\/debateplural\/tag\/siria\">Siria<\/a>?<!--more--><\/p>\n<p><iframe loading=\"lazy\" width=\"810\" height=\"456\" src=\"https:\/\/www.youtube.com\/embed\/6WCdjwLN25Y?feature=oembed\" frameborder=\"0\" allowfullscreen><\/iframe><\/p>\n<p><strong>La amenaza del Estado Isl\u00e1mico<\/strong><\/p>\n<p style=\"text-align:justify;\">\"El concepto de <a href=\"https:\/\/actualidad.rt.com\/actualidad\/181298-ei-estado-islamico-terrorismo\" target=\"_blank\">Estado Isl\u00e1mico<\/a>\u00a0ha sido uno de los m\u00e1s pronunciados a lo largo del 2015 y eso teniendo en cuenta que no se trata ni tan siquiera de un Estado real en s\u00ed mismo. Sus asesinatos, las revelaciones sobre su <a href=\"https:\/\/actualidad.rt.com\/actualidad\/186174-unesco-fuentes-financiacion-estado-islamico\" target=\"_blank\">financiaci\u00f3n<\/a>, los <a href=\"https:\/\/actualidad.rt.com\/actualidad\/191392-informacion-viernes-sangriento-paris\" target=\"_blank\">actos terroristas<\/a>\u00a0de Par\u00eds, el <a href=\"https:\/\/actualidad.rt.com\/actualidad\/162643-francia-ataque-mezquita-granadas-paris\" target=\"_blank\">ataque<\/a>\u00a0a 'Charlie Hebd\u00f3' o el artefacto en el avi\u00f3n ruso de pasajeros que cay\u00f3 en la pen\u00ednsula del Sina\u00ed son solo algunos de los ejemplos de sus atrocidades\", dice el presentador del programa de RT 'El zoom', Javier Rodr\u00edguez Carrasco.<\/p>\n<p style=\"text-align:justify;\">Seg\u00fan\u00a0Alex\u00e9i Pilk\u00f3, director del Centro de Comunicaci\u00f3n Euroasi\u00e1tico, este a\u00f1o \"se ha logrado un gran avance\" en la lucha contra el grupo terrorista.\u00a0\"Por primera vez surgi\u00f3 la esperanza de crear amplias coaliciones contra el Estado Isl\u00e1mico. Rusia combate firmemente el terrorismo internacional en el territorio sirio.\u00a0El momento culminante de influencia del Estado Isl\u00e1mico ha pasado; ahora empieza la agon\u00eda\", sostiene.<\/p>\n<p style=\"text-align:justify;\">Adem\u00e1s, el experto a\u00f1ade que si\u00a0se elimina la figura de <a href=\"https:\/\/actualidad.rt.com\/actualidad\/169246-bashar-assad-presidente-siria\" target=\"_blank\">Bashar al Assad<\/a>\u00a0del tablero de juego, \"todo ir\u00e1 como en Somalia\".<\/p>\n<p><strong>Oriente Pr\u00f3ximo, \u00bfuna olla a presi\u00f3n a punto de estallar?\u00a0<\/strong><\/p>\n<p style=\"text-align:justify;\">Pilk\u00f3 sostiene que se\u00a0podr\u00eda desatar un conflicto de grandes dimensiones en el futuro por la inestabilidad en\u00a0Oriente Pr\u00f3ximo \"provocado por una actitud predecible e irresponsable de algunos actores\" e indica \"como prueba m\u00e1s reciente\" el incidente del avi\u00f3n Su-24 que\u00a0<a href=\"https:\/\/actualidad.rt.com\/actualidad\/192427-derribo-bombardero-ruso-su24-siria-crolologia\" target=\"_blank\">derrib\u00f3<\/a>\u00a0<a href=\"http:\/\/localhost\/debateplural\/tag\/turquia\">Turqu\u00eda<\/a>.<\/p>\n<p style=\"text-align:justify;\">El experto indica que para solucionar los problemas de esta regi\u00f3n \"es necesario alcanzar un consenso internacional\". \"Se necesita una actitud muy responsable por parte de todos los actores internacionales\".<\/p>\n<p style=\"text-align:justify;\">\"Hemos observado en los \u00faltimos cinco o seis a\u00f1os el derrocamiento de varios reg\u00edmenes tradicionales \u00e1rabes, un abierto apoyo exterior para destituir a Gadaffi, a Mubarak, los sucesos tr\u00e1gicos que siguen teniendo lugar en Yemen. (&#8230;) Primero armaron un caos y ahora hace falta arreglarlo\", sentencia.<\/p>\n<p><strong>Refugiados, entre la espada y la pared<\/strong><\/p>\n<p style=\"text-align:justify;\">Seg\u00fan apunta el anfitri\u00f3n de 'El zoom', una de las consecuencias inmediatas de la encrucijada que vive Oriente Pr\u00f3ximo ha sido la crisis migratoria. \"Parece que este 2016 ser\u00e1 una a\u00f1o de cambios a la hora de percibir la identidad de los pa\u00edses, de entender la socializaci\u00f3n, de asimilar los cambios demogr\u00e1ficos\", expresa.<\/p>\n<p style=\"text-align:justify;\">El\u00a0diputado espa\u00f1ol de Izquierda Unida y miembro de la Comisi\u00f3n de Seguridad y Defensa del Parlamento Europeo Javier Couso sostiene que las alusiones al supuesto cambio de identidad de la Uni\u00f3n Europea por la ola de migraci\u00f3n \"es propaganda y de la mas peligrosa, de la extrema derecha xen\u00f3foba\".<\/p>\n<p style=\"text-align:justify;\">Couso indica que \"hay una utilizaci\u00f3n pol\u00edtica de todo este tema\". \"<a href=\"https:\/\/actualidad.rt.com\/actualidad\/164978-angela-merkel-alemania-canciller\" target=\"_blank\">Angela Merkel<\/a>\u00a0entend\u00eda a nivel econ\u00f3mico, pero como le va mal en las encuestas porque los alemanes en su mayor\u00eda no aceptan de buen grado ese acceso a los refugiados, ahora da marcha atr\u00e1s\", explica el parlamentario, a\u00f1adiendo que \"es una pena que por electoralismo se cambie una de las cosas buenas que ten\u00eda la Uni\u00f3n Europea\".<\/p>\n<p style=\"text-align:justify;\"><strong>Previsi\u00f3n econ\u00f3mica, \u00bfun periodo id\u00e9ntico a la Gran Depresi\u00f3n?<\/strong><\/p>\n<p style=\"text-align:justify;\">\"El a\u00f1o 2016 va a ser un a\u00f1o muy complicado\", alerta el economista\u00a0Santiago Ni\u00f1o Becerra.\u00a0\"Los pol\u00edticos nos est\u00e1n vendiendo la idea de que vamos viviendo peque\u00f1as recuperaciones y peque\u00f1as ca\u00eddas y yo pienso que esto no es cierto. Estamos viviendo un periodo que es estructuralmente id\u00e9ntico al de la Gran Depresi\u00f3n de 1929&#8243;, asegura.<\/p>\n<p style=\"text-align:justify;\">Seg\u00fan el economista, actualmente contin\u00faan los est\u00edmulos y los tipos de inter\u00e9s siguen bajos, \"pero tenemos un problema enorme que es el problema de la deuda\", que \"no se est\u00e1 digiriendo\".<\/p>\n<p style=\"text-align:justify;\">\"Siempre he defendido que Europa deber\u00eda acercarse a Rusia. Pienso que son dos bloques que deber\u00edan colaborar (\u2026) y utilizar el resto, es decir, EE.UU., Am\u00e9rica, Jap\u00f3n, China\u2026 para llegar a una pol\u00edtica de consenso al menos monetario\", indica el experto, a\u00f1adiendo que \"si el planeta se pusiera de acuerdo en establecer una unidad monetaria de cuenta, vinculando sus propias monedas, para tener una unidad de medida para el comercio internacional ser\u00eda un avance espectacular\".<\/p>\n<p><strong>2016, \u00bfmarcado por un conflicto de grandes dimensiones?<\/strong><\/p>\n<p style=\"text-align:justify;\">\"Parece que todo apunta a que el 2016 ser\u00e1 un a\u00f1o marcado por un conflicto de grandes dimensiones. El panorama internacional lleva m\u00e1s de dos a\u00f1os, desde las primaveras \u00e1rabes, en clara evoluci\u00f3n. Con la invasi\u00f3n de Irak y Afganist\u00e1n se ha desestabilizado gravemente lo que se conoc\u00eda como Oriente\", destaca el\u00a0coronel Jos\u00e9 Manrique Garc\u00eda, exjefe de la secci\u00f3n de intereses de EE.UU. en Cuba.<\/p>\n<p style=\"text-align:justify;\">Seg\u00fan el experto, el enfrentamiento global esta propiciado \"por la situaci\u00f3n de crisis de EE.UU., adem\u00e1s del natural inter\u00e9s de esta naci\u00f3n de hacerse con la mayor parte de los recursos naturales\".\u00a0\"Este a\u00f1o hemos estado en unas situaciones muy graves. Todo apunta a que se encrestar\u00e1\", sentencia.<\/p>\n","protected":false},"excerpt":{"rendered":"<p>En el \u00faltimo programa de 2015, 'El zoom' se atreve a conjeturar sobre c\u00f3mo ser\u00e1 nuestro mundo el a\u00f1o que viene. Junto con Javier Rodr\u00edguez Carrasco, varios expertos har\u00e1n sus pron\u00f3sticos personales sobre asuntos como la lucha contra el Estado Isl\u00e1mico, la guerra econ\u00f3mica, la pol\u00edtica internacional, los conflictos armados o las relaciones entre Rusia [&hellip;]<\/p>\n","protected":false},"author":1,"featured_media":8104,"comment_status":"open","ping_status":"open","sticky":false,"template":"","format":"standard","meta":{"footnotes":""},"categories":[14],"tags":[54,38,40,41,51],"class_list":["post-2747","post","type-post","status-publish","format-standard","has-post-thumbnail","hentry","category-internacionales","tag-estado-islamico","tag-otan","tag-rusia","tag-siria","tag-turquia"],"_links":{"self":[{"href":"https:\/\/debateplural.net\/site\/wp-json\/wp\/v2\/posts\/2747"}],"collection":[{"href":"https:\/\/debateplural.net\/site\/wp-json\/wp\/v2\/posts"}],"about":[{"href":"https:\/\/debateplural.net\/site\/wp-json\/wp\/v2\/types\/post"}],"author":[{"embeddable":true,"href":"https:\/\/debateplural.net\/site\/wp-json\/wp\/v2\/users\/1"}],"replies":[{"embeddable":true,"href":"https:\/\/debateplural.net\/site\/wp-json\/wp\/v2\/comments?post=2747"}],"version-history":[{"count":1,"href":"https:\/\/debateplural.net\/site\/wp-json\/wp\/v2\/posts\/2747\/revisions"}],"predecessor-version":[{"id":8105,"href":"https:\/\/debateplural.net\/site\/wp-json\/wp\/v2\/posts\/2747\/revisions\/8105"}],"wp:featuredmedia":[{"embeddable":true,"href":"https:\/\/debateplural.net\/site\/wp-json\/wp\/v2\/media\/8104"}],"wp:attachment":[{"href":"https:\/\/debateplural.net\/site\/wp-json\/wp\/v2\/media?parent=2747"}],"wp:term":[{"taxonomy":"category","embeddable":true,"href":"https:\/\/debateplural.net\/site\/wp-json\/wp\/v2\/categories?post=2747"},{"taxonomy":"post_tag","embeddable":true,"href":"https:\/\/debateplural.net\/site\/wp-json\/wp\/v2\/tags?post=2747"}],"curies":[{"name":"wp","href":"https:\/\/api.w.org\/{rel}","templated":true}]}}