{"id":2749,"date":"2015-12-30T17:34:58","date_gmt":"2015-12-30T17:34:58","guid":{"rendered":"http:\/\/debateplural.com\/?p=2749"},"modified":"2016-06-23T14:13:50","modified_gmt":"2016-06-23T14:13:50","slug":"ayude-a-crear-el-estado-islamico-confesiones-chocantes-de-un-exmarine-de-ee-uu","status":"publish","type":"post","link":"https:\/\/debateplural.net\/site\/2015\/12\/30\/ayude-a-crear-el-estado-islamico-confesiones-chocantes-de-un-exmarine-de-ee-uu\/","title":{"rendered":"\"Ayud\u00e9 a crear el Estado Isl\u00e1mico\": Confesiones chocantes de un exmarine de EE.UU."},"content":{"rendered":"<div id=\"attachment_2750\" style=\"width: 630px\" class=\"wp-caption aligncenter\"><img loading=\"lazy\" decoding=\"async\" aria-describedby=\"caption-attachment-2750\" class=\"size-full wp-image-2750\" src=\"http:\/\/tripletecnologia.com\/website\/debateplural\/wp-content\/uploads\/2015\/12\/vincent-emanuele-ex-marine-eeuu-1.jpg\" alt=\"Vincent Emanuele  ex marine EEUU\" width=\"620\" height=\"409\" \/><p id=\"caption-attachment-2750\" class=\"wp-caption-text\">Vincent Emanuele ex marine EEUU<\/p><\/div>\n<p style=\"text-align:justify;\">El veterano de guerra explica en un art\u00edculo sus motivos para confesar las torturas y el maltrato de inocentes durante la \u00faltima contienda en <a href=\"http:\/\/localhost\/debateplural\/tag\/irak\">Irak<\/a>.\u00a0<!--more--><\/p>\n<p style=\"text-align:justify;\">\"He visto a mis compa\u00f1eros marines matar a personas inocentes, torturar a civiles inocentes, destruir la propiedad, mutilar cad\u00e1veres, re\u00edr y tomar fotos de las personas mientras hac\u00edan todo esto\", <a href=\"https:\/\/www.rt.com\/usa\/327404-usa-helped-create-isis-marine\/\" target=\"_blank\">confiesa a RT<\/a>\u00a0Vincent Emanuele, exmarine de <a href=\"http:\/\/localhost\/debateplural\/tag\/estados-unidos\">Estados Unidos <\/a>que particip\u00f3 en la guerra en Irak.<\/p>\n<p style=\"text-align:justify;\">Hace dos semanas, tras 10 a\u00f1os de reflexi\u00f3n y activismo, el exmarine\u00a0<a href=\"http:\/\/www.globalresearch.ca\/i-helped-create-isis-testimony-of-iraq-war-veteran\/5496841\" target=\"_blank\">public\u00f3<\/a>\u00a0el art\u00edculo 'I helped create ISIS: testimony of an Iraq war veteran' (&#8217;yo ayud\u00e9 a crear el <a href=\"http:\/\/localhost\/debateplural\/tag\/estado-islamico\">Estado Isl\u00e1mico<\/a>: testimonio de un veterano de la Guerra de Irak').<\/p>\n<p style=\"text-align:justify;\">\"Mis pesadillas y mis reflexiones diarias me recuerdan de qu\u00e9 naci\u00f3 el EI y por qu\u00e9 concretamente nos odia\", confes\u00f3 Emanuele en su texto, en el que describi\u00f3 las torturas, la violencia y el maltrato por parte de soldados estadounidenses a los iraqu\u00edes, ni\u00f1os entre ellos, a menudo por diversi\u00f3n.<\/p>\n<p style=\"text-align:justify;\">En el texto el activista recuerda c\u00f3mo tiraba los desperdicios de la comida desde su veh\u00edculos armados en Irak y c\u00f3mo sus compa\u00f1eros lanzaban botellas llenas de orina y otra basura a los ni\u00f1os. Confiesa que no sirvi\u00f3 en ning\u00fan campo de detenci\u00f3n, pero recuerda las historias sobre torturas, incluso sexuales, que ten\u00edan lugar en estos, donde serv\u00edan los \"adolescentes\" de EE.UU.<\/p>\n<p style=\"text-align:justify;\">\"Conocemos a un exrecluso que sobrevivi\u00f3 [a uno de estos campos]: Abu Bakr al Baghdadi, el l\u00edder del EI\", resalta.<\/p>\n<p style=\"text-align:justify;\">\"Sab\u00eda que lo que ve\u00eda estaba mal, sab\u00eda que era inmoral, sab\u00eda que era injusto, sab\u00eda que era ilegal\", explica Emanuele. \"Sab\u00eda que \u00edbamos a sufrir graves consecuencias en forma de contragolpe como lo que estamos viendo con el Estado Isl\u00e1mico\", agrega.<\/p>\n<p style=\"text-align:justify;\">Despu\u00e9s de\u00a0a\u00f1os de autoformaci\u00f3n y contacto con otros activistas, el exmarine lleg\u00f3 a la conclusi\u00f3n de que el problema iba m\u00e1s all\u00e1 de la guerra en Irak. En su opini\u00f3n, el verdadero problema es el largo historial de agresiones de EE.UU. no solamente en Oriente Pr\u00f3ximo, Norte de \u00c1frica, Afganist\u00e1n, Vietnam, Corea, sino tambi\u00e9n \"los cientos de a\u00f1os de pr\u00e1cticas genocidas\": matar a los abor\u00edgenes, esclavizar a los afroamericanos, los intentos de dominar en Am\u00e9rica Latina, robar la mitad del territorio mexicano, etc\u00e9tera.<\/p>\n<p style=\"text-align:justify;\">\"Tenemos que reexaminar cuidadosamente el papel que EE.UU. ha tenido en el mundo\", explica, y denuncia que es algo que los pol\u00edticos y los medios convencionales de Occidente nunca han querido hacer.<\/p>\n","protected":false},"excerpt":{"rendered":"<p>El veterano de guerra explica en un art\u00edculo sus motivos para confesar las torturas y el maltrato de inocentes durante la \u00faltima contienda en Irak.\u00a0<\/p>\n","protected":false},"author":1,"featured_media":8102,"comment_status":"open","ping_status":"open","sticky":false,"template":"","format":"standard","meta":{"footnotes":""},"categories":[14],"tags":[54,8,45],"class_list":["post-2749","post","type-post","status-publish","format-standard","has-post-thumbnail","hentry","category-internacionales","tag-estado-islamico","tag-estados-unidos","tag-irak"],"_links":{"self":[{"href":"https:\/\/debateplural.net\/site\/wp-json\/wp\/v2\/posts\/2749"}],"collection":[{"href":"https:\/\/debateplural.net\/site\/wp-json\/wp\/v2\/posts"}],"about":[{"href":"https:\/\/debateplural.net\/site\/wp-json\/wp\/v2\/types\/post"}],"author":[{"embeddable":true,"href":"https:\/\/debateplural.net\/site\/wp-json\/wp\/v2\/users\/1"}],"replies":[{"embeddable":true,"href":"https:\/\/debateplural.net\/site\/wp-json\/wp\/v2\/comments?post=2749"}],"version-history":[{"count":1,"href":"https:\/\/debateplural.net\/site\/wp-json\/wp\/v2\/posts\/2749\/revisions"}],"predecessor-version":[{"id":8103,"href":"https:\/\/debateplural.net\/site\/wp-json\/wp\/v2\/posts\/2749\/revisions\/8103"}],"wp:featuredmedia":[{"embeddable":true,"href":"https:\/\/debateplural.net\/site\/wp-json\/wp\/v2\/media\/8102"}],"wp:attachment":[{"href":"https:\/\/debateplural.net\/site\/wp-json\/wp\/v2\/media?parent=2749"}],"wp:term":[{"taxonomy":"category","embeddable":true,"href":"https:\/\/debateplural.net\/site\/wp-json\/wp\/v2\/categories?post=2749"},{"taxonomy":"post_tag","embeddable":true,"href":"https:\/\/debateplural.net\/site\/wp-json\/wp\/v2\/tags?post=2749"}],"curies":[{"name":"wp","href":"https:\/\/api.w.org\/{rel}","templated":true}]}}