{"id":27521,"date":"2018-09-10T11:52:36","date_gmt":"2018-09-10T15:52:36","guid":{"rendered":"http:\/\/debateplural.com\/?p=27521"},"modified":"2018-09-10T11:52:36","modified_gmt":"2018-09-10T15:52:36","slug":"ya-es-tiempo-de-gritar-salud","status":"publish","type":"post","link":"https:\/\/debateplural.net\/site\/2018\/09\/10\/ya-es-tiempo-de-gritar-salud\/","title":{"rendered":"\u00a1Ya es tiempo de gritar salud!"},"content":{"rendered":"<p>Juan Bolivar Diaz (6-9-18)<\/p>\n<p>&nbsp;<\/p>\n<p class=\"p1\"><span class=\"s1\">El orgullo triunfal con que el actual gobierno reivindica el haber empezado a cumplir el mandato de la Ley General de Educaci\u00f3n de 1997 de destinar por lo menos el 4 por ciento del<span class=\"Apple-converted-space\">\u00a0\u00a0<\/span>producto bruto interno (PBI) a la educaci\u00f3n fundamental, tras quince a\u00f1os de presi\u00f3n social, deber\u00eda determinar que hiciera lo mismo con la inversi\u00f3n en salud p\u00fablica, que seg\u00fan la Ley de Estrategia Nacional de Desarrollo deber\u00eda alcanzar el 3.76 por ciento del gasto en el presupuesto del pr\u00f3ximo a\u00f1o, al que se deben estar dando ahora los toques finales.<\/span><\/p>\n<p class=\"p1\"><span class=\"s1\">Eso implicar\u00eda duplicar el gasto en salud, para el que este a\u00f1o se presupuest\u00f3 79 mil 785 millones de pesos, apenas el 1.9 por ciento del PIB, llev\u00e1ndolo a 162 millones de pesos, como acaba de demandar la Alianza por del Derecho a la Salud (ADESA), que aglutina a varias decenas de organizaciones sociales y entidades vinculadas al sector.<\/span><\/p>\n<p class=\"p1\"><span class=\"s1\">Si es rigurosamente cierto que el pa\u00eds ha crecido en promedio de 4.6 por ciento del PIB entre el a\u00f1o 2000 y el 2017, constituye una verdadera verg\u00fcenza, demostrativa de una descomunal ausencia de prioridades, que en ese per\u00edodo el gasto en salud se redujera del 11.7 al 10.4 por ciento anual, y que estemos en los \u00faltimos escalones de gasto en salud p\u00fablica entre las naciones latinoamericanas, s\u00f3lo por encima de Hait\u00ed, de Guatemala y de la desmantelada Venezuela. Porque la salud es, junto a la educaci\u00f3n, el centro de atenci\u00f3n de los seres humanos bajo cualquier circunstancia o r\u00e9gimen de gobierno.<\/span><\/p>\n<p class=\"p1\"><span class=\"s1\">Ah\u00ed est\u00e1n los indicadores que acusan nuestra irresponsabilidad planificadora. Al bajo gasto p\u00fablico en salud tiene que atribuirse que lideremos el continente en muertes materno- infantiles, en embarazos de adolescentes, en muertes por accidentes automovil\u00edsticos, y que mantengamos altas tasas de mortalidad por enfermedades prevenibles.<\/span><\/p>\n<p class=\"p1\"><span class=\"s1\">Pero no s\u00f3lo nos acusa la baja proporci\u00f3n destinada a salud p\u00fablica, sino la pobre calidad del gasto. La ADESA advierte que \u201cse invierte m\u00e1s en estructuras f\u00edsicas que en las personas, se dedican m\u00e1s recursos a curar enfermedades que a prevenirlas. Y como si todo esto fuera poco para entender la inequidad del sistema p\u00fablico de salud, una parte significativa de la inversi\u00f3n estatal va a parar a manos privadas\u201d. Realmente, el sector salud es un claro exponente del clientelismo, duplicaci\u00f3n y dispersi\u00f3n, de la malversaci\u00f3n y la corrupci\u00f3n que han disparado la alarma de la sociedad dominicana.<\/span><\/p>\n<p class=\"p1\"><span class=\"s1\">Por eso la alianza postula que \u201caumentar el presupuesto de salud no basta. Tambi\u00e9n es necesario establecer prioridades de inversi\u00f3n, garantizar transparencia y honradez en el manejo de los fondos, erradicar la corrupci\u00f3n y la politiquer\u00eda de las instituciones del sector salud, especialmente en los hospitales. La prioridad de inversi\u00f3n debe ser el primer y el segundo nivel de atenci\u00f3n\u201d.<\/span><\/p>\n<p class=\"p1\"><span class=\"s1\">La err\u00e1tica pol\u00edtica del gasto queda de manifiesto en que las estructuras hospitalarias han ocupado la mayor atenci\u00f3n, y en esa materia estamos por encima del promedio de la regi\u00f3n, sin que haya sido suficiente para revertir los atrasos en calidad de los servicios, en equipos y medicamentos.<\/span><\/p>\n<p class=\"p1\"><span class=\"s1\">Parece que ha llegado la hora de gritar por la salud, con la esperanza de que los gobernantes no necesiten dos d\u00e9cadas para escuchar el clamor, como ocurri\u00f3 con la educaci\u00f3n, pendiente a\u00fan de generar una calidad que nos permita salir de los \u00faltimos escalones que tambi\u00e9n en esa materia ocupamos en el concierto latinoamericano.<\/span><\/p>\n<p class=\"p1\"><span class=\"s1\">Pero mientras tanto, hay que saludar el vigor con que ha nacido este a\u00f1o la ADESA y ofrecerle el mayor respaldo, uniendo gritos por el derecho a la salud, precario todav\u00eda para la mayor parte de la poblaci\u00f3n que invierte m\u00e1s que el Estado en salubridad, a trav\u00e9s del cada vez m\u00e1s ineficiente sistema de seguridad social.-<span class=\"Apple-converted-space\">\u00a0 \u00a0<\/span><\/span><\/p>\n","protected":false},"excerpt":{"rendered":"<p>Juan Bolivar Diaz (6-9-18) &nbsp; El orgullo triunfal con que el actual gobierno reivindica el haber empezado a cumplir el mandato de la Ley General de Educaci\u00f3n de 1997 de destinar por lo menos el 4 por ciento del\u00a0\u00a0producto bruto interno (PBI) a la educaci\u00f3n fundamental, tras quince a\u00f1os de presi\u00f3n social, deber\u00eda determinar que [&hellip;]<\/p>\n","protected":false},"author":1,"featured_media":24811,"comment_status":"open","ping_status":"open","sticky":false,"template":"","format":"standard","meta":{"footnotes":""},"categories":[5,44],"tags":[],"class_list":["post-27521","post","type-post","status-publish","format-standard","has-post-thumbnail","hentry","category-nacionales","category-salud"],"_links":{"self":[{"href":"https:\/\/debateplural.net\/site\/wp-json\/wp\/v2\/posts\/27521"}],"collection":[{"href":"https:\/\/debateplural.net\/site\/wp-json\/wp\/v2\/posts"}],"about":[{"href":"https:\/\/debateplural.net\/site\/wp-json\/wp\/v2\/types\/post"}],"author":[{"embeddable":true,"href":"https:\/\/debateplural.net\/site\/wp-json\/wp\/v2\/users\/1"}],"replies":[{"embeddable":true,"href":"https:\/\/debateplural.net\/site\/wp-json\/wp\/v2\/comments?post=27521"}],"version-history":[{"count":1,"href":"https:\/\/debateplural.net\/site\/wp-json\/wp\/v2\/posts\/27521\/revisions"}],"predecessor-version":[{"id":27522,"href":"https:\/\/debateplural.net\/site\/wp-json\/wp\/v2\/posts\/27521\/revisions\/27522"}],"wp:featuredmedia":[{"embeddable":true,"href":"https:\/\/debateplural.net\/site\/wp-json\/wp\/v2\/media\/24811"}],"wp:attachment":[{"href":"https:\/\/debateplural.net\/site\/wp-json\/wp\/v2\/media?parent=27521"}],"wp:term":[{"taxonomy":"category","embeddable":true,"href":"https:\/\/debateplural.net\/site\/wp-json\/wp\/v2\/categories?post=27521"},{"taxonomy":"post_tag","embeddable":true,"href":"https:\/\/debateplural.net\/site\/wp-json\/wp\/v2\/tags?post=27521"}],"curies":[{"name":"wp","href":"https:\/\/api.w.org\/{rel}","templated":true}]}}