{"id":27554,"date":"2018-09-11T16:31:03","date_gmt":"2018-09-11T20:31:03","guid":{"rendered":"http:\/\/debateplural.com\/?p=27554"},"modified":"2018-09-11T16:31:03","modified_gmt":"2018-09-11T20:31:03","slug":"la-inestabilidad-neoliberal-en-latinoamerica","status":"publish","type":"post","link":"https:\/\/debateplural.net\/site\/2018\/09\/11\/la-inestabilidad-neoliberal-en-latinoamerica\/","title":{"rendered":"La inestabilidad neoliberal en Latinoam\u00e9rica"},"content":{"rendered":"<p>Alfredo Serrano Mancilla (Kaosenlared, 11-9-18)<\/p>\n<p>&nbsp;<\/p>\n<p>Estabilidad, confianza, certidumbre y eficiencia son las cuatro promesas m\u00e1s repetidas por cualquier proyecto neoliberal. \u00bfSe cumplen? \u00bfEs un gobierno neoliberal capaz de dar estabilidad a un pa\u00eds? \u00bfSaben c\u00f3mo generar confianza y certidumbre? \u00bfLogran tener econom\u00edas eficientes? Veamos qu\u00e9 sucede en Latinoam\u00e9rica. Empecemos por Argentina.<\/p>\n<p>Crear un buen eslogan es siempre m\u00e1s f\u00e1cil que estabilizar la econom\u00eda de un pa\u00eds en un ambiente de fuerte restricci\u00f3n externa. El macrismo se desgasta a mucha m\u00e1s velocidad de lo previsible porque demuestra que no sabe gobernar ni gestionar. En algo menos de tres a\u00f1os consigui\u00f3 que el pa\u00eds est\u00e9 patas arriba. La econom\u00eda no va, se mire por donde se mire.<\/p>\n<p>La inflaci\u00f3n apunta este a\u00f1o, 2018, a estar por encima del 40% seg\u00fan las \u00faltimas estimaciones oficiales, a pesar de que la ten\u00edan calculada en el 15% a fines del a\u00f1o pasado. La econom\u00eda se contraer\u00e1 por encima del 2%, aunque hab\u00edan pronosticado que crecer\u00eda por encima del 3%. La liberalizaci\u00f3n cambiaria provoc\u00f3 una devaluaci\u00f3n que no tiene fin: en este tiempo lo llevaron de 10 pesos hasta casi 40, y veremos c\u00f3mo acaba. La inversi\u00f3n extranjera jam\u00e1s lleg\u00f3. Se prometieron d\u00f3lares que era imposible de producirlos en casa, y s\u00f3lo han podido ser obtenidos parcialmente, con una deuda eterna con el mundo. El Fondo Monetario Internacional pide m\u00e1s ajuste: m\u00e1s recortes sociales, menos salarios, provocando as\u00ed que la demanda interna pierda toda su fuerza como motor econ\u00f3mico. La tasa de inter\u00e9s va por el 60%: espaldarazo ideal para que la econom\u00eda financiarizada acabe con la econom\u00eda real. La industria se desmorona. La balanza comercial es cada d\u00eda m\u00e1s deficitaria tras la liberalizaci\u00f3n de las importaciones.<\/p>\n<p>El cuadro macroecon\u00f3mico del neoliberalismo en Argentina no resiste a ning\u00fan test de equilibrio ni eficiencia. Mauricio Macri y Cambiemos trajeron consigo justamente lo contrario de aquello que siempre promete: incertidumbre y desconfianza. La inestabilidad no s\u00f3lo es econ\u00f3mica, tambi\u00e9n lo es pol\u00edtica y social. Las protestas crecen y se extienden a casi todos los sectores gremiales. La marcha de las mujeres demostr\u00f3 tambi\u00e9n la incapacidad del Gobierno para entender que est\u00e1 surgiendo otra nueva mayor\u00eda que refleja un sentido com\u00fan cada vez m\u00e1s protag\u00f3nico en la sociedad argentina. Tampoco les funciona el o\u00eddo; se alejaron de todo lo que pasa en la calle. El timbreo como apuesta publicitaria est\u00e1 bien, pero no les sirve para que la ciudadan\u00eda resuelva sus problemas. Est\u00e1n atrapados en sus propios anuncios mientras que la inestabilidad afecta a la gente.<\/p>\n<p>Pero no es \u00fanicamente en Argentina donde neoliberalismo e inestabilidad se dan la mano. Brasil es otro buen ejemplo de ello. Con elecciones a la vista y un presidente no electo desde hace a\u00f1os, este pa\u00eds presenta un largo etc\u00e9tera de sucesos que conforman un panorama ciertamente inestable. Su econom\u00eda no crece. El real se deval\u00faa. El pa\u00eds se ha militarizado para frenar protestas. Y Naciones Unidas desautoriza que se impida a Lula ser candidato a presidente.<\/p>\n<p>Otro caso es el de Per\u00fa, que aunque su macroeconom\u00eda es estable, el sistema pol\u00edtico y judicial hace aguas por todas partes. Posee un presidente no electo tras el caso de corrupci\u00f3n que sac\u00f3 a Kuczynski de su condici\u00f3n. Tiene a otros tantos ex presidentes tambi\u00e9n en la c\u00e1rcel o pr\u00f3fugos por haberse enriquecido ilegalmente. El sistema judicial est\u00e1 completamente podrido. El actual fiscal general est\u00e1 con m\u00faltiples casos en su contra. La mayor\u00eda de la ciudadan\u00eda no cree en sus instituciones.<\/p>\n<p>Es f\u00e1cil seguir dando ejemplos de pa\u00edses que bajo la gesti\u00f3n neoliberal no saben generar ni confianza ni certidumbre. Colombia es otro pa\u00eds con una econom\u00eda real raqu\u00edtica, desindustrializada progresivamente, con productividad muy baja, sin demanda interna que logre generar crecimiento sostenido, y con indicadores sociales m\u00e1s propios de pa\u00edses en guerra. Y con un conflicto cada vez m\u00e1s dif\u00edcil de resolver por la llegada de Iv\u00e1n Duque a la presidencia. Y, mientras tanto, las muertes de l\u00edderes sociales contin\u00faan. Chile es otro destino no tan ideal como lo presentan. Con una econom\u00eda que no despega, y en medio de continuos paros nacionales por parte de una gran diversidad de sectores, el pa\u00eds tampoco muestra un marco de estabilidad. Y no olvidar a M\u00e9xico, cuyo neoliberalismo ha hecho que la econom\u00eda siga estancada, con alta inflaci\u00f3n, fuertemente endeudado, con un sector petrolero venido a menos luego de las \u00faltimas reformas, y con pobreza y desigualdad de car\u00e1cter estructural que, adem\u00e1s de ser injustas, suponen un freno a cualquier intento de reactivaci\u00f3n econ\u00f3mica.<\/p>\n<p>Se mire por donde se mire, el neoliberalismo no sabe gobernar, ni siquiera bajo sus propias premisas. Dime de qu\u00e9 presumes y te dir\u00e9 de qu\u00e9 careces. Si las agencias de calificaci\u00f3n de riesgo hicieran bien su trabajo, desde criterios estrictamente ortodoxos, les dar\u00eda a todos ellos una nota muy negativa.<\/p>\n<p>La verdadera experticia del neoliberalismo es comunicar lo que no sabe hacer. Ni estabiliza; ni da certeza ni confianza; y tampoco logra consolidar econom\u00edas eficientes.<\/p>\n","protected":false},"excerpt":{"rendered":"<p>Alfredo Serrano Mancilla (Kaosenlared, 11-9-18) &nbsp; Estabilidad, confianza, certidumbre y eficiencia son las cuatro promesas m\u00e1s repetidas por cualquier proyecto neoliberal. \u00bfSe cumplen? \u00bfEs un gobierno neoliberal capaz de dar estabilidad a un pa\u00eds? \u00bfSaben c\u00f3mo generar confianza y certidumbre? \u00bfLogran tener econom\u00edas eficientes? Veamos qu\u00e9 sucede en Latinoam\u00e9rica. Empecemos por Argentina. Crear un buen [&hellip;]<\/p>\n","protected":false},"author":1,"featured_media":27555,"comment_status":"open","ping_status":"open","sticky":false,"template":"","format":"standard","meta":{"footnotes":""},"categories":[14,12],"tags":[],"class_list":["post-27554","post","type-post","status-publish","format-standard","has-post-thumbnail","hentry","category-internacionales","category-politica-3"],"_links":{"self":[{"href":"https:\/\/debateplural.net\/site\/wp-json\/wp\/v2\/posts\/27554"}],"collection":[{"href":"https:\/\/debateplural.net\/site\/wp-json\/wp\/v2\/posts"}],"about":[{"href":"https:\/\/debateplural.net\/site\/wp-json\/wp\/v2\/types\/post"}],"author":[{"embeddable":true,"href":"https:\/\/debateplural.net\/site\/wp-json\/wp\/v2\/users\/1"}],"replies":[{"embeddable":true,"href":"https:\/\/debateplural.net\/site\/wp-json\/wp\/v2\/comments?post=27554"}],"version-history":[{"count":1,"href":"https:\/\/debateplural.net\/site\/wp-json\/wp\/v2\/posts\/27554\/revisions"}],"predecessor-version":[{"id":27556,"href":"https:\/\/debateplural.net\/site\/wp-json\/wp\/v2\/posts\/27554\/revisions\/27556"}],"wp:featuredmedia":[{"embeddable":true,"href":"https:\/\/debateplural.net\/site\/wp-json\/wp\/v2\/media\/27555"}],"wp:attachment":[{"href":"https:\/\/debateplural.net\/site\/wp-json\/wp\/v2\/media?parent=27554"}],"wp:term":[{"taxonomy":"category","embeddable":true,"href":"https:\/\/debateplural.net\/site\/wp-json\/wp\/v2\/categories?post=27554"},{"taxonomy":"post_tag","embeddable":true,"href":"https:\/\/debateplural.net\/site\/wp-json\/wp\/v2\/tags?post=27554"}],"curies":[{"name":"wp","href":"https:\/\/api.w.org\/{rel}","templated":true}]}}