{"id":27575,"date":"2018-09-12T12:26:28","date_gmt":"2018-09-12T16:26:28","guid":{"rendered":"http:\/\/debateplural.com\/?p=27575"},"modified":"2018-09-12T12:26:28","modified_gmt":"2018-09-12T16:26:28","slug":"carta-de-lula-al-pueblo-brasileno","status":"publish","type":"post","link":"https:\/\/debateplural.net\/site\/2018\/09\/12\/carta-de-lula-al-pueblo-brasileno\/","title":{"rendered":"Carta de Lula al pueblo brasile\u00f1o"},"content":{"rendered":"<div align=\"justify\">Luiz In\u00e1cio Lula da Silva (Rebelion, 12-9-18)<\/div>\n<div align=\"justify\"><\/div>\n<div align=\"justify\"><\/div>\n<div align=\"justify\">Mis amigos y mis amigas,<\/div>\n<div align=\"justify\"><\/div>\n<div align=\"justify\">Ustedes me conocen y saben que yo jam\u00e1s desistir\u00eda de luchar. He perdido a mi compa\u00f1era Marisa, que se fue con la amargura de todo lo que le sucedi\u00f3 a nuestra familia, pero no he desistido, incluso en homenaje a su memoria. He enfrentado a las acusaciones con base en la ley y en el derecho. He denunciado las mentiras y los abusos de autoridad en todos los tribunales, entre ellos el Comit\u00e9 de Derechos Humanos de la ONU, que reconoci\u00f3 mi derecho de ser candidato.<\/p>\n<p>La comunidad jur\u00eddica, dentro y fuera del pa\u00eds, se indign\u00f3 con las aberraciones cometidas por S\u00e9rgio Moro y por el Tribunal de Porto Alegre. L\u00edderes de todo el mundo han denunciado el atentado a la democracia en el que mi proceso se ha convertido. La prensa internacional mostr\u00f3 al mundo lo que la Globo intent\u00f3 esconder.<\/p>\n<p>Aun as\u00ed los tribunales brasile\u00f1os me han negado el derecho que garantiza la Constituci\u00f3n a cualquier ciudadano, siempre y cuando no se llame Luiz In\u00e1cio Lula da Silva. Han negado la decisi\u00f3n de la ONU, violando el Pacto Internacional de los Derechos Civiles y Pol\u00edticos que Brasil ha firmado soberanamente.<\/p>\n<p>Por acci\u00f3n, omisi\u00f3n y protecci\u00f3n, el Poder Judicial brasile\u00f1o ha privado al pa\u00eds de un proceso electoral con la presencia de todas las fuerzas pol\u00edticas. Han impedido la realizaci\u00f3n del derecho del pueblo de votar libremente. Ahora quieren prohibirme de hablarle al pueblo y hasta de aparecer en televisi\u00f3n. Me censuran, como en la \u00e9poca de la dictadura.<\/p>\n<p>Tal vez nada de esto habr\u00eda ocurrido si yo no liderara todas las encuestas de intenci\u00f3n de voto. Quiz\u00e1 yo no estar\u00eda preso si aceptara renunciar a mi candidatura. Pero yo jam\u00e1s cambiar\u00eda mi dignidad por mi libertad, a causa del compromiso que tengo con el pueblo brasile\u00f1o.<\/p>\n<p>Me incluyeron artificialmente en la Ley Ficha Limpia para arrancarme de forma arbitraria de la disputa electoral, pero no permitir\u00e9 que se haga de esto un pretexto para aprisionar el futuro de Brasil.<\/p>\n<p>Es frente a estas circunstancias que tengo que tomar una decisi\u00f3n, en el plazo que se me ha impuesto arbitrariamente. Estoy indicando al PT y a la Coligaci\u00f3n \u201cEl Pueblo Feliz de Nuevo\u201d la sustituci\u00f3n de mi candidatura por la del compa\u00f1ero Fernando Haddad, que hasta este momento ha desempe\u00f1ado con extrema lealtad la posici\u00f3n de candidato a vicepresidente.<\/p>\n<p>Fernando Haddad, ministro de Educaci\u00f3n en mi gobierno, fue responsable de una de las transformaciones m\u00e1s importantes de nuestro pa\u00eds. Juntos, hemos abierto las puertas de la Universidad a casi cuatro millones de estudiantes que nunca antes hab\u00edan tenido esta oportunidad. Juntos creamos el ProUni, el nuevo Fies, la pol\u00edtica de cupos, el Fundeb, el Enem, el Plan Nacional de Educaci\u00f3n, el Pronatec e hicimos cuatro veces m\u00e1s escuelas t\u00e9cnicas que lo que hab\u00edan hecho en cien a\u00f1os. Hemos creado el futuro.<\/p>\n<p>Haddad es el coordinador de nuestro Plan de Gobierno para sacar al pa\u00eds de la crisis, recibiendo contribuciones de miles de personas y discutiendo cada punto conmigo. \u00c9l ser\u00e1 mi representante en esta batalla para que retomemos el rumbo del desarrollo y de la justicia social.<\/p>\n<p>Si quieren acallar nuestra voz y derrotar nuestro proyecto para el Pa\u00eds, est\u00e1n muy equivocados. Nosotros seguimos vivos, en el coraz\u00f3n y en la memoria del pueblo. Y nuestro nombre ahora es Haddad.<\/p>\n<p>A su lado, como candidata a vicepresidenta, tendremos a la compa\u00f1era Manuela D\u2019\u00c1vila, confirmando nuestra alianza hist\u00f3rica con el PCdoB, y que tambi\u00e9n cuenta con otras fuerzas, como el PROS, sectores del PSB, l\u00edderes de otros partidos y, sobre todo, con los movimientos sociales, trabajadores de la ciudad y del campo, exponentes de las fuerzas democr\u00e1ticas y populares.<\/p>\n<p>Nuestra lealtad, la m\u00eda, de Haddad y Manuela, es con el pueblo en primer lugar. Es con los sue\u00f1os de quienes quieren vivir otra vez en un pa\u00eds en el que todos tengan comida en la mesa; en el que haya empleo, salario digno y protecci\u00f3n de la ley para los que trabajan; en el que los ni\u00f1os y ni\u00f1as tengan escuelas y los j\u00f3venes tengan futuro; en el que las familias puedan comprarse su coche, su casa y seguir so\u00f1ando y realizando cada vez m\u00e1s. Un pa\u00eds en el que todos tengan oportunidades y nadie tenga privilegios.<\/p>\n<p>Yo s\u00e9 que un d\u00eda la verdadera Justicia se har\u00e1 y mi inocencia ser\u00e1 reconocida. Ese d\u00eda estar\u00e9 junto a Haddad para hacer el gobierno del pueblo y de la esperanza. Todos nosotros estaremos all\u00ed, juntos, para hacer a Brasil feliz de nuevo.<\/p>\n<p>Quiero agradecer la solidaridad de los que me env\u00edan mensajes y cartas, hacen oraciones y actos p\u00fablicos por mi libertad, protestan en el mundo contra la persecuci\u00f3n y luchan por la democracia, y especialmente a los que me acompa\u00f1an a diario en la vigilia frente al sitio en el que estoy.<\/p>\n<p>Pueden aprisionar injustamente a un hombre, pero no a sus ideas. Ning\u00fan opresor puede ser mayor que el pueblo. Por eso, nuestras ideas van a llegar a todo el mundo por la voz del pueblo, m\u00e1s alta y m\u00e1s fuerte que la Globo.<\/p>\n<p>Por eso, quiero pedirles, de coraz\u00f3n, a todos los que me votar\u00edan a m\u00ed, que voten al compa\u00f1ero Fernando Haddad para presidente de la Rep\u00fablica. Y les pido que voten a nuestros candidatos a gobernador, diputado y senador para que construyamos un pa\u00eds m\u00e1s democr\u00e1tico, con soberan\u00eda, sin la privatizaci\u00f3n de las empresas p\u00fablicas, con m\u00e1s justicia social, m\u00e1s educaci\u00f3n, cultura, ciencia y tecnolog\u00eda, con m\u00e1s seguridad, vivienda y salud, con m\u00e1s empleo, salario digno y reforma agraria.<\/p>\n<p>Nosotros ya somos millones de Lulas y, a partir de hoy, Fernando Haddad ser\u00e1 Lula para millones de brasile\u00f1os.<\/p>\n<p>Hasta pronto, mis amigos y mis amigas. \u00a1Hasta la victoria!<\/p>\n<p>Un abrazo del compa\u00f1ero de siempre,<\/p>\n<p>Luiz In\u00e1cio Lula da Silva<\/p><\/div>\n","protected":false},"excerpt":{"rendered":"<p>Luiz In\u00e1cio Lula da Silva (Rebelion, 12-9-18) Mis amigos y mis amigas, Ustedes me conocen y saben que yo jam\u00e1s desistir\u00eda de luchar. He perdido a mi compa\u00f1era Marisa, que se fue con la amargura de todo lo que le sucedi\u00f3 a nuestra familia, pero no he desistido, incluso en homenaje a su memoria. He [&hellip;]<\/p>\n","protected":false},"author":1,"featured_media":17880,"comment_status":"open","ping_status":"open","sticky":false,"template":"","format":"standard","meta":{"footnotes":""},"categories":[14,12],"tags":[],"class_list":["post-27575","post","type-post","status-publish","format-standard","has-post-thumbnail","hentry","category-internacionales","category-politica-3"],"_links":{"self":[{"href":"https:\/\/debateplural.net\/site\/wp-json\/wp\/v2\/posts\/27575"}],"collection":[{"href":"https:\/\/debateplural.net\/site\/wp-json\/wp\/v2\/posts"}],"about":[{"href":"https:\/\/debateplural.net\/site\/wp-json\/wp\/v2\/types\/post"}],"author":[{"embeddable":true,"href":"https:\/\/debateplural.net\/site\/wp-json\/wp\/v2\/users\/1"}],"replies":[{"embeddable":true,"href":"https:\/\/debateplural.net\/site\/wp-json\/wp\/v2\/comments?post=27575"}],"version-history":[{"count":1,"href":"https:\/\/debateplural.net\/site\/wp-json\/wp\/v2\/posts\/27575\/revisions"}],"predecessor-version":[{"id":27576,"href":"https:\/\/debateplural.net\/site\/wp-json\/wp\/v2\/posts\/27575\/revisions\/27576"}],"wp:featuredmedia":[{"embeddable":true,"href":"https:\/\/debateplural.net\/site\/wp-json\/wp\/v2\/media\/17880"}],"wp:attachment":[{"href":"https:\/\/debateplural.net\/site\/wp-json\/wp\/v2\/media?parent=27575"}],"wp:term":[{"taxonomy":"category","embeddable":true,"href":"https:\/\/debateplural.net\/site\/wp-json\/wp\/v2\/categories?post=27575"},{"taxonomy":"post_tag","embeddable":true,"href":"https:\/\/debateplural.net\/site\/wp-json\/wp\/v2\/tags?post=27575"}],"curies":[{"name":"wp","href":"https:\/\/api.w.org\/{rel}","templated":true}]}}