{"id":27825,"date":"2018-09-22T10:38:18","date_gmt":"2018-09-22T14:38:18","guid":{"rendered":"http:\/\/debateplural.com\/?p=27825"},"modified":"2018-09-22T10:38:18","modified_gmt":"2018-09-22T14:38:18","slug":"bitacora-de-un-viaje-al-caribe-colombiano-en-la-universidad-del-norte-4","status":"publish","type":"post","link":"https:\/\/debateplural.net\/site\/2018\/09\/22\/bitacora-de-un-viaje-al-caribe-colombiano-en-la-universidad-del-norte-4\/","title":{"rendered":"Bit\u00e1cora de un viaje al Caribe colombiano. En la Universidad del Norte, (4)"},"content":{"rendered":"<p>Mu-Kien Adriana Sang (El Caribe,\u00a0 25-8-18)<\/p>\n<p>&nbsp;<\/p>\n<p>Porque naci\u00f3 frente al alba<br \/>\ny en el sitio de la brisa,<br \/>\nle dieron un nombre claro<br \/>\nde flor o de lluvia fina.<br \/>\nUn nombre para decirlo<br \/>\nen medio de la sonrisa,<br \/>\nenamorados los ojos<br \/>\ny el coraz\u00f3n: \u00a1Barranquilla!<br \/>\nPorque naci\u00f3 frente al alba<br \/>\n\u00a1y el alba es buena madrina!<\/p>\n<p>Con lino de sol y sombra<br \/>\ntejieron a\u00f1os los d\u00edas<br \/>\ny una ma\u00f1ana sin nubes<br \/>\ndespert\u00f3 moza la ni\u00f1a.<br \/>\nCon los cabellos al viento,<br \/>\nla dulce piel encendida,<br \/>\ny el andar sin descanso<br \/>\ntal aire de gallard\u00eda<br \/>\nque el alma de las palmeras<br \/>\narrodillose vencida\u2026<br \/>\nPorque naci\u00f3 frente al alba<br \/>\n\u00a1y el alba es buena madrina!<\/p>\n<p>Breves jazmines alados<br \/>\n-casi de luz detenida-<br \/>\ncrecen con gracia delgada<br \/>\ncuando sus pasos atisban\u2026<br \/>\nLa tarde cuida su gozo,<br \/>\nla noche su sue\u00f1o cuida,<br \/>\ny ella se viste con seda<br \/>\nde flores amanecidas<br \/>\nsobre la cumbre del \u00e1rbol<br \/>\ntan solo para vestirla\u2026<br \/>\nSeda dorada del roble<br \/>\ncon hebras de melod\u00eda,<br \/>\nseda de la acacia roja,<br \/>\nseda de las campanillas<br \/>\nque tienen fugaz el aire<br \/>\ny como el aire palpitan\u2026<br \/>\nRodea sus altas sienes<br \/>\nun vuelo de golondrinas<br \/>\ny abre jacintos de oro<br \/>\nsu diestra mano clar\u00edsima.<br \/>\nPorque naci\u00f3 frente al alba<br \/>\n\u00a1Y el alba es buena madrina!<\/p>\n<p>El mar de gritos azules,<br \/>\nel mar del habla encendida,<br \/>\nle trae canciones remotas<br \/>\ny barcas de otras orillas.<br \/>\nEl r\u00edo, tenaz viajero,<br \/>\ncon largo asombro la mira,<br \/>\ny le regala blancura<br \/>\nde garzas estremecidas<br \/>\nque suben a la comarca<br \/>\ndonde la estrella se inicia.<br \/>\nY el viento pirata, el viento<br \/>\nde clara estirpe marina,<br \/>\nle ci\u00f1e el talle redondo.<br \/>\nCon brazos de lejan\u00eda,<br \/>\n\u00a1y se la lleva consigo<br \/>\ndonde la tierra limita<br \/>\ncon el batir de campanas<br \/>\nde la triunfal alegr\u00eda!<\/p>\n<p>Porque naci\u00f3 frente al alba,<br \/>\ny porque el alba madrina,<br \/>\nle dio aquel nombre que pide,<br \/>\npara decirlo, sonrisa\u2026<br \/>\nEl nombre que puede ser<br \/>\nde flor o de lluvia fina,<br \/>\ny que tambi\u00e9n lleva el \u00c1ngel<br \/>\nde j\u00fabilo: \u00a1Barranquilla!<br \/>\nMeira del Mar<\/p>\n<p>Hace ya varios a\u00f1os que la PUCMM tiene un acuerdo firmado con la Universidad del Norte ubicada en Barranquilla. Cuando decidimos hacer el viaje acad\u00e9mico con los estudiantes del doctorado, me comuniqu\u00e9 con mi contraparte en esa instituci\u00f3n, el Dr. Roberto Gonz\u00e1lez Arana, profesor investigador y director del Instituto de Am\u00e9rica Latina y el Caribe de la entidad.<br \/>\n\u00a1Coincidencias de la vida! La fecha seleccionada por nosotros coincid\u00eda con un seminario que se organizaba: \u201cColombia y sus fronteras con el Caribe\u201d. Aprovechando la circunstancia me invit\u00f3 a pronunciar una conferencia. Acept\u00e9 con buen gusto.<\/p>\n<p>La Uninorte es una de las principales universidades en Colombia. Ha tenido un crecimiento vertiginoso en los \u00faltimos a\u00f1os, coloc\u00e1ndose en los rankings latinoamericanos con muy buena puntuaci\u00f3n. El campus es hermoso, moderno, bien cuidado y con alta tecnolog\u00eda en la mayor\u00eda de sus edificaciones. Hay una seguridad extrema muy justificada. Incluso cuando el grupo de dominicanos entr\u00f3 tuvimos que dar muchas explicaciones, pero finalmente nos dejaron pasar y nos pidieron disculpas.<\/p>\n<p>Cuando entramos al repleto sal\u00f3n de estudiantes e interesados en el tema, nos sentaron en un lugar reservado. Los minutos en la puerta nos hicieron llegar un poco tarde. Ya hab\u00eda iniciado. El nuevo rector de la instituci\u00f3n, Dr. Adolfo Meisel, ofrec\u00eda sus palabras de bienvenida, cuando nos colocaron en nuestros lugares. El centro de sus palabras era la necesidad de repensar las relaciones con Venezuela y el resto del Caribe.<\/p>\n<p>El seminario se dividi\u00f3 en dos partes. En la primera parte se ofrecieron cuatro ponencias. La primera fue presentada por el amigo Ra\u00fal Rom\u00e1n, profesor investigador de la Universidad Nacional-sede San Andr\u00e9s, con el t\u00edtulo \u201cLas relaciones pol\u00edticas y diplom\u00e1ticas entre Colombia y el Caribe centroamericano en el siglo XIX\u201d. Una exposici\u00f3n breve e interesante, en la cual se evidenci\u00f3 la complejidad de esas relaciones, marcadas por los intereses pol\u00edticos y econ\u00f3micos. La segunda ponencia fue ofrecida por un joven historiador colombiano, Dr. Juli\u00e1n L\u00e1zaro, con el t\u00edtulo \u201cEl Caribe colombiano y la seguridad hemisf\u00e9rica en tiempos de la Segunda Guerra Mundial\u201d. Muy bien presentada y documentada. Despu\u00e9s me enter\u00e9 que se ha convertido en uno de los grandes especialistas colombianos de ese per\u00edodo. La tercera conferencia, por dos j\u00f3venes candidatos a doctores en econom\u00eda, Iv\u00e1n Verbel y Pedro de la Puente, titulada \u201cEl Comercio entre el Caribe colombiano y el Gran Caribe (2010-2015). Un trabajo muy interesante, donde muestran con cifras incuestionables que la costa Caribe de Colombia no tiene grandes v\u00ednculos comerciales con el resto del Caribe.<\/p>\n<p>La segunda parte estuvo integrada por cinco conferencias. Inici\u00e9 la sesi\u00f3n con mi ponencia: \u201cRep\u00fablica Dominicana: \u00bfuna isla de espaldas al Caribe?\u201d. La escrib\u00ed en primera persona, a partir de mi experiencia como hija de migrantes. Parece que gust\u00f3 mucho. La segunda fue ofrecida por Roberto Gonz\u00e1lez Arana, coordinador del evento: \u201cLas relaciones hist\u00f3ricas entre Colombia y Cuba\u201d, donde muestra los grandes lazos hist\u00f3ricos que han unido esas dos naciones, a pesar de la posici\u00f3n gubernamental de enfrentamiento al r\u00e9gimen. La tercera fue muy interesante, por lo menos para m\u00ed, porque no hab\u00eda escuchado hablar del tema. Fue impartida por Silvia Mantilla, profesora de la Universidad Nacional, sede Bogot\u00e1, \u201cLa frontera entre Colombia y Nicaragua: Acciones del Estado y de la sociedad insular al desaf\u00edo de un mar compartido en el Caribe\u201d. Hablaba de las contradictorias decisiones de los organismos internacionales con respecto a la delimitaci\u00f3n del mar. Las consecuencias, dec\u00eda la expositora, eran enormes para ambos pa\u00edses. Horacio Godoy, profesor de Uninorte, habl\u00f3 sobre \u201cChina en el gran Caribe\u201d. Interesant\u00edsima. Se preguntaba \u00bfEstamos en una nueva forma de dependencia? \u00bfEstamos ante un nuevo poder imperial? \u00bfQu\u00e9 pasar\u00e1 con los otros imperios? La \u00faltima del d\u00eda la ofreci\u00f3 H\u00e9ctor Galeano, profesor de Uninorte, con el t\u00edtulo \u201cProyecci\u00f3n de Brasil hacia el Caribe\u201d. Demostraba que en los \u00faltimos diez a\u00f1os el capital brasile\u00f1o ha ido penetrando en la econom\u00eda del Caribe, en muchos renglones. Evidenciando la vocaci\u00f3n brasile\u00f1a de constituirse en una potencia.<\/p>\n<p>El d\u00eda termin\u00f3 despu\u00e9s de una larga, agotadora e interesante jornada. El grupo se sinti\u00f3 dichoso de haber podido compartir con un grupo de acad\u00e9micos de mucha calidad. Regresamos al hotel muy contentos. Y as\u00ed termin\u00f3 nuestro periplo por Barranquilla.<\/p>\n","protected":false},"excerpt":{"rendered":"<p>Mu-Kien Adriana Sang (El Caribe,\u00a0 25-8-18) &nbsp; Porque naci\u00f3 frente al alba y en el sitio de la brisa, le dieron un nombre claro de flor o de lluvia fina. Un nombre para decirlo en medio de la sonrisa, enamorados los ojos y el coraz\u00f3n: \u00a1Barranquilla! Porque naci\u00f3 frente al alba \u00a1y el alba es [&hellip;]<\/p>\n","protected":false},"author":1,"featured_media":27826,"comment_status":"open","ping_status":"open","sticky":false,"template":"","format":"standard","meta":{"footnotes":""},"categories":[18,5],"tags":[],"class_list":["post-27825","post","type-post","status-publish","format-standard","has-post-thumbnail","hentry","category-cultura","category-nacionales"],"_links":{"self":[{"href":"https:\/\/debateplural.net\/site\/wp-json\/wp\/v2\/posts\/27825"}],"collection":[{"href":"https:\/\/debateplural.net\/site\/wp-json\/wp\/v2\/posts"}],"about":[{"href":"https:\/\/debateplural.net\/site\/wp-json\/wp\/v2\/types\/post"}],"author":[{"embeddable":true,"href":"https:\/\/debateplural.net\/site\/wp-json\/wp\/v2\/users\/1"}],"replies":[{"embeddable":true,"href":"https:\/\/debateplural.net\/site\/wp-json\/wp\/v2\/comments?post=27825"}],"version-history":[{"count":1,"href":"https:\/\/debateplural.net\/site\/wp-json\/wp\/v2\/posts\/27825\/revisions"}],"predecessor-version":[{"id":27827,"href":"https:\/\/debateplural.net\/site\/wp-json\/wp\/v2\/posts\/27825\/revisions\/27827"}],"wp:featuredmedia":[{"embeddable":true,"href":"https:\/\/debateplural.net\/site\/wp-json\/wp\/v2\/media\/27826"}],"wp:attachment":[{"href":"https:\/\/debateplural.net\/site\/wp-json\/wp\/v2\/media?parent=27825"}],"wp:term":[{"taxonomy":"category","embeddable":true,"href":"https:\/\/debateplural.net\/site\/wp-json\/wp\/v2\/categories?post=27825"},{"taxonomy":"post_tag","embeddable":true,"href":"https:\/\/debateplural.net\/site\/wp-json\/wp\/v2\/tags?post=27825"}],"curies":[{"name":"wp","href":"https:\/\/api.w.org\/{rel}","templated":true}]}}