{"id":27870,"date":"2018-09-25T12:07:59","date_gmt":"2018-09-25T16:07:59","guid":{"rendered":"http:\/\/debateplural.com\/?p=27870"},"modified":"2018-09-25T12:07:59","modified_gmt":"2018-09-25T16:07:59","slug":"luchar-contra-temer-y-el-golpe-es-luchar-contra-el-imperialismo","status":"publish","type":"post","link":"https:\/\/debateplural.net\/site\/2018\/09\/25\/luchar-contra-temer-y-el-golpe-es-luchar-contra-el-imperialismo\/","title":{"rendered":"\u201cLuchar contra Temer y el golpe es luchar contra el imperialismo\u201d"},"content":{"rendered":"<div class=\"topblogleft\">Ilka Oliva Corado (SinPermiso, 23-9-18)<\/div>\n<div><\/div>\n<div>\n<p>Eduardo Vasco, periodista brasile\u00f1o que colabora con Di\u00e1rio Liberade en Brasil y Portugal; y tambi\u00e9n \u00a0con \u00a0el portal ruso \u00a0Pravda en Brasil, en una entrevista para Cr\u00f3nicas de una inquilina, coloca en contexto la situaci\u00f3n sociopol\u00edtica de Brasil desde la destituci\u00f3n de Dilma y nos habla del panorama pol\u00edtico ahora que se avecinan \u00a0las \u00a0elecciones presidenciales.<\/p>\n<div class=\"qnewworld\"><\/div>\n<p><strong>\u00bfQu\u00e9 sucedi\u00f3 \u00a0que el pueblo \u00a0fue incapaz de impedir \u00a0la destituci\u00f3n de Dilma \u00a0o lo que es peor, \u00a0que no pudo impedir que Temer se convirtiera en presidente?\u00a0<\/strong><\/p>\n<p>Bien, es verdad que Brasil en los gobiernos de Lula y Dilma hab\u00eda mejorado la vida de los m\u00e1s pobres y excluidos, pero todav\u00eda exist\u00eda mucha desigualdad y el Partido de los Trabajadores (PT) nunca ha podido profundizar las transformaciones porque estaba alineado con muchos partidos de derecha, aunque no con los principales partidos de la burgues\u00eda y el imperialismo. En este sentido tambi\u00e9n, no ha hecho incentivos para la mayor organizaci\u00f3n de los trabajadores y dem\u00e1s clases explotadas, como lo ha hecho Hugo Ch\u00e1vez en Venezuela.<\/p>\n<p>As\u00ed con el ataque del imperio a toda Am\u00e9rica Latina, para profundizar el r\u00e9gimen de explotaci\u00f3n de los pueblos en beneficio de los grandes capitalistas, que viven en una crisis econ\u00f3mica sist\u00e9mica desde el 2008, Brasil era quiz\u00e1 el principal objetivo del saqueo imperialista en la regi\u00f3n. Para eso, tendr\u00edan que derrocar el PT (Partido de los Trabajadores) \u00a0del gobierno y ha utilizado los m\u00e1s sofisticados mecanismos, tales como el Congreso Nacional, que siempre ha sido controlado por la derecha, el Judiciario, el poder m\u00e1s conservador de la rep\u00fablica, \u00f3rganos como la Fiscal\u00eda General, el Ministerio P\u00fablico y la Polic\u00eda Federal (todos posiblemente infiltrados por agentes de los EEUU).<\/p>\n<p>Adem\u00e1s ha contado con la participaci\u00f3n fundamental de los grandes medios de comunicaci\u00f3n monopolizados por algunas de las familias m\u00e1s ricas del pa\u00eds, para manipular la opini\u00f3n p\u00fablica en contra del gobierno Dilma y convocar las protestas organizadas por grupos creados en EEUU o financiados por dinero proveniente de EEUU. Fue un ataque devastador que no fue contenido porque era muy poderoso pero tambi\u00e9n porque el gobierno y el PT \u00a0(Partido de los Trabajadores) no hicieron resistencia, llamando al pueblo a las calles mediante las organizaciones populares como la CUT, (Central \u00danica de los Trabajadores) \u00a0el MST, (Movimiento de los Trabajadores Rurales sin Tierra) \u00a0los propios militantes del PT (Partido de los Trabajadores) \u00a0y de las dem\u00e1s organizaciones de izquierda. Poco ha sido hecho al respeto.<\/p>\n<p><strong>\u00bfCu\u00e1les han sido los efectos de la reforma laboral de Temer? \u00a0<\/strong><\/p>\n<p>Temer el entonces vice-presidente del partido Movimiento Democr\u00e1tico Brasile\u00f1o (el partido de la oligarqu\u00eda tradicional, al cual el PT \u00a0se tuvo que \u00a0alinear para poder gobernar el pa\u00eds con alguna estabilidad) fue colocado en la presidencia por el imperialismo y la derecha para entregar todos los recursos nacionales al gran capital internacional. Brasil vive dos a\u00f1os de neoliberalismo, que ha retirado muchos derechos de los trabajadores con la reforma laboral, que ha liberado la tercerizaci\u00f3n de funciones en las empresas para que los patrones no necesiten ofrecer los derechos m\u00e1s elementales conquistados por d\u00e9cadas de lucha de los trabajadores; adem\u00e1s de \u201cflexibilizar\u201d el r\u00e9gimen laboral, haciendo con que el salario puede ser mucho m\u00e1s bajo y los trabajadores trabajen mucho m\u00e1s, condiciones de trabajo mucho m\u00e1s precarias y el trabajo informal siendo cada vez m\u00e1s recurrente. Adem\u00e1s hay 13 millones de desempleados que, sumados a los subempleados llegan a m\u00e1s de 27 millones, seg\u00fan cifras oficiales. Hay tambi\u00e9n casi 5 millones de personas que han desistido de buscar empleo porque no los hay.<\/p>\n<p><strong>Marielle, \u00bfqu\u00e9 simboliza Marielle para el pueblo brasile\u00f1o?\u00a0<\/strong><\/p>\n<p>Su asesinato es un retrato de la represi\u00f3n brutal que sufre el pueblo por los golpistas, especialmente las mujeres, negras y pobres que viven el las periferias, donde la polic\u00eda asesina y comete las m\u00e1s crueles atrocidades en contra de la gente. Simboliza la violencia estatal y de la derecha en contra de la comunidad LGBT, especialmente los m\u00e1s marginalizados social y econ\u00f3micamente. Simboliza el cerco de la derecha contra la izquierda y la vuelta de la dictadura. Es un resumen de lo que ocurre a diario en las favelas brasile\u00f1as. Marielle denunciaba los cr\u00edmenes de las fuerzas de seguridad del Estado y de las milicias ligadas a la polic\u00eda que hacen barbaridades en las favelas. El pueblo jam\u00e1s va a olvidar de eso.<\/p>\n<p><strong>Es un crimen de Estado que seis meses despu\u00e9s, a\u00fan sigue sin resolverse.\u00a0<\/strong><\/p>\n<p>As\u00ed es, un crimen de Estado que no se resuelve justamente porque fue el Estado el gran responsable por ese asesinato. La prensa intenta desconectar ese crimen al n\u00facleo de las fuerzas represivas del Estado, diciendo que es probable que es obra de elementos individuales. Sabemos que se trata de una pol\u00edtica m\u00e1s amplia de genocidio estatal.<\/p>\n<p>De una u \u00a0otra forma el incendio del Museo de R\u00edo de Janeiro es responsabilidad de las pol\u00edticas del gobierno de Temer, creo que es el golpe m\u00e1s grande que pudo darse a la cultura y es un mensaje directo al pueblo en resistencia. Buscaron acabar con la memoria hist\u00f3rica.<\/p>\n<p>Exacto. La pol\u00edtica neoliberal ha destruido el Museo Nacional, un edificio de 200 a\u00f1os de historia con objetos de valor inmaterial para toda Am\u00e9rica Latina e incluso la humanidad. En los a\u00f1os del golpe el museo ha sido devaluado por el Estado, sin mantenimiento de la infraestructura justamente con la finalidad de privatizarlo. Fue un golpe a la memoria hist\u00f3rica del pueblo brasile\u00f1o y no es aislado. En S\u00e3o Paulo, donde la pol\u00edtica neoliberal vigora hace m\u00e1s de 20 a\u00f1os, el Museo de la Lengua Portuguesa sufri\u00f3 un destino semejante, fruto de la pol\u00edtica que busca la privatizaci\u00f3n del patrimonio p\u00fablico. A la derecha no le gusta la cultura sino los beneficios que pueden transferir a sus patrones.<\/p>\n<p><strong>\u00bfC\u00f3mo es vivir en una favela en tiempos de Temer?\u00a0<\/strong><\/p>\n<p>Siempre ha sido un terror vivir en una favela en Brasil. Siempre. A nadie le gusta vivir en un ambiente sin las menores condiciones de vida, lejos del trabajo y de todo, cercano del tr\u00e1fico y de los cr\u00edmenes, adem\u00e1s de la mano de hierro del Estado que es la polic\u00eda. Pero despu\u00e9s del golpe, la violencia en contra de la gente que vive en las favelas ha aumentado.<\/p>\n<p>Y hay un factor muy preocupante, particularmente en R\u00edo de Janeiro: la intervenci\u00f3n militar. El gobierno, que est\u00e1 pr\u00e1cticamente controlado por militares, utiliz\u00f3 como excusa la gran violencia en R\u00edo para enviar tropas del ej\u00e9rcito para \u201cpacificar\u201d a las comunidades. Por supuesto, no lo ha pacificado nada, ha empeorado la situaci\u00f3n, con denuncias de m\u00e1s asesinatos, violaciones, secuestros, incluso de ni\u00f1os y ni\u00f1as. Lo que hay es un terrorismo de Estado.<\/p>\n<p><strong>Las mujeres obreras y campesinas \u00a0y la comunidad LGBTI son las poblaciones m\u00e1s golpeadas por las pol\u00edticas \u00a0neoliberales de Temer.\u00a0<\/strong><\/p>\n<p>S\u00ed, el gobierno Temer es profundamente machista y LGBTf\u00f3bico, lleno de elementos de extrema derecha. Eso se refleja en las pol\u00edticas de Estado en contra toda la poblaci\u00f3n, pero con especial gravedad en contra de las mujeres. Son las m\u00e1s afectadas por el golpe neoliberal-fascista. Con el choque neoliberal, se profundiz\u00f3 la desigualdad salarial, las mujeres son las que menos consiguen empleo, son las m\u00e1s explotadas, tienen que parar de estudiar porque los recortes a los subsidios a la educaci\u00f3n son brutales y necesitan cuidar de los hijos. Es un crimen en contra de los derechos humanos de las mujeres y de lesa humanidad lo que el gobierno golpista est\u00e1 haciendo.<\/p>\n<p>Sin embargo, las mujeres est\u00e1n en la vanguardia de la lucha contra el golpe y la derecha y son una de las camadas sociales m\u00e1s movilizadas en la defensa de los derechos de pueblo.<\/p>\n<p><strong>Temer no solo distanci\u00f3 a Brasil de la unidad que ten\u00eda con los pa\u00edses progresistas de la regi\u00f3n sino que apoya pol\u00edticas injerencistas de gobiernos fascistas que buscan regresar \u00a0a Latinoam\u00e9rica a la \u00e9poca de las dictaduras.\u00a0<\/strong><\/p>\n<p>Tiene que presentar cuentas a los que lo pusieron en el gobierno y lo sostienen. El golpe fue para entregar Brasil al imperio, y para eso necesitan que se aleje de sus tradicionales aliados y la pol\u00edtica llevada a cabo especialmente por Lula, de integraci\u00f3n sudamericana y con los pa\u00edses del llamado Tercer Mundo.<\/p>\n<p>Brasil es el eje de Am\u00e9rica Latina, particularmente de Am\u00e9rica del Sur. Es primordial para EEUU que controle a Brasil con manos de hierro. As\u00ed, alejando a Brasil de los pa\u00edses progresistas, es m\u00e1s f\u00e1cil cambiar reg\u00edmenes en otros pa\u00edses y, finalmente, presionar a los gobiernos m\u00e1s vigorosos que mantuvieron \u00a0el progresismo, como Venezuela, Bolivia y Nicaragua.<\/p>\n<p>La diplomacia brasile\u00f1a, ampliamente conocida por su aspiraci\u00f3n de paz y ayuda en procesos de di\u00e1logo por todo el mundo, casi no existe m\u00e1s. Somos una filial de los EEUU. En el caso espec\u00edfico de Venezuela, el canciller brasile\u00f1o no pasa de un perrito de Washington, tal como el propio Temer. Hay una verdadera amenaza de invasi\u00f3n a Venezuela y eso solo puede ocurrir con la participaci\u00f3n de Brasil. A depender del desarrollo pol\u00edtico, especialmente despu\u00e9s de las elecciones presidenciales de octubre, hay un riesgo enorme de que eso se concretice.<\/p>\n<p><strong>Hay un Brasil antes y despu\u00e9s de Lula. \u00bfPor qu\u00e9 no se llam\u00f3 a un paro general indefinido cuando lo encarcelaron? Es la rebeli\u00f3n de los pueblos que luchan por si libertad la \u00a0que provoca los cambios en las naciones. \u00bfQu\u00e9 sucedi\u00f3?<\/strong><\/p>\n<p>Ha sucedido lo mismo que en el impeachment de Dilma, aunque ahora el pueblo est\u00e1 m\u00e1s organizado y radicalizado. El problema es que el PT tiene miedo de la radicalizaci\u00f3n de las masas populares y cree en el camino institucional. Pero todas las instituciones est\u00e1n al control de la derecha golpista pro-imperialista, como fue comprobado con la prisi\u00f3n ilegal de Lula. El PT cree que la justicia golpista va a liberar al \u00a0ex-presidente.<\/p>\n<p>La Central \u00danica de los Trabajadores (CUT) es controlada por el PT, as\u00ed como el Movimiento de los Trabajadores Sin Tierra (MST). Sin embargo, las bases de esas organizaciones y especialmente del proprio PT, no piensan as\u00ed, tanto es que en la noche en que Lula se entreg\u00f3 a la persecuci\u00f3n de los golpistas, despu\u00e9s de dos d\u00edas protegido en el Sindicato de los Metal\u00fargicos en S\u00e3o Paulo, la clase trabajadora estaba dispuesta a la lucha para que no se entregase. Actualmente hay una tendencia creciente a la lucha de masas para la liberaci\u00f3n de Lula, expresada incluso en la aplastante preferencia electoral a su candidatura, que fue ilegalmente impedida por la justicia golpista.<\/p>\n<p>Lula es el m\u00e1s grande l\u00edder popular de la historia de Brasil. \u00c9l es hijo de la clase obrera, l\u00edder sindical, fue el mejor presidente de nuestro pa\u00eds. Por eso el pueblo siente que necesita luchar por Lula, porque Lula es pueblo. Ese sentimiento es muy notable.<\/p>\n<p><strong>\u00bfQu\u00e9 papel ha jugado \u00a0la izquierda que siempre ha sido af\u00edn a la derecha? Lo pudimos ver en la destituci\u00f3n de Dilma con su pasividad.\u00a0<\/strong><\/p>\n<p>Es un izquierda de clase media, peque\u00f1o burguesa, dislocada de la realidad. As\u00ed como ocurri\u00f3 en la destituci\u00f3n de Dilma, hoy ella no lucha y ni siquiera habla de golpe de Estado, para esa izquierda no hubo un golpe y el PT es igual a los otros partidos de la burgues\u00eda. Hay gente en esa izquierda que piensa que Lula tiene que estar preso, que es corrupto y un traidor de los trabajadores.<\/p>\n<p>Afortunadamente esa izquierda no tiene expresi\u00f3n ni representaci\u00f3n popular.<\/p>\n<p><strong>\u00bfLogr\u00f3 unificarse con el progresismo despu\u00e9s de Temer \u00a0o sigue siendo af\u00edn a las pol\u00edticas \u00a0fascistas?\u00a0<\/strong><\/p>\n<p>Despu\u00e9s de la verg\u00fcenza que fue su apoyo pr\u00e1ctico al impeachment, esa izquierda (que siempre fue minoritaria) ha sido casi que extinta del mapa pol\u00edtico. Una parte de ella ha percibido el error de no luchar en contra del golpe y se ha sumado, mismo que parcialmente, al movimiento anti golpista que est\u00e1 creciendo. Otra, como lo dije, sigue al camino del precipicio con esa pol\u00edtica que solo sirve a la derecha y al imperialismo.<\/p>\n<p><strong>La palabra cultura en tiempos de \u00a0un gobierno fascista es un grito de resistencia de la poblaci\u00f3n. \u00bfEst\u00e1 siendo cultural la lucha contra el gobierno de Temer?\u00a0<\/strong><\/p>\n<p>Por supuesto. La lucha cultural est\u00e1 intr\u00ednsecamente alineada a la lucha de clases. La pol\u00edtica de choque neoliberal del golpe busca retirar todos los derechos del pueblo, incluso la cultura. Por eso tambi\u00e9n los artistas, algunos de los m\u00e1s famosos de Brasil (como Chico Buarque, Gilberto Gil, Caetano Veloso y Beth Carvalho), han se sumado a las protestas culturales en contra del golpe. Una de ellas ha sido el gigantesco festival Lula Livre, que reuni\u00f3 80 mil personas en R\u00edo de Janeiro, mismo aun con \u00a0el boicoteo de los medios y del gobierno de R\u00edo.<\/p>\n<p>Adem\u00e1s, luchar contra Temer y el golpe es luchar contra el imperialismo. Y una de las formas de dominaci\u00f3n que el imperialismo utiliza es la cultura. La derecha, que no tiene cultura y no le gusta el pueblo de Brasil ni de Am\u00e9rica Latina, busca implementar la manera de pensar y de vivir de los EEUU, des caracterizando la cultura nacional. Eso es muy peligroso, porque un pueblo que les permite la retirada de su identidad es un pueblo casi sin condiciones de derrotar al dominador imperialista.<\/p>\n<p><strong>\u00bfQui\u00e9n es y qu\u00e9 \u00a0representa Bolsonaro para Brasil? Bolsonaro que es el candidato de la extrema derecha.\u00a0<\/strong><\/p>\n<p>Es un pol\u00edtico fascista y neoliberal. Est\u00e1 hace m\u00e1s de 25 a\u00f1os en la pol\u00edtica, con familiares en cargos pol\u00edticos a nivel federal y local, todos de extrema derecha. Pero se presenta como algo nuevo. Eso es as\u00ed porque era desconocido hasta el comienzo del golpe de Estado, m\u00e1s o menos en 2012; cuando el imperialismo y la derecha empezaban a propagar ideas y movimientos fascistas en contra de la izquierda y del gobierno. Entonces gan\u00f3 popularidad en medio de esa ola de derecha y extrema derecha.<\/p>\n<p>Bolsonaro es un capit\u00e1n reformado del ej\u00e9rcito que defiende la dictadura militar que gobern\u00f3 a Brasil entre 1964 y 1985 y las torturas y muertes que los militares provocaron a la resistencia de izquierda. Defiende el genocidio del pueblo negro, de los pobres, de los campesinos, de los homosexuales, de los inmigrantes de \u00c1frica y Am\u00e9rica Latina, dice que \u00a0las mujeres merecen ser violadas y ganar menor salario que los hombres, defiende una pol\u00edtica econ\u00f3mica neoliberal de ataque total a los trabajadores y militarizaci\u00f3n total del Estado. Por eso es el candidato m\u00e1s odiado de todos, aunque tenga muchos seguidores, aquellos mismos fascistas que aparecieron a partir de 2012\/2013.<\/p>\n<p>Dice que es nacionalista, pero siempre quiso entregar las riquezas nacionales a los EEUU, dice que es honesto pero se \u00a0ha enriquecido con dinero p\u00fablico, se dice cristiano pero apoy\u00f3 todas aquellas \u00a0las atrocidades que he relatado. En verdad, Bolsonaro es una farsa grotesca.<\/p>\n<p><strong>\u00bfQui\u00e9n es y qu\u00e9 \u00a0representa Haddad? Quien ha tomado el lugar de Lula debido a su encarcelamiento.\u00a0<\/strong><\/p>\n<p>Fernando Haddad es un intelectual y profesor, filiado al Partido de los Trabajadores pero sin vinculaciones a la clase trabajadora como es Lula. Por eso, mismo despu\u00e9s de haber sido alcalde de la principal ciudad de Brasil, S\u00e3o Paulo, y de ser anunciado el sustituto del principal liderazgo del pa\u00eds, no ha logrado la popularidad que pensaba.<\/p>\n<p>Es un pol\u00edtico de izquierda pero muy moderado, la burgues\u00eda y la derecha lo est\u00e1n presionando para que no implemente un gobierno para los trabajadores, caso sea electo. Pero ellos no quieren que el PT vuelva al gobierno, fue por eso que derrocaron a Dilma.<\/p>\n<p><strong>Se acercan las elecciones, \u00bfest\u00e1 preparado el pueblo brasile\u00f1o para defender en las urnas las pol\u00edticas de inclusi\u00f3n de Dilma y Lula?\u00a0<\/strong><\/p>\n<p>S\u00ed, por eso al pueblo le gustar\u00eda votar por Lula. En las encuestas electorales antes del impedimento total de la candidatura de Lula, \u00e9l ten\u00eda el apoyo del 40 por ciento del electorado. Ganar\u00eda a todos los otros candidatos aun en la primera ronda.<\/p>\n<p>Sin embargo, estas elecciones fueron hechas para que Lula y el PT no las gane. Son totalmente manipuladas por la burgues\u00eda, la derecha y los imperialistas. El principal candidato de la clase dominante, de los bancos y de las multinacionales es el ex-gobernador del estado de S\u00e3o Paulo por cuatro ocasiones, Geraldo Alckmin, del partido tradicional del entreguismo, el PSDB (Partido de la Social Democracia Brasile\u00f1a). Hay toda una compleja campa\u00f1a para que \u00e9l (que a\u00fan est\u00e1 lejos de Bolsonaro, en primero, y Haddad, en segundo, en las encuestas) llegue al segundo turno y gane las elecciones.<\/p>\n<p>En cualquiera de los casos, no importa qui\u00e9n gane las elecciones, lo que va a decidir si Brasil va a derrotar a la pol\u00edtica golpista neoliberal y al imperialismo ser\u00e1 la lucha de las clases populares en las calles contra todo ese retroceso que estamos viendo, y que probablemente \u00a0se puede \u00a0profundizar, juntamente con la crisis del r\u00e9gimen pol\u00edtico en Brasil. Es en eso que tenemos que apostar, porque solamente la movilizaci\u00f3n revolucionaria de los trabajadores puede derrotar a la derecha, la pol\u00edtica neoliberal y el golpe y; \u00a0llevar al poder a un gobierno que represente las aspiraciones y la voluntad del pueblo brasile\u00f1o.<\/p>\n<\/div>\n","protected":false},"excerpt":{"rendered":"<p>Ilka Oliva Corado (SinPermiso, 23-9-18) Eduardo Vasco, periodista brasile\u00f1o que colabora con Di\u00e1rio Liberade en Brasil y Portugal; y tambi\u00e9n \u00a0con \u00a0el portal ruso \u00a0Pravda en Brasil, en una entrevista para Cr\u00f3nicas de una inquilina, coloca en contexto la situaci\u00f3n sociopol\u00edtica de Brasil desde la destituci\u00f3n de Dilma y nos habla del panorama pol\u00edtico ahora [&hellip;]<\/p>\n","protected":false},"author":1,"featured_media":6549,"comment_status":"open","ping_status":"open","sticky":false,"template":"","format":"standard","meta":{"footnotes":""},"categories":[14,12],"tags":[],"class_list":["post-27870","post","type-post","status-publish","format-standard","has-post-thumbnail","hentry","category-internacionales","category-politica-3"],"_links":{"self":[{"href":"https:\/\/debateplural.net\/site\/wp-json\/wp\/v2\/posts\/27870"}],"collection":[{"href":"https:\/\/debateplural.net\/site\/wp-json\/wp\/v2\/posts"}],"about":[{"href":"https:\/\/debateplural.net\/site\/wp-json\/wp\/v2\/types\/post"}],"author":[{"embeddable":true,"href":"https:\/\/debateplural.net\/site\/wp-json\/wp\/v2\/users\/1"}],"replies":[{"embeddable":true,"href":"https:\/\/debateplural.net\/site\/wp-json\/wp\/v2\/comments?post=27870"}],"version-history":[{"count":1,"href":"https:\/\/debateplural.net\/site\/wp-json\/wp\/v2\/posts\/27870\/revisions"}],"predecessor-version":[{"id":27871,"href":"https:\/\/debateplural.net\/site\/wp-json\/wp\/v2\/posts\/27870\/revisions\/27871"}],"wp:featuredmedia":[{"embeddable":true,"href":"https:\/\/debateplural.net\/site\/wp-json\/wp\/v2\/media\/6549"}],"wp:attachment":[{"href":"https:\/\/debateplural.net\/site\/wp-json\/wp\/v2\/media?parent=27870"}],"wp:term":[{"taxonomy":"category","embeddable":true,"href":"https:\/\/debateplural.net\/site\/wp-json\/wp\/v2\/categories?post=27870"},{"taxonomy":"post_tag","embeddable":true,"href":"https:\/\/debateplural.net\/site\/wp-json\/wp\/v2\/tags?post=27870"}],"curies":[{"name":"wp","href":"https:\/\/api.w.org\/{rel}","templated":true}]}}