{"id":28307,"date":"2018-10-13T09:30:42","date_gmt":"2018-10-13T13:30:42","guid":{"rendered":"http:\/\/debateplural.com\/?p=28307"},"modified":"2018-10-13T09:30:55","modified_gmt":"2018-10-13T13:30:55","slug":"permanencia-de-jacques-viau-i-3","status":"publish","type":"post","link":"https:\/\/debateplural.net\/site\/2018\/10\/13\/permanencia-de-jacques-viau-i-3\/","title":{"rendered":"Permanencia de Jacques Viau (1)"},"content":{"rendered":"<p>Argenida Romero (D. Libre, 26-5-15)<\/p>\n<p><em>Primera parte de una serie sobre la vida del poeta haitiano Jacques Viau, quien muri\u00f3 durante el enfrentamiento contra las tropas invasoras de EE.UU., en 1965, en la gesta constitucionalista iniciada en abril de ese a\u00f1o.<\/em><\/p>\n<p>Se inicia la tarde del 15 de junio de 1965. El sonido de disparos y bombardeos domina el ambiente. Dentro de uno de los salones donde meses atr\u00e1s funcionaba la escuela primaria Ecuador, tres hombres revisan mapas en la que se cruzan los trazos de varias calles de los barrios capitalinos San Carlos y Villa Francisca, ubicados en la zona sur de Santo Domingo.<\/p>\n<p>Hablan sobre estrategias para evitar el paso de la fuerza militar estadounidense, que desde las primeras horas busca barrer con esta \u00e1rea, conformada tambi\u00e9n por la Zona Colonial, Ciudad Nueva y parte de Gascue.<\/p>\n<p>No lo saben a\u00fan, pero ese d\u00eda y el siguiente ser\u00e1n recordados por ser los m\u00e1s cruentos del enfrentamiento del movimiento constitucionalista, que buscaba la restituci\u00f3n del gobierno de Juan Bosch, derrocado en septiembre de 1963, y las tropas invasoras que llegaron al pa\u00eds cuatro d\u00edas despu\u00e9s del 24 de abril de ese a\u00f1o, cuando se inici\u00f3 la gesta comandada por Francisco Alberto Caama\u00f1o De\u00f1\u00f3.<\/p>\n<p>Pedro Bonilla, comandante, y los subcomandantes Jacques Viau y Diomedes Mercedes est\u00e1n solos en la casona, sede del comando B3, construida en 1929 para hogar de la numerosa descendencia del sacerdote cat\u00f3lico Jos\u00e9 Napole\u00f3n Andrickson, quien procre\u00f3 27 hijos. La llamada mansi\u00f3n de las \u201cCumbres de Meri\u00f1o\u201d est\u00e1 ubicada en la calle Jacinto de la Concha, casi esquina avenida M\u00e9xico en Villa Francisca.<\/p>\n<p>En un momento, Diomedes deja de ver los planos, y voltea a su espalda. Ve caer por las escaleras un objeto que enseguida reconoce. Es un proyectil de mortero. La explosi\u00f3n ahoga su voz de advertencia. El estropicio se siembra tras el estallido. Con dificultad, se levanta. Siente un dolor en la espalda, pero puede caminar. Se acerca a Jacques.<\/p>\n<p>\u201cCuando yo voy a recogerlo a \u00e9l, Pedro Bonilla grita desesperadamente y sangraba profusamente, y Jacques Viau me dice: \u2018No, Diomedes. Socorre primero al comandante, a Pedro\u2019. Pero Jacques est\u00e1, que cuando yo lo quise coger, la imagen que puedo decirte\u2026piensa en una ciguapa que se le han roto las piernas\u201d.<\/p>\n<p>As\u00ed recuerda el episodio Diomedes, sentado en su estudio, una calurosa tarde de abril casi cincuenta a\u00f1os despu\u00e9s de ese d\u00eda. Levanta el rostro para evitar que se derramen las l\u00e1grimas. \u201cNo hay como sostener a Jacques porque tiene destrozadas las dos piernas, m\u00e1s lo que le cogi\u00f3 el resto del cuerpo. Y Jacques reacciona en solidaridad con el otro compa\u00f1ero a quien \u00e9l oye gritar\u201d.<\/p>\n<p>Seis d\u00edas despu\u00e9s, Jacques Viau muere. Ten\u00eda 23 a\u00f1os.<\/p>\n<p><strong>Descenso del mito<\/strong><\/p>\n<p>H\u00e9roe y m\u00e1rtir constitucionalista. Poeta. Profesor. \u00bfQui\u00e9n fue Jacques Viau?<\/p>\n<p>Joseph Anne Albert Jacques Viau Renuad naci\u00f3 en Puerto Pr\u00edncipe, Hait\u00ed, el lunes 28 de julio de 1941. As\u00ed lo declar\u00f3 su padre Joseph Alfred Viau, profesor y abogado, a las dos de la tarde del martes 5 de agosto de ese a\u00f1o, de acuerdo con el extracto 63663 de la acta de nacimiento n\u00famero 373, registrada en el Tribunal Civil de Puerto Pr\u00edncipe y que reposa en los archivos de la Universidad Aut\u00f3noma de Santo Domingo (UASD).<\/p>\n<p>\u201c\u2026nos ha declarado que ese es su hijo leg\u00edtimo, nacido en esta ciudad en su domicilio de la avenida (ilegible) No. 57, el lunes 28 de julio de este a\u00f1o a las 8 horas y 20 minutos de la noche, y de su esposa Anne Renaud, florista, bordadora, con el mismo domicilio\u201d.<\/p>\n<p>Joan Ferrer Rodr\u00edguez, miembro del Instituto Dominicano de Genealog\u00eda, apunta en sus notas sobre la ascendencia de Jacques Viau, que Alfred y Anne -su segunda esposa- tuvieron otros nueve hijos: Ramona, Gerard, Elie, Marie-Lucie Simone, Maurice y Claude, hermanos mayores de Jacques. Luego Clement, Marie-Chantal y Julia.<\/p>\n<p>El padre de Jacques tambi\u00e9n fue pol\u00edtico. Se autoexili\u00f3 en Rep\u00fablica Dominicana junto a su familia, tras el asesinato de su hijo Gerard, producto del enfrentamiento pol\u00edtico entre negros y mulatos durante el gobierno de Dumarsais Estim\u00e9.<\/p>\n<p>En el libro \u201cConsulado de Belladere en las relaciones dominico haitianas\u201d, de Alberto E. Despradel, se refiere que el 6 de julio de 1948, Gerard mat\u00f3 al director del peri\u00f3dico oficialista La Republique, Jean Remy. El hijo de Viau fue asesinado por seguidores del presidente.<\/p>\n<p>Jacques ten\u00eda seis a\u00f1os.<\/p>\n<p><strong>El joven Jacques<\/strong><\/p>\n<p>En su libro \u201cJacques Viau, poeta de una isla y Madame Saga\u201d, el escritor Antonio Lockward Artiles \u2013uno de sus mejores amigos y albacea de sus poemas, publicados p\u00f3stumamente- se\u00f1ala que Jacques vivi\u00f3 en diferentes casas en Ciudad Nueva y la Ciudad Colonial. Asisti\u00f3 a distintas escuelas: Luisa Ozema Pellerano, Colegio de La Salle, Escuela Chile y el Liceo Presidente Trujillo, hoy Juan Pablo Duarte, donde curs\u00f3 la totalidad del bachillerato.<\/p>\n<p>El abogado e historiador Jos\u00e9 Antinoe Fiallo Billini fue su compa\u00f1ero de clases en el \u00faltimo a\u00f1o de bachillerato, que inici\u00f3 en septiembre de 1960. Cuarto curso de Filosof\u00eda y Letras. \u00c9l ten\u00eda 16 a\u00f1os. Jacques ten\u00eda 18.<\/p>\n<p>\u201cEra una persona sencilla, muy amable, t\u00fa ves. Cuando \u00e9l interven\u00eda en el curso, era una persona muy estudiosa, con muchos conocimientos. Uno se daba cuenta, por ejemplo, con una reflexi\u00f3n filos\u00f3fica, una reflexi\u00f3n metida en el campo de la literatura. Le interesaba el conocimiento de las situaciones hist\u00f3ricas. Ten\u00eda un excelente buen trato, excelentes relaciones con todo el mundo en el curso\u201d.<\/p>\n<p>Jos\u00e9 Antinoe rememora la \u00e9poca, y por momentos su relato se torna pausado. Recuerda que Jacques, adem\u00e1s del espa\u00f1ol, hablaba perfectamente creole y franc\u00e9s. Jugaba baloncesto. \u201c\u00c9l ten\u00eda una buena estatura, que era una ventaja para tirar la bola por encima a la gente. O cuando llegaba al aro estar en mejores condiciones\u201d. Sonr\u00ede.<\/p>\n<p>Eran vecinos en la Ciudad Colonial. Sol\u00edan encontrarse en la calle Arzobispo Nouel para tomar el autob\u00fas de dos pisos, que hac\u00eda ruta en la zona hacia el liceo. Fuera de los asuntos de clases y algunos intereses literarios sobre los poetas Fabio Fiallo, su t\u00edo abuelo, y Salom\u00e9 Ure\u00f1a, no hay en su memoria vestigios de alguna conversaci\u00f3n de \u00edndole pol\u00edtica con Jacques.<\/p>\n<p>\u201cHay que tener en cuenta que todav\u00eda estaba Trujillo, las conversaciones ten\u00edan que tener mucho cuidado. Alguna persona podr\u00eda estar oyendo, un cali\u00e9. Siempre las relaciones sobre todo estaban centradas con los estudios de uno, que c\u00f3mo estaba la guagua donde nos mont\u00e1bamos. Hab\u00eda d\u00edas que decid\u00edamos bajar a pie a la Duarte, para ver qu\u00e9 tan r\u00e1pido baj\u00e1bamos. Ir por la calle El Conde, ponerse a caminar\u201d.<\/p>\n<p>Luego de terminar el bachillerato \u201ccada uno cogi\u00f3 para su estudio universitario\u201d. Ambos se inscribieron en la Universidad de Santo Domingo. Jos\u00e9 Antinoe en la Facultad de Derecho. Jacques en la de Ciencias Econ\u00f3micas.<\/p>\n<p>Se cruzaban ocasionalmente. \u201cLos muchachos que viv\u00edamos ah\u00ed adentro, circul\u00e1bamos, camin\u00e1bamos para enterarnos de chismes, algunos est\u00e1bamos enamorados y asech\u00e1bamos cuando la amada pasara por ah\u00ed. O, por ejemplo, uno sal\u00eda de la universidad y cog\u00eda a la calle El Conde a comprarse un juguito, y nos segu\u00edamos viendo de manera ocasional. Como viv\u00edamos all\u00ed, nos ve\u00edamos bastante\u201d.<\/p>\n<p>Despu\u00e9s de iniciarse la guerra civil, el 24 de abril de 1965, dice que lo pudo ver \u201cdos o tres veces\u201d. Jos\u00e9 Antinoe y su hermano Alberto tuvieron que salir de la zona constitucionalista, al ser acusados de participar en la muerte de una persona. No lo volvi\u00f3 a ver.<\/p>\n<p>Pero la adolescencia y corta juventud de Jacques antes de ese abril no fue solo de paseos por El Conde y sus d\u00edas de universitario. Se asegura que estuvo en Hait\u00ed antes de 1960, de donde fue sacado por su madre, temerosa, ante su intenci\u00f3n de implicarse en un movimiento revolucionario. Tambi\u00e9n comenz\u00f3 a ense\u00f1ar franc\u00e9s, se involucr\u00f3 en el movimiento cultural, pol\u00edtico y literario de la \u00e9poca, y conoci\u00f3 el amor de una mujer que lo acompa\u00f1\u00f3 hasta su \u00faltimo aliento, aunque ahora ella intenta corregir la historia.<\/p>\n","protected":false},"excerpt":{"rendered":"<p>Argenida Romero (D. Libre, 26-5-15) Primera parte de una serie sobre la vida del poeta haitiano Jacques Viau, quien muri\u00f3 durante el enfrentamiento contra las tropas invasoras de EE.UU., en 1965, en la gesta constitucionalista iniciada en abril de ese a\u00f1o. Se inicia la tarde del 15 de junio de 1965. El sonido de disparos [&hellip;]<\/p>\n","protected":false},"author":1,"featured_media":26881,"comment_status":"open","ping_status":"open","sticky":false,"template":"","format":"standard","meta":{"footnotes":""},"categories":[18,16],"tags":[],"class_list":["post-28307","post","type-post","status-publish","format-standard","has-post-thumbnail","hentry","category-cultura","category-libros"],"_links":{"self":[{"href":"https:\/\/debateplural.net\/site\/wp-json\/wp\/v2\/posts\/28307"}],"collection":[{"href":"https:\/\/debateplural.net\/site\/wp-json\/wp\/v2\/posts"}],"about":[{"href":"https:\/\/debateplural.net\/site\/wp-json\/wp\/v2\/types\/post"}],"author":[{"embeddable":true,"href":"https:\/\/debateplural.net\/site\/wp-json\/wp\/v2\/users\/1"}],"replies":[{"embeddable":true,"href":"https:\/\/debateplural.net\/site\/wp-json\/wp\/v2\/comments?post=28307"}],"version-history":[{"count":2,"href":"https:\/\/debateplural.net\/site\/wp-json\/wp\/v2\/posts\/28307\/revisions"}],"predecessor-version":[{"id":28309,"href":"https:\/\/debateplural.net\/site\/wp-json\/wp\/v2\/posts\/28307\/revisions\/28309"}],"wp:featuredmedia":[{"embeddable":true,"href":"https:\/\/debateplural.net\/site\/wp-json\/wp\/v2\/media\/26881"}],"wp:attachment":[{"href":"https:\/\/debateplural.net\/site\/wp-json\/wp\/v2\/media?parent=28307"}],"wp:term":[{"taxonomy":"category","embeddable":true,"href":"https:\/\/debateplural.net\/site\/wp-json\/wp\/v2\/categories?post=28307"},{"taxonomy":"post_tag","embeddable":true,"href":"https:\/\/debateplural.net\/site\/wp-json\/wp\/v2\/tags?post=28307"}],"curies":[{"name":"wp","href":"https:\/\/api.w.org\/{rel}","templated":true}]}}