{"id":28436,"date":"2018-10-18T12:53:38","date_gmt":"2018-10-18T16:53:38","guid":{"rendered":"http:\/\/debateplural.com\/?p=28436"},"modified":"2018-10-18T12:53:38","modified_gmt":"2018-10-18T16:53:38","slug":"bolsonaro-y-la-inseguridad","status":"publish","type":"post","link":"https:\/\/debateplural.net\/site\/2018\/10\/18\/bolsonaro-y-la-inseguridad\/","title":{"rendered":"Bolsonaro y la inseguridad"},"content":{"rendered":"<p>Jorge Elbaum (Kaosenlared, 18-10-18)<\/p>\n<p>&nbsp;<\/p>\n<p>La segunda vuelta electoral a desarrollarse en Brasil implica el regreso al escenario pol\u00edtico continental de la derecha m\u00e1s dura y brutal, caracter\u00edstica de los a\u00f1os \u201970 del siglo pasado. El neoliberalismo produjo una crisis estructural caracterizada por una permanente inestabilidad econ\u00f3mica y financiera, generadora de desocupaci\u00f3n y precarizaci\u00f3n laboral, cuyo efecto ha sido aprovechado por sus mismos inventores.<\/p>\n<p>La marginalidad y la violencia urbana han sido uno de los efectos del clima de desigualdad, ahondados por la disoluci\u00f3n de los programas de inclusi\u00f3n social que el PT hab\u00eda implementado durante una d\u00e9cada y media. A medida que el Estado autolimita sus capacidades regulatorias, la anomia y el miedo recrudecen como una amenaza que dispara prioritariamente sobre los m\u00e1s pobres. Parad\u00f3jicamente, quienes desmontaron durante los tres \u00faltimos a\u00f1os las diferentes pol\u00edticas sociales orientadas a saldar las brechas sociales y amortiguar los costos de la volatilidad neoliberal, se presentan ante la sociedad como quienes ser\u00e1n capaces de darle soluci\u00f3n a la crisis, la recesi\u00f3n y el deterioro de las condiciones de vida, que han elevado la desocupaci\u00f3n y la subocupaci\u00f3n a 27 millones de personas en Brasil.<\/p>\n<p>El experimento de Jair Messias Bolsonaro, al igual que el resto de las derechas neofascistas que abundan en Europa, \u00edntimamente ligadas al car\u00e1cter supremacista de Trump, irrumpen como soluci\u00f3n a un desorden producido por el mismo esquema corporativo y trasnacional que lo incentiv\u00f3: han generado el clima y se ofrecen como meteor\u00f3logos aptos para superar las tormentas. En Argentina, Mauricio Macri endeud\u00f3 el pa\u00eds, destruy\u00f3 su mercado interno, limit\u00f3 la capacidad adquisitiva del salario de los trabajadores y suprimi\u00f3 las retenciones a los sectores m\u00e1s concentrados generando una profunda crisis cuyas responsabilidades son atribuidas al gobierno anterior y a causas fantasmag\u00f3ricas externas. De la misma forma que en Brasil, el macrismo exige el esp\u00edritu sacrificial a los m\u00e1s vulnerables, como soluci\u00f3n a las consecuencias de privilegiar a los sectores m\u00e1s concentrados, b\u00e1sicamente los financieros y los extractivistas.<\/p>\n<p>El discurso de mano dura y de reivindicaci\u00f3n de la tortura no redujo el voto hacia Bolsonaro. Por el contrario, los d\u00e9ficits del PT en relaci\u00f3n a incorporar en la agenda la acuciante situaci\u00f3n de la seguridad p\u00fablica, permitieron a la derecha del Partido Social Liberal \u2014la agrupaci\u00f3n de Bolsonaro\u2014, presentarse como el \u00fanico garante eficaz de la lucha contra el delito. En Am\u00e9rica Latina contin\u00faan primando niveles de desigualdad superiores a los existentes en otros continentes. Los gobiernos opuestos al neoliberalismo han buscado (y logrado) reducir una parte de esa brecha social, pero en relaci\u00f3n a la tem\u00e1tica de la inseguridad se han instalado en un lugar que ha sido recibido como endeble y poco categ\u00f3rico por quienes m\u00e1s sufren su impacto, sobre todo, los sectores m\u00e1s vulnerables de las sociedades latinoamericanas. Los pobres son las v\u00edctimas prioritarias y cotidianas del delito. Los sectores acaudalados se rodean de ej\u00e9rcitos de seguridad privada, c\u00e1maras de seguimiento y barrios artillados que les proveen garant\u00edas de cobertura de la cual los pobres carecen.<\/p>\n<p>Las v\u00edctimas prioritarias y m\u00e1s fr\u00e1giles de la violencia cotidiana son los m\u00e1s humildes. Y son quienes esperan alguna respuesta convincente que no deslegitime su padecimiento cotidiano de ser asaltados y robados con la habitual connivencia de los organismos de seguridad. Bolsonaro ha sido votado por millones de j\u00f3venes y habitantes de urbanizaciones\u00a0<i>faveladas<\/i>\u00a0que ven c\u00f3mo crece el delito amparado por las mafias policiales y la indiferencia de un sistema judicial que s\u00f3lo tiene capacidad para encarcelar a los eslabones m\u00e1s d\u00e9biles de las cadenas delictuales. El progresismo, el nacionalismo popular y las izquierdas latinoamericanas se presentan como ineficaces (sobre todo comunicacionalmente) frente a una de las demandas m\u00e1s perentorias demandadas por sus v\u00edctimas masivas. Los humildes sienten y verbalizan que los discursos garantistas protegen m\u00e1s al delincuente que al trabajador sacrificado y honesto: en la medida que esa percepci\u00f3n contin\u00fae, las proclamas fascistas lograr\u00e1n asentarse en el espacio vac\u00edo que deja la ingenuidad y la impericia pol\u00edtica progresista. Mientras estos \u00faltimos no logren imponer una agenda de defensa civil al sufrimiento cotidiano que implica el delito que padecen los m\u00e1s pobres, las opciones electorales de estos podr\u00e1n ser canalizadas hacia quienes les ofrecen garant\u00edas para salvar la vida de sus hijos, frente a sus potenciales asesinos. A los o\u00eddos de quien ha sido vapuleado por un acto vand\u00e1lico, de potencial homicidio delictual o de bombardeo medi\u00e1tico de noticias policiales, no hay discurso pol\u00edtico estrat\u00e9gico que pueda convencerlo. En Cuba, China o Vietnam la seguridad p\u00fablica es parte indisoluble del esquema de equidad social, hecho que es agradecido y valorado por sus diferentes grupos sociales, incluso aquellos que son cr\u00edticos con la ausencia de opciones electorales. No debiera aparecer como obligado el autom\u00e1tico abandono de la seguridad p\u00fablica como elemento central de responsabilidad p\u00fablica de cualquier programa pol\u00edtico de un Estado progresista.<\/p>\n<p>Otra de las externalidades del triunfo de Bolsonaro, tambi\u00e9n relacionada con la tem\u00e1tica de la seguridad, remite a repensar el esquema que se forj\u00f3 desde el PT a la hora de asociar indisolublemente el Estado con la acci\u00f3n social colectiva. Mientras Lula y Dilma fueron gobierno, la totalidad de los cuadros pol\u00edticos\u00a0<i>trabalhistas<\/i>\u00a0se concentraron en la actividad gubernamental, abandonando los espacios forjados al interior de los movimientos sociales. Esto gener\u00f3 una distancia creciente y un concomitante vac\u00edo que fue ocupado en forma escalonada por los grupos evang\u00e9licos pentecostales, creados originalmente en los a\u00f1os \u201960 para oponerse a los grupos de base de la teolog\u00eda de la liberaci\u00f3n. Estas comunidades evangelistas forjadas inicialmente con financiamiento estadounidense, utilizaron un discurso salvacionista basado en el individualismo y en la fortaleza de la instituci\u00f3n familiar. La apelaci\u00f3n al individualismo extremo como soporte \u00fanico del v\u00ednculo con la comunidad y el refugio en la familia han sido dos de los pocos reaseguros tangibles de contenci\u00f3n subjetiva frente a la violencia, el desempleo y la marginalidad que el propio neoliberalismo ha producido. Abandonar y\/o conceder la esperanza que ambas redes palpables implican, ha supuesto un desarme estrat\u00e9gico. Gran parte de la cotidianidad de los sectores m\u00e1s vapuleados por la anomia neoliberal requieren, para no caer en la desesperaci\u00f3n, alg\u00fan tipo de tabla de salvaci\u00f3n m\u00e1s o menos espiritual y humanizada. Y una parte esencial de este salvoconducto ha sido vehiculizado por los grupos tele-evangelistas que apoyan a Bolsonaro.<\/p>\n<p>Los bloques de legisladores que dar\u00e1n sustento al capit\u00e1n fascista pertenecen a los grupos extractivistas (el denominado Frente Parlamentario Agropecuario, transversal a diversos partidos), los pentecostales (articulados en el Frente Parlamentario Evang\u00e9lico, con casi 200 legisladores entre la c\u00e1mara de senadores y al de diputados) y el Frente de la Bala, que defiende a torturadores y reivindica a los hist\u00f3ricos escuadrones de la muerte de la d\u00e9cada del \u201960 y el \u201970. El neoliberalismo produce marginalidad y violencia. No debiera permit\u00edrsele que sea quien brinde una soluci\u00f3n aparente, ficticia pero cre\u00edble, para enfrentar sus consecuencias.<\/p>\n","protected":false},"excerpt":{"rendered":"<p>Jorge Elbaum (Kaosenlared, 18-10-18) &nbsp; La segunda vuelta electoral a desarrollarse en Brasil implica el regreso al escenario pol\u00edtico continental de la derecha m\u00e1s dura y brutal, caracter\u00edstica de los a\u00f1os \u201970 del siglo pasado. El neoliberalismo produjo una crisis estructural caracterizada por una permanente inestabilidad econ\u00f3mica y financiera, generadora de desocupaci\u00f3n y precarizaci\u00f3n laboral, [&hellip;]<\/p>\n","protected":false},"author":1,"featured_media":28301,"comment_status":"open","ping_status":"open","sticky":false,"template":"","format":"standard","meta":{"footnotes":""},"categories":[14,12],"tags":[],"class_list":["post-28436","post","type-post","status-publish","format-standard","has-post-thumbnail","hentry","category-internacionales","category-politica-3"],"_links":{"self":[{"href":"https:\/\/debateplural.net\/site\/wp-json\/wp\/v2\/posts\/28436"}],"collection":[{"href":"https:\/\/debateplural.net\/site\/wp-json\/wp\/v2\/posts"}],"about":[{"href":"https:\/\/debateplural.net\/site\/wp-json\/wp\/v2\/types\/post"}],"author":[{"embeddable":true,"href":"https:\/\/debateplural.net\/site\/wp-json\/wp\/v2\/users\/1"}],"replies":[{"embeddable":true,"href":"https:\/\/debateplural.net\/site\/wp-json\/wp\/v2\/comments?post=28436"}],"version-history":[{"count":1,"href":"https:\/\/debateplural.net\/site\/wp-json\/wp\/v2\/posts\/28436\/revisions"}],"predecessor-version":[{"id":28437,"href":"https:\/\/debateplural.net\/site\/wp-json\/wp\/v2\/posts\/28436\/revisions\/28437"}],"wp:featuredmedia":[{"embeddable":true,"href":"https:\/\/debateplural.net\/site\/wp-json\/wp\/v2\/media\/28301"}],"wp:attachment":[{"href":"https:\/\/debateplural.net\/site\/wp-json\/wp\/v2\/media?parent=28436"}],"wp:term":[{"taxonomy":"category","embeddable":true,"href":"https:\/\/debateplural.net\/site\/wp-json\/wp\/v2\/categories?post=28436"},{"taxonomy":"post_tag","embeddable":true,"href":"https:\/\/debateplural.net\/site\/wp-json\/wp\/v2\/tags?post=28436"}],"curies":[{"name":"wp","href":"https:\/\/api.w.org\/{rel}","templated":true}]}}