{"id":28697,"date":"2018-10-30T10:48:20","date_gmt":"2018-10-30T14:48:20","guid":{"rendered":"http:\/\/debateplural.com\/?p=28697"},"modified":"2018-10-30T10:48:20","modified_gmt":"2018-10-30T14:48:20","slug":"fortaleza-san-luis-patrimonio-cultural-en-el-limbo","status":"publish","type":"post","link":"https:\/\/debateplural.net\/site\/2018\/10\/30\/fortaleza-san-luis-patrimonio-cultural-en-el-limbo\/","title":{"rendered":"Fortaleza San Luis, patrimonio cultural en el limbo"},"content":{"rendered":"<p>Edwin Espinal (D. Libre, 29-10-18)<\/p>\n<p>&nbsp;<\/p>\n<p>Desde hace m\u00e1s de una d\u00e9cada ha existido el inter\u00e9s de reciclar la fortaleza San Luis en Santiago, en tanto espacio fundacional de la ciudad luego del terremoto de 1562.<\/p>\n<p>Su declaratoria como Patrimonio Nacional mediante decreto No. 172-91, del 29 de abril de 1991 dar\u00eda inicio a ese proceso, el cual tendr\u00eda su punto de arranque con la restauraci\u00f3n del reloj de su torre en 1995 por parte de la desaparecida Comisi\u00f3n del Centro Hist\u00f3rico, Monumentos y Sitios de Santiago, con el auspicio de Empresas Le\u00f3n Jimenes.<\/p>\n<p>Un segundo paso en esta orientaci\u00f3n fue el decreto n\u00fam. 480-97, del 14 de noviembre de 1997, por el cual se orden\u00f3 el traslado de la hoy Direcci\u00f3n Regional Cibao Central de la Polic\u00eda Nacional, que ten\u00eda su asiento en el fuerte, a la base en la que operaba el Comando Norte de la Fuerza A\u00e9rea, en la avenida Bartolom\u00e9 Col\u00f3n.<\/p>\n<p>Desalojada la Polic\u00eda, en 2001, por decreto n\u00fam. 1063-01, el Poder Ejecutivo otorg\u00f3 a la empresa Colopark una concesi\u00f3n por treinta a\u00f1os para desarrollar y administrar parqueos en ese recinto hist\u00f3rico.<\/p>\n<p>El 18 de marzo de ese a\u00f1o, el Administrador General de Bienes Nacionales, en representaci\u00f3n del Estado, firm\u00f3 el correspondiente contrato con dicha empresa para la construcci\u00f3n, en una primera etapa, de mil cien parqueos en el viejo fuerte a un costo de 85 millones de pesos.<\/p>\n<p>Aunque el proyecto elaborado con ese prop\u00f3sito fue presentado a fines de 2001 en un acto p\u00fablico celebrado en la misma fortaleza, encabezado por el presidente de la Rep\u00fablica, eso no pas\u00f3 de ser un planteamiento m\u00e1s en la serie de propuestas para su puesta en valor y al mismo tiempo, para conjurar la destrucci\u00f3n del patrimonio del Centro Hist\u00f3rico y disminuir la escasez de parqueos en su per\u00edmetro, pues la empresa favorecida con la medida presidencial nunca dio inicio a la construcci\u00f3n de los estacionamientos.<\/p>\n<p>Por decreto 730-03, del 6 de agosto de 2003, el Poder Ejecutivo modific\u00f3 el decreto 1063-01, del 23 de octubre de 2001, y concesion\u00f3 a la Asociaci\u00f3n de Comerciantes e Industriales de Santiago (ACIS) la construcci\u00f3n, operaci\u00f3n, explotaci\u00f3n y administraci\u00f3n de un edificio de estacionamientos en la fortaleza San Luis de Santiago, despojando as\u00ed de dicha concesi\u00f3n a la empresa Colopark, beneficiada por el decreto de 2001.<\/p>\n<p>No obstante, el 16 de diciembre de 2004, por decreto 1557-04, la autorizaci\u00f3n otorgada para la concesi\u00f3n a la ACIS fue derogada y se design\u00f3 una comisi\u00f3n para la conservaci\u00f3n, preservaci\u00f3n y puesta en valor de la fortaleza San Luis.<\/p>\n<p>La comisi\u00f3n, integrada por el Consejo Nacional de Asuntos Urbanos (Conau), que ostenta su presidencia; el Consejo para el Desarrollo Estrat\u00e9gico de la ciudad y el municipio de Santiago (CDES), el alcalde municipal, el gobernador de la provincia de Santiago, el Centro de Estudios Urbanos y Regionales (CEUR) de la PUCMM, la Direcci\u00f3n de Patrimonio Monumental, la Asociaci\u00f3n de Tiendas de Santiago (Asotisa), la Asociaci\u00f3n para el Desarrollo de Santiago (Apedi) y la propia Asociaci\u00f3n de Comerciantes e Industriales de Santiago (ACIS), en catorce a\u00f1os de existencia, no se ha instalado ni reunido nunca y aunque la autorizaci\u00f3n de concesi\u00f3n a la ACIS fue derogada no fue rescindido el contrato de concesi\u00f3n, aspecto al que la ACIS se aferra para condicionar y permitir cualquier intervenci\u00f3n en el monumento.<\/p>\n<p>Vale recordar, no obstante, que desde 2010 el art. 64, numeral 4, de la Constituci\u00f3n dispone que los bienes del patrimonio cultural de la Naci\u00f3n, cuya propiedad sea estatal, son inalienables, lo que nos remite a su consideraci\u00f3n como bienes de dominio p\u00fablico y a su intrasmisibilidad a terceros.<\/p>\n<p>Desde 2004, la Segunda Regi\u00f3n Militar del Ej\u00e9rcito Nacional tom\u00f3 posesi\u00f3n del inmueble, interviniendo sus elementos fundamentales, con miras a resaltar su atractivo.<\/p>\n<p>En 2005, con el auspicio de la empresa Cementos Cibao y el soporte del general Gustavo Jorge Garc\u00eda, inaugur\u00f3 el \u201cMuseo Cultural Fortaleza San Luis\u201d, gestado por un patronato que ha favorecido la animaci\u00f3n cultural del espacio. En la actualidad, el Ministerio de Defensa rige la fortaleza, con conciencia de sus valores hist\u00f3ricos y culturales.<\/p>\n<p>Los reclamos de intervenci\u00f3n para la rehabilitaci\u00f3n y potenciaci\u00f3n de la fortaleza como destino tur\u00edstico son constantes, pero han ca\u00eddo en un limbo en el que se sobreponen intereses encontrados por su gesti\u00f3n.<\/p>\n<p>Es de esperar que el Ministerio de Cultura, instancia competente para preservar el patrimonio cultural tangible de la naci\u00f3n (art.5, literal b, Ley n\u00fam. 41-00), as\u00ed como para fomentar su protecci\u00f3n, conservaci\u00f3n, rehabilitaci\u00f3n y divulgaci\u00f3n (art. 44 Ley n\u00fam. 41-00), muestre alguna vez inter\u00e9s por la fortaleza y que la Direcci\u00f3n Nacional de Patrimonio Monumental asuma en alg\u00fan momento su rol de realizar, coordinar y ejecutar las iniciativas y planes que correspondan para la puesta en valor de esta valiosa pieza del Patrimonio Monumental de la Naci\u00f3n.<\/p>\n","protected":false},"excerpt":{"rendered":"<p>Edwin Espinal (D. Libre, 29-10-18) &nbsp; Desde hace m\u00e1s de una d\u00e9cada ha existido el inter\u00e9s de reciclar la fortaleza San Luis en Santiago, en tanto espacio fundacional de la ciudad luego del terremoto de 1562. Su declaratoria como Patrimonio Nacional mediante decreto No. 172-91, del 29 de abril de 1991 dar\u00eda inicio a ese [&hellip;]<\/p>\n","protected":false},"author":1,"featured_media":28698,"comment_status":"open","ping_status":"open","sticky":false,"template":"","format":"standard","meta":{"footnotes":""},"categories":[5,17],"tags":[],"class_list":["post-28697","post","type-post","status-publish","format-standard","has-post-thumbnail","hentry","category-nacionales","category-sociedad"],"_links":{"self":[{"href":"https:\/\/debateplural.net\/site\/wp-json\/wp\/v2\/posts\/28697"}],"collection":[{"href":"https:\/\/debateplural.net\/site\/wp-json\/wp\/v2\/posts"}],"about":[{"href":"https:\/\/debateplural.net\/site\/wp-json\/wp\/v2\/types\/post"}],"author":[{"embeddable":true,"href":"https:\/\/debateplural.net\/site\/wp-json\/wp\/v2\/users\/1"}],"replies":[{"embeddable":true,"href":"https:\/\/debateplural.net\/site\/wp-json\/wp\/v2\/comments?post=28697"}],"version-history":[{"count":1,"href":"https:\/\/debateplural.net\/site\/wp-json\/wp\/v2\/posts\/28697\/revisions"}],"predecessor-version":[{"id":28699,"href":"https:\/\/debateplural.net\/site\/wp-json\/wp\/v2\/posts\/28697\/revisions\/28699"}],"wp:featuredmedia":[{"embeddable":true,"href":"https:\/\/debateplural.net\/site\/wp-json\/wp\/v2\/media\/28698"}],"wp:attachment":[{"href":"https:\/\/debateplural.net\/site\/wp-json\/wp\/v2\/media?parent=28697"}],"wp:term":[{"taxonomy":"category","embeddable":true,"href":"https:\/\/debateplural.net\/site\/wp-json\/wp\/v2\/categories?post=28697"},{"taxonomy":"post_tag","embeddable":true,"href":"https:\/\/debateplural.net\/site\/wp-json\/wp\/v2\/tags?post=28697"}],"curies":[{"name":"wp","href":"https:\/\/api.w.org\/{rel}","templated":true}]}}