{"id":2882,"date":"2016-01-12T13:54:23","date_gmt":"2016-01-12T13:54:23","guid":{"rendered":"http:\/\/debateplural.com\/?p=2882"},"modified":"2016-06-23T14:12:32","modified_gmt":"2016-06-23T14:12:32","slug":"un-ataque-suicida-deja-al-menos-10-muertos-en-el-centro-de-estambul","status":"publish","type":"post","link":"https:\/\/debateplural.net\/site\/2016\/01\/12\/un-ataque-suicida-deja-al-menos-10-muertos-en-el-centro-de-estambul\/","title":{"rendered":"Un ataque suicida deja al menos 10 muertos en el centro de Estambul"},"content":{"rendered":"<div id=\"attachment_2893\" style=\"width: 670px\" class=\"wp-caption aligncenter\"><img loading=\"lazy\" decoding=\"async\" aria-describedby=\"caption-attachment-2893\" class=\"size-full wp-image-2893\" src=\"http:\/\/tripletecnologia.com\/website\/debateplural\/wp-content\/uploads\/2016\/01\/atentandos-en-estambul-1.jpg\" alt=\"Atentados en Estambul\" width=\"660\" height=\"276\" \/><p id=\"caption-attachment-2893\" class=\"wp-caption-text\">Atentados en Estambul<\/p><\/div>\n<p style=\"text-align:justify;\">La explosi\u00f3n dej\u00f3 al menos 10\u00a0muertos\u00a0y 15\u00a0heridos, seg\u00fan informa el servicio de prensa de la Gobernaci\u00f3n de Estambul.<\/p>\n<p style=\"text-align:justify;\">Medios locales afirman que entre los fallecidos figuran seis ciudadanos alemanes, un noruego y un peruano, aunque solo la informaci\u00f3n sobre la v\u00edctima del pa\u00eds n\u00f3rdico ha sido confirmada de manera oficial por su Canciller\u00eda, de acuerdo con <a href=\"http:\/\/uk.reuters.com\/article\/uk-turkey-blast-idUKKCN0UQ0UB20160112?utm_source=twitter\" target=\"_blank\">Reuters<\/a>. \u00a0<!--more--><\/p>\n<p style=\"text-align:justify;\"><iframe loading=\"lazy\" width=\"810\" height=\"456\" src=\"https:\/\/www.youtube.com\/embed\/W8d39jexnHg?feature=oembed\" frameborder=\"0\" allowfullscreen><\/iframe><\/p>\n<p style=\"text-align:justify;\">De acuerdo con AFP, el presidente turco Recep Tayyip Erdogan ha se\u00f1alado a un atacante suicida sirio como autor del atentado.\u00a0Erdogan ha confirmado que entre las v\u00edctimas hay varios extranjeros, pero no ha especificado cu\u00e1les son sus nacionalidades.<\/p>\n<p style=\"text-align:justify;\">En declaraciones recogidas por la agencia, seg\u00fan el presidente turco su pa\u00eds \"es el primer objetivo para todos los grupos terroristas que act\u00faan en la regi\u00f3n\".<\/p>\n<p style=\"text-align:justify;\">El Ministerio de Exteriores alem\u00e1n ha publicado en su p\u00e1gina oficial una advertencia dirigida a sus ciudadanos en<a href=\"http:\/\/localhost\/debateplural\/tag\/turquia\"> Turqu\u00eda<\/a> para que se abstengan de realizar visitas a lugares famosos y llenos de \u00a0gente, seg\u00fan <a href=\"http:\/\/ria.ru\/world\/20160112\/1358488036.html\" target=\"_blank\">RIA Novosti<\/a>.<\/p>\n","protected":false},"excerpt":{"rendered":"<p>La explosi\u00f3n dej\u00f3 al menos 10\u00a0muertos\u00a0y 15\u00a0heridos, seg\u00fan informa el servicio de prensa de la Gobernaci\u00f3n de Estambul. Medios locales afirman que entre los fallecidos figuran seis ciudadanos alemanes, un noruego y un peruano, aunque solo la informaci\u00f3n sobre la v\u00edctima del pa\u00eds n\u00f3rdico ha sido confirmada de manera oficial por su Canciller\u00eda, de acuerdo [&hellip;]<\/p>\n","protected":false},"author":1,"featured_media":8020,"comment_status":"open","ping_status":"open","sticky":false,"template":"","format":"standard","meta":{"footnotes":""},"categories":[14],"tags":[51],"class_list":["post-2882","post","type-post","status-publish","format-standard","has-post-thumbnail","hentry","category-internacionales","tag-turquia"],"_links":{"self":[{"href":"https:\/\/debateplural.net\/site\/wp-json\/wp\/v2\/posts\/2882"}],"collection":[{"href":"https:\/\/debateplural.net\/site\/wp-json\/wp\/v2\/posts"}],"about":[{"href":"https:\/\/debateplural.net\/site\/wp-json\/wp\/v2\/types\/post"}],"author":[{"embeddable":true,"href":"https:\/\/debateplural.net\/site\/wp-json\/wp\/v2\/users\/1"}],"replies":[{"embeddable":true,"href":"https:\/\/debateplural.net\/site\/wp-json\/wp\/v2\/comments?post=2882"}],"version-history":[{"count":1,"href":"https:\/\/debateplural.net\/site\/wp-json\/wp\/v2\/posts\/2882\/revisions"}],"predecessor-version":[{"id":8021,"href":"https:\/\/debateplural.net\/site\/wp-json\/wp\/v2\/posts\/2882\/revisions\/8021"}],"wp:featuredmedia":[{"embeddable":true,"href":"https:\/\/debateplural.net\/site\/wp-json\/wp\/v2\/media\/8020"}],"wp:attachment":[{"href":"https:\/\/debateplural.net\/site\/wp-json\/wp\/v2\/media?parent=2882"}],"wp:term":[{"taxonomy":"category","embeddable":true,"href":"https:\/\/debateplural.net\/site\/wp-json\/wp\/v2\/categories?post=2882"},{"taxonomy":"post_tag","embeddable":true,"href":"https:\/\/debateplural.net\/site\/wp-json\/wp\/v2\/tags?post=2882"}],"curies":[{"name":"wp","href":"https:\/\/api.w.org\/{rel}","templated":true}]}}