{"id":28840,"date":"2018-11-06T10:25:38","date_gmt":"2018-11-06T14:25:38","guid":{"rendered":"http:\/\/debateplural.com\/?p=28840"},"modified":"2018-11-06T10:25:38","modified_gmt":"2018-11-06T14:25:38","slug":"reflexiones-sobre-los-resultados-de-las-elecciones-en-brasil","status":"publish","type":"post","link":"https:\/\/debateplural.net\/site\/2018\/11\/06\/reflexiones-sobre-los-resultados-de-las-elecciones-en-brasil\/","title":{"rendered":"Reflexiones sobre los resultados de las elecciones en Brasil"},"content":{"rendered":"<p>Los resultados de las elecciones presidenciales en Brasil han sido tan cruciales y definitivos que la victoria de Jair Bolsonaro (55.1%), el candidato de la ultraderecha bajo los colores del Partido Social Liberal, sobre Fernando Haddad (44.9%), el candidato del progresismo bajo la bandera del Partido de los Trabajadores, no admite ning\u00fan tipo de duda.<\/p>\n<p>La diferencia entre uno y otro ha sido pr\u00e1cticamente de 10 puntos porcentuales.\u00a0 Se cumplieron al pie de la letra los pron\u00f3sticos de las firmas encuestadoras independientes.<\/p>\n<p>Si bien es cierto que no hay ninguna tipo de duda sobre la victoria del ultraderechista Bolsonaro, lo cierto es que hay en el tintero un mont\u00f3n de interrogantes sobre el proceso, y ante todo sobre el futuro que le espera a esa naci\u00f3n y a ese pueblo, que no tienen respuestas fiables a la vista.<\/p>\n<p>\u00a1Y aunque sectores de la poblaci\u00f3n brasile\u00f1a se tiraron alborozados a celebrar con gran j\u00fabilo y algarab\u00eda, ojal\u00e1 que ese pueblo no tenga que llorar l\u00e1grimas de sangre en el futuro inmediato!<\/p>\n<p>Pero comencemos la reflexi\u00f3n por el lado del Partido de los Trabajadores de Brasil, cuyo l\u00edder indiscutible es Luiz Inacio Lula da Silva.<\/p>\n<p>Hasta bien entrada la campa\u00f1a electoral, el Partido de los Trabajadores mantuvo como candidato a la Presidencia a su fundador y l\u00edder, Luiz Inacio Lula da Silva.\u00a0 Y lo mantuvo como candidato presidencial semanas despu\u00e9s de estar preso en Curitiba porque se abrigaba la esperanza de que la judicatura de Brasil lo pusiera en libertad.<\/p>\n<p>Y en todas las encuestas que se hicieron Lula siempre fue el candidato presidencial mejor posicionado y valorado en las preferencias del electorado de Brasil.<\/p>\n<p>De haber podido competir en esas elecciones presidenciales, Lula hubiese sido invencible en esas elecciones, no obstante los aprestos de la derecha y de la ultraderecha tanto de ese pa\u00eds como del exterior.<\/p>\n<p>Creo que fue un error que el Partido de los Trabajadores mantuviera contra viento y marea la candidatura de Lula, sabiendo que no hab\u00eda ninguna posibilidad de que ni el ministerio p\u00fablico ni la judicatura lo pusieran en libertad porque, adem\u00e1s, todo respond\u00eda a un plan en el marco de la conjura de la derecha y de la ultraderecha de Brasil. \u00a1El juez que llev\u00f3 a Lula a la c\u00e1rcel hoy est\u00e1 nominado por Bolsonaro para ser ministro de Justicia en su gobierno a partir de enero de 2019!<\/p>\n<p>Hab\u00eda que impulsar sin dilaci\u00f3n un plan alternativo consistente en llevar otra figura del PT como candidato a la Presidencia, habida cuenta de que un candidato a la Presidencia no se prepara de la noche a la ma\u00f1ana.<\/p>\n<p>Y no obstante de que terminaron asumiendo con mucha tardanza la candidatura de Fernando Haddad, termin\u00f3 sacando un glorioso 45%, y digo glorioso porque fue una verdadera haza\u00f1a electoral.<\/p>\n<p>Ese 45% significa que Fernando Haddad sac\u00f3 47 millones de votos,\u00a0 contra 57.7 millones votos que obtuvo el candidato ganador Jair Bolsonaro.<\/p>\n<p>Pero los mismos resultados de las elecciones son profundamente aleccionadores y evidenciadores de que una cosa es el liderazgo del Partido de los Trabajadores y otra cosa es el liderazgo de Lula.<\/p>\n<p>El liderazgo de Lula, sembrado y enraizado muy profundamente en el coraz\u00f3n y en la mente del pueblo brasile\u00f1o, est\u00e1 muy por encima del liderazgo del Partido de los Trabajadores.<\/p>\n<p>Hace tiempo que el Partido de los Trabajadores debi\u00f3 haber emprendido un proceso de revisi\u00f3n a todos los niveles que concluyera en una autocr\u00edtica p\u00fablico por los errores cometidos en el ejercicio del poder y sobre todo por el vendaval de corrupci\u00f3n e impunidad que sacudi\u00f3 a los gobiernos de ese partido, unos encabezados por Luiz Inacio Lula da Silva y los dos \u00faltimos por Dilma Rousseff.<\/p>\n<p>No obstante los errores cometidos hay que destacar y relievar los grandes avances que en t\u00e9rminos del enorme desarrollo de la capacidad productiva de la econom\u00eda brasile\u00f1a, posicionada como una de las m\u00e1s pujantes econom\u00edas emergentes del mundo, de significativa reducci\u00f3n de la pobreza, de la exclusi\u00f3n y de la desigualdad social que hubo en los gobiernos de Lula, sobre todo.<\/p>\n<p>Desde los gobiernos de Dilma Rousseff Brasil, que no pudo darle continuidad al esplendor que hubo en los gobiernos de Lula, ha estado arropado por crisis econ\u00f3micas, sociales e institucionales que se han profundizado con el paso del tiempo.<\/p>\n<p>Michel Temer como presidente de esa naci\u00f3n es una expresi\u00f3n directa de la crisis institucional que vive Brasil.<\/p>\n<p>Y en el contexto de esa gran crisis econ\u00f3mica, social e institucional es que se llevan a cabo las elecciones presidenciales, cuya segunda vuelta se llev\u00f3 a cabo el 28 del mes de octubre.<\/p>\n<p>En esas elecciones acaba de colarse -producto de la frustraci\u00f3n, de la desesperaci\u00f3n y de la confusi\u00f3n creada por la gran crisis que vive Brasil- el ultraderechista Jair Bolsonaro.<\/p>\n<p>Jair Bolsonaro, un hombre formado, moldeado y formateado en el contexto de las dictaduras militares que gobernaron o desgobernaron a Brasil en el largo per\u00edodo de los 60 a los 80, llega al Congreso federal en el a\u00f1o 2014 como diputado representando a R\u00edo de Janeiro.<\/p>\n<p>En los a\u00f1os de vigencia como diputado federal, Bolsonaro se ha \u201cespecializado\u201d en el manejo de las redes sociales.<\/p>\n<p>Aunque todav\u00eda no se han establecido evidencias emp\u00edricas sobre el incidente en que fue acuchillado el hoy presidente electo de Brasil, Jair Bolsonaro, lo cierto es que sus niveles de popularidad aumentaron significativamente, expres\u00e1ndose en un agudo crecimiento de su posicionamiento en las preferencias electorales.\u00a0 O sea \u00e9l y el equipo de campa\u00f1a supieron mercadear este incidente a su favor en t\u00e9rminos electorales.\u00a0 De tal manera que en la primera vuelta obtuvo un 45%. \u00a1Al d\u00eda de hoy no se sabe si este incidente fue previamente planificado por la campa\u00f1a de Bolsonaro!<\/p>\n<p>Aunque el ser humano tiene derecho a la reivindicaci\u00f3n, lo que m\u00e1s pesa en la vida de este hombre es su pasado apegado al militarismo, aunque tiene una corta vida institucional como diputado federal, nunca ha marcado distancia respecto del neoliberalismo, el neonacionalismo y el ultraconservadurismo.<\/p>\n<p>Los datos personales referentes a su biograf\u00eda psicol\u00f3gica (mis\u00f3gino, xen\u00f3fobo, racista, enemigo de la igualdad de g\u00e9nero, de la agenda gay, etc.), interesan, pero interesan sobremanera sus posiciones respecto a los grandes problemas de la econom\u00eda y de la sociedad, el libre comercio, el multilateralismo, el problema medioambiental, el cambio clim\u00e1tico, la seguridad internacional, la geopol\u00edtica, etc.<\/p>\n<p>Las grandes crisis econ\u00f3micas, sociales e institucionales y el fracaso de la nueva izquierda latinoamericana est\u00e1n trayendo de retorno al poder a la derecha y a la ultraderecha.<\/p>\n<p>Pero ese retorno de la derecha y de la ultraderecha al poder est\u00e1 complicando la vida democr\u00e1tica, econ\u00f3mica, social e institucional de las naciones.\u00a0 Verbigracia, el caso de Donald Trump en Estados Unidos y de\u00a0 Mauricio Macri en Argentina.<\/p>\n<p>Todo parece indicar que Bolsonaro ser\u00e1 la reproducci\u00f3n de Trump en Brasil.<\/p>\n<p>Donald Trump, presidente del imperio del Norte, tiene a la sociedad estadounidense en un permanente estado de tensi\u00f3n, de agitaci\u00f3n y de agresi\u00f3n al desatar un estado de guerra total contra todos: guerra antiinmigrante, guerra comercial, guerra contra la prensa, guerra contra el multilateralismo, guerra contra la cultura, guerra contra la seguridad nacional e internacional, etc. \u00a1Trump es el gran depredador de todo: todo lo que toca lo destruye!<\/p>\n<p>As\u00ed como Trump no tiene las condiciones para ser el presidente de una sociedad ultradesarrollada y de un imperio, Bolsonaro no tiene las condiciones para ser presidente de una naci\u00f3n desarrollada como Brasil.<\/p>\n<p>En otras palabras, Bolsonaro no est\u00e1 en aptitud de entender el funcionamiento de una sociedad como Brasil ni de entender la complejidad del mundo de hoy. \u00a1Bolsonaro pinta ser una especie de fotocopia de Trump en Brasil!<\/p>\n<p>Si no tiene ni idea de aquello, mucho menos estar\u00e1 en aptitud de entender c\u00f3mo construir y aplicar pol\u00edticas sanas y coherentes para sacar de la actual crisis econ\u00f3mica, social e institucional por la que atraviesa esa gran naci\u00f3n de Sudam\u00e9rica.<\/p>\n<p>\u00a1Imag\u00ednense que Bolsonaro ha hablado de cerrar el Congreso y la Suprema Corte de Justicia y hasta de sacar a Brasil de la ONU! \u00a1Ha dicho que el problema de la delincuencia se \u201cresuelve\u201d matando a los delincuentes! \u00a1Y que es enemigo a muerte de la ideolog\u00eda de g\u00e9nero por ser \u201cideolog\u00eda marxista\u201d y de la agenda LGBT!<\/p>\n<p>Los pueblos as\u00ed como aciertan, tambi\u00e9n se equivocan.<\/p>\n<p>\u00a1Estoy convencido que el pueblo de Brasil no tom\u00f3 la mejor decisi\u00f3n al votar por Bolsonaro, y no por Fernando Haddad, y al hacerlo as\u00ed vot\u00f3, sin pensarlo tal vez, por la ultraderecha, neonacionalismo, el neoliberalismo y el ultraconservadurismo, y qui\u00e9n sabe si por el militarismo y el golpismo institucional!<\/p>\n<p>\u00a1C\u00f3mo es posible que los pueblos tomen decisiones tan desastrosas, funestas y contradictorias en contra de sus propios intereses en el presente y de cara al futuro!<\/p>\n<p>\u00a1C\u00f3mo es posible que el pueblo se niegue a s\u00ed mismo no asumiendo sus propias causas e intereses y s\u00ed las causas y los intereses de sus tradicionales verdugos!<\/p>\n<p>La historia universal y la historia de Am\u00e9rica en particular nos ense\u00f1an de manera inequ\u00edvoca que los pueblos lo han dado todo en la construcci\u00f3n de las sociedades, del desarrollo, del progreso y del bienestar.<\/p>\n<p>Pero la historia universal y la historia de Am\u00e9rica en particular nos ense\u00f1an tambi\u00e9n que los pueblos en ocasiones se equivocan llevando al poder a verdaderos monstruos o a personas sin condiciones que encarnan el retroceso y la involuci\u00f3n.<\/p>\n<p>En esta etapa de la vida de la humanidad estamos siendo sacudidos, estremecidos, asaltados y vapuleados por las olas crecientes del populismo, del ultraderechismo y del ultraconservadurismo.<\/p>\n<p>Los pueblos deben crear reservas para no caer en la trampa de esta pandemia que est\u00e1 colocando a naciones y pueblos en la ruta del retroceso y de la involuci\u00f3n en todos los \u00e1mbitos de la vida social.<\/p>\n<p>Me permito terminar este art\u00edculo con estas palabras lapidarias de Pepe Mujica: \u201cAdolfo Hitler lleg\u00f3 al gobierno de Alemania y lo llev\u00f3 el voto de la gente\u2026Los pueblos tambi\u00e9n se equivocan\u201d.<\/p>\n","protected":false},"excerpt":{"rendered":"<p>Los resultados de las elecciones presidenciales en Brasil han sido tan cruciales y definitivos que la victoria de Jair Bolsonaro (55.1%), el candidato de la ultraderecha bajo los colores del Partido Social Liberal, sobre Fernando Haddad (44.9%), el candidato del progresismo bajo la bandera del Partido de los Trabajadores, no admite ning\u00fan tipo de duda. [&hellip;]<\/p>\n","protected":false},"author":10,"featured_media":28411,"comment_status":"open","ping_status":"open","sticky":false,"template":"","format":"standard","meta":{"footnotes":""},"categories":[14,12],"tags":[],"class_list":["post-28840","post","type-post","status-publish","format-standard","has-post-thumbnail","hentry","category-internacionales","category-politica-3"],"_links":{"self":[{"href":"https:\/\/debateplural.net\/site\/wp-json\/wp\/v2\/posts\/28840"}],"collection":[{"href":"https:\/\/debateplural.net\/site\/wp-json\/wp\/v2\/posts"}],"about":[{"href":"https:\/\/debateplural.net\/site\/wp-json\/wp\/v2\/types\/post"}],"author":[{"embeddable":true,"href":"https:\/\/debateplural.net\/site\/wp-json\/wp\/v2\/users\/10"}],"replies":[{"embeddable":true,"href":"https:\/\/debateplural.net\/site\/wp-json\/wp\/v2\/comments?post=28840"}],"version-history":[{"count":1,"href":"https:\/\/debateplural.net\/site\/wp-json\/wp\/v2\/posts\/28840\/revisions"}],"predecessor-version":[{"id":28841,"href":"https:\/\/debateplural.net\/site\/wp-json\/wp\/v2\/posts\/28840\/revisions\/28841"}],"wp:featuredmedia":[{"embeddable":true,"href":"https:\/\/debateplural.net\/site\/wp-json\/wp\/v2\/media\/28411"}],"wp:attachment":[{"href":"https:\/\/debateplural.net\/site\/wp-json\/wp\/v2\/media?parent=28840"}],"wp:term":[{"taxonomy":"category","embeddable":true,"href":"https:\/\/debateplural.net\/site\/wp-json\/wp\/v2\/categories?post=28840"},{"taxonomy":"post_tag","embeddable":true,"href":"https:\/\/debateplural.net\/site\/wp-json\/wp\/v2\/tags?post=28840"}],"curies":[{"name":"wp","href":"https:\/\/api.w.org\/{rel}","templated":true}]}}