{"id":28844,"date":"2018-11-06T11:11:01","date_gmt":"2018-11-06T15:11:01","guid":{"rendered":"http:\/\/debateplural.com\/?p=28844"},"modified":"2018-11-06T11:11:01","modified_gmt":"2018-11-06T15:11:01","slug":"el-retiro-de-merkel-da-alas-a-la-ultraderecha-y-a-los-euroescepticos","status":"publish","type":"post","link":"https:\/\/debateplural.net\/site\/2018\/11\/06\/el-retiro-de-merkel-da-alas-a-la-ultraderecha-y-a-los-euroescepticos\/","title":{"rendered":"El retiro de Merkel da alas a la ultraderecha y a los euroesc\u00e9pticos"},"content":{"rendered":"<p>Mirko C. Trudeau (Sinpermiso, 6-11-18)<\/p>\n<p>&nbsp;<\/p>\n<p>Angela Merkel, la superviviente de todas las crisis europeas, la l\u00edder m\u00e1s influyente de la Uni\u00f3n Europea en el transcurso del siglo XXI, inici\u00f3 su retirada y marc\u00f3 su fecha de caducidad con el abandono del poder y la pol\u00edtica para 2021, dejando abiertas a las fuerzas m\u00e1s retr\u00f3gradas del continente para ocupar su lugar.<\/p>\n<p>La canciller federal alemana apresur\u00f3 su retiro de la pol\u00edtica al anunciar sorpresivamente su renuncia a la reelecci\u00f3n como presidenta del partido Uni\u00f3n Cristiano Dem\u00f3crata (CDU) y a su esca\u00f1o en el Parlamento, aunque continuar\u00e1 como jefa de gobierno en Berl\u00edn hasta que termine su cuarto mandato, en 2021. No nac\u00ed canciller, eso no lo he olvidado nunca. Hoy es el d\u00eda en el que se abre un nuevo cap\u00edtulo, declar\u00f3.<\/p>\n<p>Fue un mal octubre, cuando sum\u00f3 dos derrotas. El partido conservador que lidera y sus socios menores, la Uni\u00f3n Social Cristiana (CSU) y el Partido Socialdem\u00f3crata (SPD), sufrieron el \u00faltimo domingo de octubre un duro castigo en las elecciones regionales de Hesse, que marcaron adem\u00e1s el desembarco de la ultraderecha en todos los parlamentos del pa\u00eds.<\/p>\n<p>Quince d\u00edas antes, su partido hermano b\u00e1varo, la Uni\u00f3n Cristiano Social, perdi\u00f3 la mayor\u00eda absoluta del pr\u00f3spero Land (estado federado) del sur. Pese a mantenerse como el partido m\u00e1s votado, los apoyos a la CDU de Merkel cayeron a su valor m\u00e1s bajo desde 1966 en Hesse, situ\u00e1ndose en el 27,9 por ciento, lejos del 38,3 por ciento de las \u00faltimas elecciones.<\/p>\n<p>Los alemanes quer\u00edan un cambio y Merkel no encajaba como timonel de una renovaci\u00f3n. Su gobierno no encontr\u00f3 respuestas a los desaf\u00edos de la migraci\u00f3n, como tampoco pudo identificar los peligros y oportunidades de la inteligencia artificial. Tampoco se puede dejar de mencionar el cambio clim\u00e1tico. Merkel perdi\u00f3 el apoyo de sus propias filas, pero no perdi\u00f3 su instinto de supervivencia: no esper\u00f3 a que no la reeligieran, renunci\u00f3.<\/p>\n<p>\u00c9sto le brinda un poco de tiempo para preparar a su sucesora favorita, Annegret Kramp-Karrembauer, y disfrutar del carg\u00f3 por m\u00e1s de dos a\u00f1os.<\/p>\n<p>Mientras, la formaci\u00f3n populista de ultraderecha Alternativa para Alemania (AfD) &#8211; de tintes xen\u00f3fobos e islam\u00f3fobos, que desde septiembre de 2017 es la tercera fuerza en el Parlamento-, volvi\u00f3 a capitalizar el descontento con la pol\u00edtica migratoria, que ha llevado al pa\u00eds a acoger cerca de 1,5 millones de refugiados desde 2015. Los Verdes, por su parte, lograron casi el 20% de los votos en Hesse, gracias al carism\u00e1tico candidato de origen \u00e1rabe Tarek Al-Wazir<\/p>\n<p>Lo m\u00e1s importante es que, despu\u00e9s de mucho tiempo, la fuerza que sostiene a la Merkel, si bien gan\u00f3, hizo su peor elecci\u00f3n desde el fin de la Segunda Guerra Mundial. Los dos partidos tradicionales, socialcristianos y socialdem\u00f3cratas, mostraron una notoria p\u00e9rdida de influencia sobre los electores. Son los que vieron en Los Verdes la ilusi\u00f3n de mantener sus niveles de vida, frenando un desordenado crecimiento urbano y aspirando a reconstruir los id\u00edlicos paisajes de tiempo idos.<\/p>\n<p><b>Merkel y el futuro impredecible de la UE<\/b><\/p>\n<p>La repentina ca\u00edda del muro de Berl\u00edn convirti\u00f3 a Angela Merkel en ciudadana de la comunidad europea a sus 35 a\u00f1os de edad. Y tambi\u00e9n repentinamente, la canciller nacida en Alemania Oriental hizo el anuncio de su retiro, tras asistir a 80 cumbres europeas, donde, al menos el 2010, se jugaba el futuro de la UE. Con gran cintura, zaf\u00f3 indemne, mientras contemplaba la ca\u00edda de sus colegas del Consejo Europeo.<\/p>\n<p>Desde la crisis griega de mayo de 2010 y hasta julio de 2012 (cuando Mario Draghi pronunci\u00f3 su famoso \"lo que haga falta\" para mantener el euro), 17 de los 20 l\u00edderes que afrontaron elecciones perdieron el cargo, entre ellos el presidente franc\u00e9s Nicolas Sarkozy, quien se estrell\u00f3 contra los pies de plomo de Merkel durante la crisis del euro, que ambos lideraron. La alemana sobrevivi\u00f3 indemne para soltar amarras cuando Europa afronta la plena deriva populista y renacionalizadora.<\/p>\n<p>Merkel era el blanco de quienes luchaban por debilitar o terminar con las competencias de la Uni\u00f3n Europea, blindar las fronteras nacionales y aplicar un proteccionismo comercial al estilo de la nueva administraci\u00f3n estadounidense de Donald Trump.<\/p>\n<p>Hoy Merkel cosecha lo sembrado durante la gesti\u00f3n de la crisis de la zona euro (en la que impuso el modelo de la troika), los bandazos en la crisis migratoria por la apertura total al control de fronteras y sus continuas desautorizaciones a la Comisi\u00f3n Europea, que fue puesta bajo la tutela del Fondo Monetario Internacional (FMI).<\/p>\n<p>La lucha se desat\u00f3 en el partido europeo de Merkel (desde el canciller austriaco Sebastian Kurz al primer ministro h\u00fangaro Viktor Orb\u00e1n) como fuera del paneurope\u00edsmo, como los ultraderechistas Matteo Salvini, vicepresidente del gobierno italiano, o Jaroslaw Kaczynski, el l\u00edder en la sombra del gobierno polaco.<\/p>\n<p>El gobierno austr\u00edaco (integrado por conservadores y de extrema derecha) anunci\u00f3 su retirada del Pacto de la Inmigraci\u00f3n, respaldado por la UE y rechazado por Trump, sum\u00e1ndose a la administraci\u00f3n del ultraderechista primer ministro h\u00fangaro Viktor Urban.<\/p>\n<p>Mientras, los pa\u00edses de la llamada Liga Hanse\u00e1tica (desde Holanda a los B\u00e1lticos) reclamaron por escrito que se retiren a la Comisi\u00f3n Europea las competencias de vigilancia presupuestaria para traspas\u00e1rselas a un organismo intergubernamental como es el Mecanismo Europeo de Estabilidad o fondo de rescate de la zona euro.<\/p>\n<p>Corinna H\u00f6rst, subdirectora de The German Marshall Fund (GMF), se\u00f1al\u00f3 en Bruselas que\"Orb\u00e1n, Salvini y el resto piensan que han ganado, pero a la larga saldr\u00e1n perdiendo\", ya que \"las tendencias m\u00e1s temibles que existen reactivar\u00e1n a las fuerzas del otro lado y habr\u00e1 una respuesta europea de la opini\u00f3n p\u00fablica en Polonia, Italia&#8230;.\".<\/p>\n<p>La decisi\u00f3n de Austria sobre el Pacto de Migraci\u00f3n es la primera se\u00f1al simb\u00f3lica de la estampida posMerkel y se espera que muchos otros gobernantes comiencen a quitarse la careta. La desbandada en pol\u00edtica migratoria y econ\u00f3mica remata el legado europeo de una canciller que ha dominado el club comunitario durante casi tres lustros y ha marcado, en letra y esp\u00edritu, el presente y el futuro de la Uni\u00f3n.<\/p>\n<p>No se puede olvidar que las normas vigentes \u2013por el Tratado de Lisboa, en vigor desde 2009- fueron posibles gracias a su tenacidad, y la crisis del euro convirti\u00f3 a Berl\u00edn en la capital de facto de Europa, donde Merkel despachaba con el presidente de la Comisi\u00f3n y del Banco Central Europeo, entre otros casos es del \u201crescate\u201d de Grecia, las tensiones por la crisis de los refugiados y las relaciones con EEUU, Rusia, Turqu\u00eda y China.<\/p>\n<p>Algunos analistas se\u00f1alan que Merkel no era el problema, pero s\u00ed parte del mismo. Otros se\u00f1alan que se limit\u00f3 a la gesti\u00f3n de los problemas a corto plazo sin dar ning\u00fan impulso para el largo plazo.<\/p>\n<p>Asimismo, el principio del fin de la era Merkel marcar\u00e1 el congreso del Partido Popular Europeo en Helsinki, donde se debe elegir el candidato a presidir la Comisi\u00f3n Europea, una carrera en la que el eurodiputado alem\u00e1n Manfred Weber parte como favorito, pero tambipen definir si sigue como .una formaci\u00f3n dem\u00f3crata-cristiana o da un dr\u00e1stico giro hacia el nacionalismo identitario que apuntan desde Kurz en Austria y Pablo Casado en Espa\u00f1a.<\/p>\n<p>La batalla decisiva se libar\u00e1 tras las elecciones al Parlamento Europeo de mayo de 2019 si no se precipita cuando se de el relevo de Merkel al frente del CDU en diciembre. El PPE copa las tres presidencias (Comisi\u00f3n, Consejo y Parlamento) paneuropeas. \u201dEuropa necesita un revujenecimento, con nuevos l\u00edderes, nuevas perspectivas, nuevo lenguaje\", se\u00f1ala Corinna H\u00f6rst.<\/p>\n<p><b>Alguien se mete en las elecciones alemanas<\/b><\/p>\n<p>Simon Hegelich, profesor de la Universidad T\u00e9cnica de Munich est\u00e1 investigando los m\u00e9todos de los \"social-bots\" como llaman a los programas poderosos de robots que redactan, env\u00edan y potencian por miles y millones mensajes falsos o difamatorios en las redes sociales. Un programa con un software de alta calidad puede manipular hasta 10.000 cuentas de twitter, dice, y por 500 d\u00f3lares se consigue un programa as\u00ed.<\/p>\n<p>Hegelich asesor\u00f3 al gobierno alem\u00e1n, ya que en este pa\u00eds se detect\u00f3 una importante actividad de los bots en la antesala de las \u00faltimas elecciones presidenciales 2017. Los mensajes falsos vinieron prioritariamente &#8211; o casi exclusivamente &#8211; de EEUU, de organizaciones de ultraderecha.<\/p>\n<p>Finalmente todos los partidos pol\u00edticos acordaron renunciar al uso de empresas de mercadeo electoral digital y sus t\u00e9cnicas de manipular la opini\u00f3n de los votantes con programas robot en las redes sociales, especialmente en WhatsApp, Facebook, Twitter, You Tube, 4chan, reddit y Gab.ai.<\/p>\n<p>Hay algo en lo que los analistas est\u00e1n d acuerdo: La Uni\u00f3n Europea, si persiste, ya no ser\u00e1 lo mismo sin Merkel.<\/p>\n","protected":false},"excerpt":{"rendered":"<p>Mirko C. Trudeau (Sinpermiso, 6-11-18) &nbsp; Angela Merkel, la superviviente de todas las crisis europeas, la l\u00edder m\u00e1s influyente de la Uni\u00f3n Europea en el transcurso del siglo XXI, inici\u00f3 su retirada y marc\u00f3 su fecha de caducidad con el abandono del poder y la pol\u00edtica para 2021, dejando abiertas a las fuerzas m\u00e1s retr\u00f3gradas [&hellip;]<\/p>\n","protected":false},"author":1,"featured_media":28847,"comment_status":"open","ping_status":"open","sticky":false,"template":"","format":"standard","meta":{"footnotes":""},"categories":[14,12],"tags":[],"class_list":["post-28844","post","type-post","status-publish","format-standard","has-post-thumbnail","hentry","category-internacionales","category-politica-3"],"_links":{"self":[{"href":"https:\/\/debateplural.net\/site\/wp-json\/wp\/v2\/posts\/28844"}],"collection":[{"href":"https:\/\/debateplural.net\/site\/wp-json\/wp\/v2\/posts"}],"about":[{"href":"https:\/\/debateplural.net\/site\/wp-json\/wp\/v2\/types\/post"}],"author":[{"embeddable":true,"href":"https:\/\/debateplural.net\/site\/wp-json\/wp\/v2\/users\/1"}],"replies":[{"embeddable":true,"href":"https:\/\/debateplural.net\/site\/wp-json\/wp\/v2\/comments?post=28844"}],"version-history":[{"count":1,"href":"https:\/\/debateplural.net\/site\/wp-json\/wp\/v2\/posts\/28844\/revisions"}],"predecessor-version":[{"id":28848,"href":"https:\/\/debateplural.net\/site\/wp-json\/wp\/v2\/posts\/28844\/revisions\/28848"}],"wp:featuredmedia":[{"embeddable":true,"href":"https:\/\/debateplural.net\/site\/wp-json\/wp\/v2\/media\/28847"}],"wp:attachment":[{"href":"https:\/\/debateplural.net\/site\/wp-json\/wp\/v2\/media?parent=28844"}],"wp:term":[{"taxonomy":"category","embeddable":true,"href":"https:\/\/debateplural.net\/site\/wp-json\/wp\/v2\/categories?post=28844"},{"taxonomy":"post_tag","embeddable":true,"href":"https:\/\/debateplural.net\/site\/wp-json\/wp\/v2\/tags?post=28844"}],"curies":[{"name":"wp","href":"https:\/\/api.w.org\/{rel}","templated":true}]}}