{"id":2886,"date":"2016-01-12T14:07:32","date_gmt":"2016-01-12T14:07:32","guid":{"rendered":"http:\/\/debateplural.com\/?p=2886"},"modified":"2016-06-23T14:12:31","modified_gmt":"2016-06-23T14:12:31","slug":"merkel-admite-que-la-crisis-de-refugiados-esta-fuera-de-control-y-europa-es-vulnerable","status":"publish","type":"post","link":"https:\/\/debateplural.net\/site\/2016\/01\/12\/merkel-admite-que-la-crisis-de-refugiados-esta-fuera-de-control-y-europa-es-vulnerable\/","title":{"rendered":"Merkel admite que la crisis de refugiados est\u00e1 \"fuera de control\" y Europa es \"vulnerable\""},"content":{"rendered":"<div id=\"attachment_828\" style=\"width: 715px\" class=\"wp-caption aligncenter\"><img loading=\"lazy\" decoding=\"async\" aria-describedby=\"caption-attachment-828\" class=\"size-full wp-image-828\" src=\"http:\/\/tripletecnologia.com\/website\/debateplural\/wp-content\/uploads\/2016\/01\/angela-merkel-1.jpg\" alt=\"Angela Merkel\" width=\"705\" height=\"471\" \/><p id=\"caption-attachment-828\" class=\"wp-caption-text\">Angela Merkel<\/p><\/div>\n<p style=\"text-align:justify;\">Tras los ataques sexuales contra mujeres en Colonia, la canciller alemana, <a href=\"http:\/\/localhost\/debateplural\/tag\/angela-merkel\">Angela Merkel<\/a>, admiti\u00f3 el lunes en la ciudad de Maguncia, en el suroeste de Alemania, que Europa es \"vulnerable\" ante la crisis de refugiados ya que no tiene ni el \"orden ni el control\" de la situaci\u00f3n que se est\u00e1 viviendo, informa <a href=\"http:\/\/www.dailymail.co.uk\/news\/article-3394896\/Merkel-admits-Europe-lost-control-refugee-crisis.html\" target=\"_blank\" rel=\"nofollow\">&#8217;Daily Mail'<\/a>. Las tensiones se agravan tras los m\u00faltiples ataques perpetrados en Nochevieja, en su mayor\u00eda por presuntos refugiados.<!--more--><\/p>\n<p style=\"text-align:justify;\">El pasado fin de semana, activistas del movimiento antiisl\u00e1mico Pegida (&#8217;patriotas europeos contra la islamizaci\u00f3n de Occidente') en represalia a las pol\u00edticas adoptadas por la canciller convocaron una manifestaci\u00f3n contra la llegada de refugiados en Leipzig,<a href=\"http:\/\/localhost\/debateplural\/tag\/alemania\"> Alemania<\/a>. Tambi\u00e9n se realizaron protestas organizadas por este movimiento en Colonia.<\/p>\n<p style=\"text-align:justify;\">Entre los coros se o\u00eda: \"Nosotros somos el pueblo\", \"Resistencia\" y \"Dep\u00f3rtenlos\". Se escucharon tambi\u00e9n frases como \"Los refugiados no son bienvenidos\" o \"El islam es terror\". Asimismo, hubo otros que expresaron su enojo y frustraci\u00f3n contra la canciller Merkel, a la que acusaron de destruir Alemania por permitir la entrada de 1,1 millones de solicitantes de asilo en 2015.<\/p>\n<p style=\"text-align:justify;\">Los ataques contra mujeres en Colonia tambi\u00e9n han provocado un debate acerca de la ejecuci\u00f3n de reglas m\u00e1s estrictas hacia los refugiados que violen la ley, como procedimientos de deportaci\u00f3n acelerados y mayores medidas de seguridad como el incremento de vigilancia a trav\u00e9s de c\u00e1maras y m\u00e1s agentes policiales.<\/p>\n","protected":false},"excerpt":{"rendered":"<p>Tras los ataques sexuales contra mujeres en Colonia, la canciller alemana, Angela Merkel, admiti\u00f3 el lunes en la ciudad de Maguncia, en el suroeste de Alemania, que Europa es \"vulnerable\" ante la crisis de refugiados ya que no tiene ni el \"orden ni el control\" de la situaci\u00f3n que se est\u00e1 viviendo, informa &#8217;Daily Mail'. [&hellip;]<\/p>\n","protected":false},"author":1,"featured_media":8018,"comment_status":"open","ping_status":"open","sticky":false,"template":"","format":"standard","meta":{"footnotes":""},"categories":[14],"tags":[7,65],"class_list":["post-2886","post","type-post","status-publish","format-standard","has-post-thumbnail","hentry","category-internacionales","tag-alemania","tag-angela-merkel"],"_links":{"self":[{"href":"https:\/\/debateplural.net\/site\/wp-json\/wp\/v2\/posts\/2886"}],"collection":[{"href":"https:\/\/debateplural.net\/site\/wp-json\/wp\/v2\/posts"}],"about":[{"href":"https:\/\/debateplural.net\/site\/wp-json\/wp\/v2\/types\/post"}],"author":[{"embeddable":true,"href":"https:\/\/debateplural.net\/site\/wp-json\/wp\/v2\/users\/1"}],"replies":[{"embeddable":true,"href":"https:\/\/debateplural.net\/site\/wp-json\/wp\/v2\/comments?post=2886"}],"version-history":[{"count":1,"href":"https:\/\/debateplural.net\/site\/wp-json\/wp\/v2\/posts\/2886\/revisions"}],"predecessor-version":[{"id":8019,"href":"https:\/\/debateplural.net\/site\/wp-json\/wp\/v2\/posts\/2886\/revisions\/8019"}],"wp:featuredmedia":[{"embeddable":true,"href":"https:\/\/debateplural.net\/site\/wp-json\/wp\/v2\/media\/8018"}],"wp:attachment":[{"href":"https:\/\/debateplural.net\/site\/wp-json\/wp\/v2\/media?parent=2886"}],"wp:term":[{"taxonomy":"category","embeddable":true,"href":"https:\/\/debateplural.net\/site\/wp-json\/wp\/v2\/categories?post=2886"},{"taxonomy":"post_tag","embeddable":true,"href":"https:\/\/debateplural.net\/site\/wp-json\/wp\/v2\/tags?post=2886"}],"curies":[{"name":"wp","href":"https:\/\/api.w.org\/{rel}","templated":true}]}}