{"id":28984,"date":"2018-11-12T11:49:19","date_gmt":"2018-11-12T15:49:19","guid":{"rendered":"http:\/\/debateplural.com\/?p=28984"},"modified":"2018-11-12T11:49:19","modified_gmt":"2018-11-12T15:49:19","slug":"la-paradoja-bolsonaro-la-democracia-una-realidad-entre-la-economia-y-la-seguridad","status":"publish","type":"post","link":"https:\/\/debateplural.net\/site\/2018\/11\/12\/la-paradoja-bolsonaro-la-democracia-una-realidad-entre-la-economia-y-la-seguridad\/","title":{"rendered":"La paradoja Bolsonaro: la democracia. una realidad entre la econom\u00eda y la seguridad"},"content":{"rendered":"<p>Eduardo Cam\u00edn (CLAE, 12-11-18)<\/p>\n<p>&nbsp;<\/p>\n<p>Hace un tiempo, entre los diferentes informes de la Organizaci\u00f3n Mundial del Trabajo (OIT) uno de ellos llam\u00f3 la atenci\u00f3n, con un an\u00e1lisis econ\u00f3mico, que parec\u00eda algo extra\u00f1o porque su contradicci\u00f3n implicaba una met\u00e1fora, una pirueta sem\u00e1ntica llamativa sobre los niveles de crecimiento, que es adem\u00e1s propia del sistema capitalista.<\/p>\n<p>En a\u00f1os recientes, dec\u00eda la OIT \u201cla econom\u00eda ha transitado hacia lo que se podr\u00eda considerar como la \u201cnueva normalidad\u201d, a saber, niveles inferiores de crecimiento. El concepto de un crecimiento continuamente reducido ha adquirido importancia: las tasas de crecimiento siguen situ\u00e1ndose por debajo de lo esperado y registran niveles inferiores a las tasas observadas antes de la crisis.<\/p>\n<p>Si este alargado periodo de menor crecimiento resulta ser estructural y no c\u00edclico, ser\u00e1 necesario aplicar un enfoque ajustado para reducir los d\u00e9ficits de empleo decente. En efecto, los actuales niveles de crecimiento podr\u00edan poner en entredicho la capacidad de la econom\u00eda mundial de crear una cantidad suficiente de empleos de calidad y de alcanzar el objetivo de brindar \u201cempleo pleno y productivo y (\u2026) trabajo decente para todos\u201d, como lo dispone el Objetivo 8 de la agenda de desarrollo sostenible\u201d.<\/p>\n<p>Este informe sirve de pretexto para enfocar los problemas paralelos originados por el sistema econ\u00f3mico que predomina. En efecto, al pasar del nivel de las representaciones te\u00f3ricas al de la realidad, se constata como la transformaci\u00f3n de las relaciones econ\u00f3micas son el punto de partida para la constituci\u00f3n de una sociedad gobernable, o no: en ella se originan conductas individualistas y conservadoras en los conglomerados populares, que reducen la emergencia de las acciones colectivas y la capacidad de cuestionamientos reales al orden de desigualdad.<\/p>\n<p>La liberalizaci\u00f3n del mercado del trabajo, (flexibilizaci\u00f3n) que libra al capital de las limitaciones jur\u00eddicas conquistadas por las luchas sociales, hace crecer la competencia entre trabajadores, aumenta su disposici\u00f3n a la desvalorizaci\u00f3n de su fuerza de trabajo, y por ende su subordinaci\u00f3n al capital para conservar su fuente de empleo, esto conlleva a individualizar la negociaci\u00f3n salarial, fragilizando la influencia sindical.<\/p>\n<p>El desempleo arroja a varios sectores hacia la sobrevivencia individualizada (mal llamadas sector informal) que desvalorizan la fuerza de trabajo, sin espacios colectivos para su defensa, con lo que se reproducen regresiones en sus experiencias y grados de conciencia clasista, que determina a la vez, una creciente marginalidad pol\u00edtica.<\/p>\n<p>Todo individuo que se ve confrontado a esta realidad sufren profundos desajustes sicol\u00f3gicos, tendencias al ostracismo y al individualismo. Muchas veces sometidos a planes de emergencia estigmatizado a la imposici\u00f3n de pautas de consumo suntuario, que induce a muchos de los sectores empobrecidos a consumirlos con una variante adicional de sus necesidades b\u00e1sicas, calidad alimenticia, salud, vivienda, educaci\u00f3n e informaci\u00f3n, lo que sin dudas aumenta su condici\u00f3n dependiente y marginal y fuerza las actividades econ\u00f3micas especulativas y parasitarias, muchas veces en los senderos de la delincuencia.<\/p>\n<p>El desempleo y la pobreza incrementan las conductas delictivas de los pobres y con ello la percepci\u00f3n de inseguridad, haciendo la sociedad m\u00e1s proclive a formas de privatizaci\u00f3n de las acciones coercitivas y m\u00e1s permisivas con las pr\u00e1cticas autoritarias, la reciente elecci\u00f3n de Bolsonaro tiene mucho de com\u00fan de lo que describimos.<\/p>\n<p>Pero tambi\u00e9n se advierte que aunque estas promesas de transformaciones sociales disminuyan algunos de los niveles de conflictividad a trav\u00e9s de los atajos de la violencia del Estado, los mismos seguir\u00e1n sin soluciones reales, porque la polarizaci\u00f3n de la estratificaci\u00f3n social no permite su contenci\u00f3n absoluta, aunque desde todas las filas del capitalismo muchos de sus representantes m\u00e1s genuinos recorren el mundo y gritan cuasi al unison\u00f3 que la lucha de clases es algo del pasado de hace 200 a\u00f1os atr\u00e1s, los mismos que nos dan c\u00e1tedra de econom\u00eda con las recetas del eterno liberalismo.<\/p>\n<p><b>Aislar los conflictos<\/b><\/p>\n<p>La experiencia indica que las estrategias de gobernabilidad se orientan a aislar los conflictos trat\u00e1ndolos como particularidades (\u00e9tnicos, generacionales, de g\u00e9nero o religiosos, entre otros) y explotando su especificidad para que se articulen en una noci\u00f3n de lo popular, agitando los fantasmas de la violencia de los pobres.<\/p>\n<p>La sumisi\u00f3n, la resignaci\u00f3n, el ego\u00edsmo y la pasividad no solo son consecuencias de estas trasformaciones sociales, sino tambi\u00e9n valores promovidos para reproducir esos cambios. El bienestar sustituido por la posesi\u00f3n, los derechos sociales sustituidos por el consumo de servicios, el desarrollo humano transformado en competencia fagocitaria, el temor ante el futuro incierto convertido en pragmatismo conservador .<\/p>\n<p>Estos son los valores del virtuosismo cultural que el capitalismo de la postmodernidad defiende y reproducen vastos sectores de intelectuales ahora org\u00e1nicos de la dominaci\u00f3n conservadora. El valor de la desigualdad como el factor m\u00e1s din\u00e1mico del desarrollo social es en definitiva la consagraci\u00f3n del liberalismo como pensamiento de derecha.<\/p>\n<p>La sociedad de la inseguridad sirve como estandarte de la derecha para ganar elecciones y para revivir las teor\u00edas pol\u00edticas del individualismo posesivo como en el Leviat\u00e1n de Thomas Hobbes, para hacer del Estado muy poco m\u00e1s que el guardi\u00e1n de la propiedad.<\/p>\n<p>Pero la historia ense\u00f1a que el problema de la gobernabilidad no es nuevo como tampoco lo es el de la dominaci\u00f3n sea esta con legitimidad o no. En este sentido debemos recordar que las dictaduras latinoamericanas construyeron la gobernabilidad que requer\u00eda el neoliberalismo para imponerse.<\/p>\n<p><b>La soberan\u00eda del capital<\/b><\/p>\n<p>Cuando estas dejaron de garantizar la estabilidad pol\u00edtica, el problema de gobernabilidad adopt\u00f3 la forma de democracia gobernable, claro se podr\u00e1 decir que el problema de gobernabilidad tiene poco inter\u00e9s te\u00f3rico mas all\u00e1 del problema del equilibrio, y que lo relevante son los procesos pol\u00edticos e ideol\u00f3gicos que hacen posible que se identifique gobernabilidad con democracia.<\/p>\n<p>Porque si la estabilidad de la dominaci\u00f3n capitalista (gobernabilidad) se obtiene al impedir que las pol\u00edtica intervenga sobre las cuestiones econ\u00f3micas &#8211; noci\u00f3n esta tambi\u00e9n v\u00e1lida para los pa\u00edses industrializados- que quedan solo reservadas a la soberan\u00eda del capital, en pa\u00edses donde la desigualdad y la pobreza son la condici\u00f3n mayoritaria, la b\u00fasqueda de gobernabilidad deja de ser una estrategia dominante conservadora para ser obligatoriamente reaccionaria.<\/p>\n<p>Las elites pol\u00edticas construyen los equilibrios mediante consensos entre s\u00ed, que es la \u00fanica forma que puede adoptar la pol\u00edtica democr\u00e1tica, consensus hacia los intereses dominantes y no confrontaci\u00f3n de proyectos de sociedad distintos.<\/p>\n<p>En tiempos electorales la derecha trata de recomponer la imagen de sus gobiernos o partidos tratando de compensar el desprestigio de las instituciones democr\u00e1ticas con acciones puntuales contra la corrupci\u00f3n y el crimen organizado encarcelando algunos pol\u00edticos, tambi\u00e9n faltaba m\u00e1s, se hacen algunas reformas del Poder Judicial para reforzar su imagen de independencia. Pero el desprestigio de la pol\u00edtica y las instituciones corren en paralelo al de las pol\u00edticas econ\u00f3micas.<\/p>\n<p>En medio de la crisis civilizatoria que enfrenta el mundo a causa de los efectos perniciosos del capitalismo y su \u201cultima fase\u201d en todos los casos si podemos decir en una de las mas predatorias del neoliberalismo por m\u00e1s que sus apologistas nieguen la realidad, el fascismo golpea a sus a puertas, \u2026 Y algunos ya las abrieron.<\/p>\n","protected":false},"excerpt":{"rendered":"<p>Eduardo Cam\u00edn (CLAE, 12-11-18) &nbsp; Hace un tiempo, entre los diferentes informes de la Organizaci\u00f3n Mundial del Trabajo (OIT) uno de ellos llam\u00f3 la atenci\u00f3n, con un an\u00e1lisis econ\u00f3mico, que parec\u00eda algo extra\u00f1o porque su contradicci\u00f3n implicaba una met\u00e1fora, una pirueta sem\u00e1ntica llamativa sobre los niveles de crecimiento, que es adem\u00e1s propia del sistema capitalista. [&hellip;]<\/p>\n","protected":false},"author":1,"featured_media":28249,"comment_status":"open","ping_status":"open","sticky":false,"template":"","format":"standard","meta":{"footnotes":""},"categories":[14,12],"tags":[],"class_list":["post-28984","post","type-post","status-publish","format-standard","has-post-thumbnail","hentry","category-internacionales","category-politica-3"],"_links":{"self":[{"href":"https:\/\/debateplural.net\/site\/wp-json\/wp\/v2\/posts\/28984"}],"collection":[{"href":"https:\/\/debateplural.net\/site\/wp-json\/wp\/v2\/posts"}],"about":[{"href":"https:\/\/debateplural.net\/site\/wp-json\/wp\/v2\/types\/post"}],"author":[{"embeddable":true,"href":"https:\/\/debateplural.net\/site\/wp-json\/wp\/v2\/users\/1"}],"replies":[{"embeddable":true,"href":"https:\/\/debateplural.net\/site\/wp-json\/wp\/v2\/comments?post=28984"}],"version-history":[{"count":1,"href":"https:\/\/debateplural.net\/site\/wp-json\/wp\/v2\/posts\/28984\/revisions"}],"predecessor-version":[{"id":28985,"href":"https:\/\/debateplural.net\/site\/wp-json\/wp\/v2\/posts\/28984\/revisions\/28985"}],"wp:featuredmedia":[{"embeddable":true,"href":"https:\/\/debateplural.net\/site\/wp-json\/wp\/v2\/media\/28249"}],"wp:attachment":[{"href":"https:\/\/debateplural.net\/site\/wp-json\/wp\/v2\/media?parent=28984"}],"wp:term":[{"taxonomy":"category","embeddable":true,"href":"https:\/\/debateplural.net\/site\/wp-json\/wp\/v2\/categories?post=28984"},{"taxonomy":"post_tag","embeddable":true,"href":"https:\/\/debateplural.net\/site\/wp-json\/wp\/v2\/tags?post=28984"}],"curies":[{"name":"wp","href":"https:\/\/api.w.org\/{rel}","templated":true}]}}