{"id":29007,"date":"2018-11-13T11:12:48","date_gmt":"2018-11-13T15:12:48","guid":{"rendered":"http:\/\/debateplural.com\/?p=29007"},"modified":"2018-11-13T11:12:48","modified_gmt":"2018-11-13T15:12:48","slug":"fotoperiodismo-dominicano","status":"publish","type":"post","link":"https:\/\/debateplural.net\/site\/2018\/11\/13\/fotoperiodismo-dominicano\/","title":{"rendered":"Fotoperiodismo dominicano"},"content":{"rendered":"<div id=\"ArticleAuthorDiv\" class=\"article-body-author\">Carmen Guzm\u00e1n (Listin, 10-11-18)<\/div>\n<div id=\"ArticleBody\">\n<p>&nbsp;<\/p>\n<p>El fotoperiodismo es una herramienta esencial para el diarismo actual. Una imagen vale m\u00e1s que mil palabras, dice el refr\u00e1n; a veces incluso resulta tedioso tener en las manos una hoja de peri\u00f3dico repleta de texto, y ni una foto.<\/p>\n<p>Esta situaci\u00f3n se conoce solo en este tiempo, pues la inserci\u00f3n de la fotograf\u00eda como parte de la prensa, no es algo que surge sino alrededor de 10 a\u00f1os despu\u00e9s de que se crean oficialmente algunos peri\u00f3dicos nacionales en la d\u00e9cada de los 80 del siglo XIX.<\/p>\n<p>Primeras ilustraciones<\/p>\n<p>Debido a la falta de tecnolog\u00eda y la necesidad de a\u00f1adir ciertas im\u00e1genes noticiosas y a la vez publicitarias, los primeros diarios utilizaron la caricatura\u00a0 y el grabado para ilustrar las informaciones.<\/p>\n<p>En 1846, el gobierno de los Estados Unidos hab\u00eda enviado un comisionado especial para informar sobre las condiciones sociales, industriales y pol\u00edticas del pa\u00eds. Este corresponsal fue el Teniente de la Marina, David Dixon Porter.<\/p>\n<p>En el informe que este envi\u00f3 a su naci\u00f3n, registra que en Santo Domingo se publicaba \u2018un periodiquito\u2019, el cual se llamaba \u201cEl Dominicano\u201d. Seg\u00fan explica el historiador Filiberto Cruz S\u00e1nchez en su libro, \u201cLos medios de comunicaci\u00f3n en Rep\u00fablica Dominicana\u201d, este peri\u00f3dico tiene el honor de haber sido el primer diario ilustrado que circulara en el pa\u00eds.<\/p>\n<p>\u201cEl Dominicano\u201d es considerado el primer peri\u00f3dico que vio la luz p\u00fablica en los primeros meses de la Rep\u00fablica. Su primer n\u00famero tiene fecha de 19 de septiembre de 1845. De \u00e9l salieron 24 ediciones. Dej\u00f3 de salir el 30 de noviembre de 1846. En este apareci\u00f3 una caricatura de Domingo Echevarr\u00eda, la cual representaba a un general haitiano de la \u00e9poca.<\/p>\n<p>Luego de esta iniciativa, otros peri\u00f3dicos empezaron a ilustrar sus informaciones a base de caricatura.<\/p>\n<p>En la referida obra, el autor hace menci\u00f3n de dos reporteros gr\u00e1ficos que llegaron al pa\u00eds pagados por el proyecto anexionista de Buenaventura B\u00e1ez, estos eran Samuel Hazard y James Taylor.<\/p>\n<p>\u201cTaylor era reportero gr\u00e1fico de una revista ilustrada de los Estados Unidos. Al visitar Rep\u00fablica Dominicana en 1871 como reportero gr\u00e1fico, llen\u00f3 un importante vac\u00edo pues en aquellos a\u00f1os, la tecnolog\u00eda no permit\u00eda a los peri\u00f3dicos y revistas ilustrar con fotograf\u00edas\u201d. Sin embargo no aparece una imagen de las publicaciones que utilizaron estas fotos.<\/p>\n<p>Las im\u00e1genes realizadas por Taylor se publicaron por Bernardo Vega y Emilio Rodr\u00edguez Demorizi en sus libros \u2018Im\u00e1genes del ayer\u2019 y \u2018Lugares y monumentos hist\u00f3ricos de Santo Domingo\u2019.<\/p>\n<p>Las revistas y la fotograf\u00eda<\/p>\n<p>En el citado libro, Cruz S\u00e1nchez registra las primeras revistas que hicieron uso de la fotograf\u00eda en sus publicaciones. Entre estas se mencionan \u2018El \u00c1lbum\u2019, fundada en Santiago por Franco Bid\u00f3 en agosto de 1900; \u2018Revista Literaria\u2019 fundada en la capital por Enrique Deschamps en marzo de 1901; \u2018Revista Quincenal\u2019, fundada en febrero de 1903; \u2018La cuna de Am\u00e9rica\u2019, creada para esta misma fecha y donde escrib\u00edan las mejores plumas del pa\u00eds; \u2018El Pensamiento\u2019, fundada en Santiago en abril de 1906 por Jos\u00e9 Antonio Hungr\u00eda; \u2018Mefistofeles\u2019, de julio de 1907, y la revista \u2018Blanco y Negro\u2019, fundada en septiembre de 1908 por Francisco Arturo Palau.<\/p>\n<p>A pesar de que no era una publicaci\u00f3n diaria, ni de informaciones netamente noticiosas, la revista \u2018Blanco y Negro\u2019 era una de las mejores ilustradas del pa\u00eds y siempre se\u00f1alaban los acontecimientos m\u00e1s importantes de Santo Domingo. Tan buenas eran las im\u00e1genes que Palau utilizaba en su revista que estas tambi\u00e9n eran publicadas en List\u00edn Diario y en la revista La Cuna de Am\u00e9rica.<\/p>\n<p>Seg\u00fan registra el referido historiador, Palau es el pionero de la fotograf\u00eda period\u00edstica dominicana, ya que gracias a \u00e9l se incorpor\u00f3 por primera vez la fotograf\u00eda al periodismo en Santo Domingo.<\/p>\n<p>El proceso de insertar las fotos era m\u00e1s o menos el siguiente: se enviaba el material fotogr\u00e1fico hasta Cuba para obtener all\u00ed la placa que permitir\u00eda la publicaci\u00f3n de los grabados en la prensa nacional.<\/p>\n<p>Entre las primeras fotograf\u00edas que aparecieron en los diarios criollos se encuentran: las elecciones municipales de octubre de 1909; la llegada de los restos de Antonio Duverg\u00e9, en febrero de 1911; el entierro y funeral de Ramon C\u00e1ceres, muerto a tiros en noviembre de ese a\u00f1o; el acto de juramentaci\u00f3n del nuevo presidente Eladio Victoria, en diciembre de ese a\u00f1o. La revista Blanco y Negro dejo de circular en 1930.<\/p>\n<p>Cabe resaltar que pese a no haber sido un \u00f3rgano de difusi\u00f3n noticiosa, es aqu\u00ed donde se registran a manera gr\u00e1fica, los hechos noticiosos m\u00e1s importantes de la \u00e9poca.<\/p>\n<p><strong>FOT\u00d3GRAFOS EXTRANJEROS<\/strong><\/p>\n<p>La llegada de personas extranjeras que visitaban el pa\u00eds con el prop\u00f3sito de capturar sus hermosos paisajes, as\u00ed como la situaci\u00f3n social que se viv\u00eda en aquella \u00e9poca, permiti\u00f3 que se registrara un sin n\u00famero de instant\u00e1neas sobre la sociedad dominicana de los a\u00f1os 80.<\/p>\n<p>La cr\u00edtica de arte, Jeannette Miller, registra en el primer tomo del libro \u201cHistoria de la fotograf\u00eda dominicana 1851-1961\u201d, que el inter\u00e9s principal de esos extranjeros era reproducir para sus pa\u00edses, en especial Espa\u00f1a y Estados Unidos, los puntos geogr\u00e1ficos y estrat\u00e9gicos, no realizar fotoperiodismo. Estas colecciones fotogr\u00e1ficas est\u00e1n aseguradas en\u00a0 libros espa\u00f1oles y norteamericanos.<\/p>\n<p>El vecino pa\u00eds de Cuba fue un gran aliado al momento de insertar la fotograf\u00eda como medio period\u00edstico e informativo. Seg\u00fan registra la referida obra de Miller, el cubano A. Hartman, hizo aqu\u00ed los primeros daguerrotipos de Padre Santana, Buenaventura B\u00e1ez, Monse\u00f1or de Portes\u00a0 y otros.<\/p>\n<p>\u201cPara 1861 lleg\u00f3 a Santo Domingo el fot\u00f3grafo retratista cubano Francisco de Rojas quien se estableci\u00f3 en la ciudad capital; en 1872 llega el fot\u00f3grafo puertorrique\u00f1o Juan de Torrefuerte a Puerto Plata; en 1875, procedentes de Cuba, tambi\u00e9n se instalaron en Puerto Plata los fot\u00f3grafos Francisco Correa y John Calm; en 1876, Narciso Arteaga; por esa misma \u00e9poca estuvieron los fot\u00f3grafos Lyon y Lyon, J. M. Sanders, Benjam\u00edn Toucey, Claudio Morales, y Piqu\u00e9 y Zafan\u00e9.\u201d<\/p>\n<p>Estos fueron los principales fot\u00f3grafos extranjeros que se instalaron en la isla luego que la fotograf\u00eda empez\u00f3 a expandirse. Estos ten\u00edan sus estudios fotogr\u00e1ficos y desde all\u00ed realizaban los trabajos que se les solicitaban.<\/p>\n<\/div>\n","protected":false},"excerpt":{"rendered":"<p>Carmen Guzm\u00e1n (Listin, 10-11-18) &nbsp; El fotoperiodismo es una herramienta esencial para el diarismo actual. Una imagen vale m\u00e1s que mil palabras, dice el refr\u00e1n; a veces incluso resulta tedioso tener en las manos una hoja de peri\u00f3dico repleta de texto, y ni una foto. Esta situaci\u00f3n se conoce solo en este tiempo, pues la [&hellip;]<\/p>\n","protected":false},"author":1,"featured_media":29008,"comment_status":"open","ping_status":"open","sticky":false,"template":"","format":"standard","meta":{"footnotes":""},"categories":[5,17],"tags":[],"class_list":["post-29007","post","type-post","status-publish","format-standard","has-post-thumbnail","hentry","category-nacionales","category-sociedad"],"_links":{"self":[{"href":"https:\/\/debateplural.net\/site\/wp-json\/wp\/v2\/posts\/29007"}],"collection":[{"href":"https:\/\/debateplural.net\/site\/wp-json\/wp\/v2\/posts"}],"about":[{"href":"https:\/\/debateplural.net\/site\/wp-json\/wp\/v2\/types\/post"}],"author":[{"embeddable":true,"href":"https:\/\/debateplural.net\/site\/wp-json\/wp\/v2\/users\/1"}],"replies":[{"embeddable":true,"href":"https:\/\/debateplural.net\/site\/wp-json\/wp\/v2\/comments?post=29007"}],"version-history":[{"count":1,"href":"https:\/\/debateplural.net\/site\/wp-json\/wp\/v2\/posts\/29007\/revisions"}],"predecessor-version":[{"id":29009,"href":"https:\/\/debateplural.net\/site\/wp-json\/wp\/v2\/posts\/29007\/revisions\/29009"}],"wp:featuredmedia":[{"embeddable":true,"href":"https:\/\/debateplural.net\/site\/wp-json\/wp\/v2\/media\/29008"}],"wp:attachment":[{"href":"https:\/\/debateplural.net\/site\/wp-json\/wp\/v2\/media?parent=29007"}],"wp:term":[{"taxonomy":"category","embeddable":true,"href":"https:\/\/debateplural.net\/site\/wp-json\/wp\/v2\/categories?post=29007"},{"taxonomy":"post_tag","embeddable":true,"href":"https:\/\/debateplural.net\/site\/wp-json\/wp\/v2\/tags?post=29007"}],"curies":[{"name":"wp","href":"https:\/\/api.w.org\/{rel}","templated":true}]}}