{"id":29290,"date":"2018-12-05T12:22:32","date_gmt":"2018-12-05T16:22:32","guid":{"rendered":"http:\/\/debateplural.com\/?p=29290"},"modified":"2018-12-05T12:22:32","modified_gmt":"2018-12-05T16:22:32","slug":"venezuela-y-turquia-refuerzan-los-lazos-comerciales-con-visita-de-erdogan","status":"publish","type":"post","link":"https:\/\/debateplural.net\/site\/2018\/12\/05\/venezuela-y-turquia-refuerzan-los-lazos-comerciales-con-visita-de-erdogan\/","title":{"rendered":"Venezuela y Turqu\u00eda refuerzan los lazos comerciales con visita de Erdogan"},"content":{"rendered":"<p>El Periodico (4-12-18)<\/p>\n<p>&nbsp;<\/p>\n<p><strong>Recep Tayyip Erdogan,<\/strong>\u00a0presidente de Turqu\u00eda, afirm\u00f3 durante su visita oficial a Caracas que su pa\u00eds va a \"cubrir la mayor\u00eda de las necesidades de Venezuela\", un pa\u00eds que se encuentra sumido en una grave crisis econ\u00f3mica y social y que adem\u00e1s, esto ha provocado una ola migratoria de millones de personas que han abandonado su lugar de origen en la b\u00fasqueda de mejores condiciones de vida.<\/p>\n<p>Ante esta situaci\u00f3n, el mandatario turco asegur\u00f3: \"Nosotros\u00a0<strong>vamos a cubrir la mayor\u00eda de las necesidades de Venezuela<\/strong>, tenemos esa fuerza, tenemos esa oportunidad. Me gustar\u00eda destacar este hecho\". Esto durante un encuentro con empresarios turcos y el presidente venezolano, Nicol\u00e1s Maduro.<\/p>\n<h3>Mejorar ambiente de negocios<\/h3>\n<p>Erdogan realiza su primera visita oficial a Venezuela para revisar y\u00a0<strong>firmar convenios de cooperaci\u00f3n<\/strong>\u00a0entre ambos pa\u00edses. En el encuentro, en el que participaban 50 empresarios turcos y 150 venezolanos, el presidente de Turqu\u00eda indic\u00f3 que est\u00e1 dispuesto a colaborar en las distintas \u00e1reas de la econom\u00eda, pero que se necesita \"mejorar el ambiente de negocios para los empresarios\".<\/p>\n<p>\"Y tenemos que continuar con la colaboraci\u00f3n, yo deseo que esta reuni\u00f3n sea beneficiosa para los empresarios de\u00a0<strong>Venezuela y Turqu\u00eda<\/strong>\", continu\u00f3 Erdogan al se\u00f1alar que quiere fortalecer el proceso iniciado en Estambul en julio pasado.<\/p>\n<p>\"Queremos fortalecer el proceso que hemos empezado en Estambul, en\u00a0<strong>inversiones<\/strong>, en energ\u00eda, en miner\u00eda, en el turismo, en la agricultura, en el transporte, en la salud, en la educaci\u00f3n, en la seguridad, tenemos much\u00edsimo potencial de colaborar en todos estos campos de negocios\", precis\u00f3.<\/p>\n<p>El gobernante turco destac\u00f3 que las\u00a0<strong>relaciones econ\u00f3micas\u00a0<\/strong>entre ambos pa\u00edses tienen un gran potencial y que su intenci\u00f3n con la visita a Caracas es que este sea el inicio de una colaboraci\u00f3n \"sostenible\" y \"diversificada\". Erdogan sostuvo tambi\u00e9n que los objetivos que se han planteado Venezuela y Turqu\u00eda \"no van a quedarse solamente en palabras\".<\/p>\n<h3>Critica el atentado contra Maduro<\/h3>\n<p>Asimismo, conden\u00f3 el fallido atentado que sufri\u00f3 el pasado agosto el presidente\u00a0<strong>Nicol\u00e1s<\/strong>\u00a0<strong>Maduro<\/strong>, durante un acto con militares y dijo que esa fue \"una amenaza al deseo de independencia de Venezuela\".<\/p>\n<p>Por lo que el presidente turco asegur\u00f3 que \"ellos quisieron robar la voluntad del pueblo de Venezuela y me gustar\u00eda decir que no aceptamos esta conducta y\u00a0<strong>Turqu\u00eda da su apoyo a Venezuela<\/strong>\u00a0a nivel presidencial.<\/p>\n<p>&nbsp;<\/p>\n","protected":false},"excerpt":{"rendered":"<p>El Periodico (4-12-18) &nbsp; Recep Tayyip Erdogan,\u00a0presidente de Turqu\u00eda, afirm\u00f3 durante su visita oficial a Caracas que su pa\u00eds va a \"cubrir la mayor\u00eda de las necesidades de Venezuela\", un pa\u00eds que se encuentra sumido en una grave crisis econ\u00f3mica y social y que adem\u00e1s, esto ha provocado una ola migratoria de millones de personas [&hellip;]<\/p>\n","protected":false},"author":1,"featured_media":29291,"comment_status":"open","ping_status":"open","sticky":false,"template":"","format":"standard","meta":{"footnotes":""},"categories":[14,12],"tags":[],"class_list":["post-29290","post","type-post","status-publish","format-standard","has-post-thumbnail","hentry","category-internacionales","category-politica-3"],"_links":{"self":[{"href":"https:\/\/debateplural.net\/site\/wp-json\/wp\/v2\/posts\/29290"}],"collection":[{"href":"https:\/\/debateplural.net\/site\/wp-json\/wp\/v2\/posts"}],"about":[{"href":"https:\/\/debateplural.net\/site\/wp-json\/wp\/v2\/types\/post"}],"author":[{"embeddable":true,"href":"https:\/\/debateplural.net\/site\/wp-json\/wp\/v2\/users\/1"}],"replies":[{"embeddable":true,"href":"https:\/\/debateplural.net\/site\/wp-json\/wp\/v2\/comments?post=29290"}],"version-history":[{"count":1,"href":"https:\/\/debateplural.net\/site\/wp-json\/wp\/v2\/posts\/29290\/revisions"}],"predecessor-version":[{"id":29292,"href":"https:\/\/debateplural.net\/site\/wp-json\/wp\/v2\/posts\/29290\/revisions\/29292"}],"wp:featuredmedia":[{"embeddable":true,"href":"https:\/\/debateplural.net\/site\/wp-json\/wp\/v2\/media\/29291"}],"wp:attachment":[{"href":"https:\/\/debateplural.net\/site\/wp-json\/wp\/v2\/media?parent=29290"}],"wp:term":[{"taxonomy":"category","embeddable":true,"href":"https:\/\/debateplural.net\/site\/wp-json\/wp\/v2\/categories?post=29290"},{"taxonomy":"post_tag","embeddable":true,"href":"https:\/\/debateplural.net\/site\/wp-json\/wp\/v2\/tags?post=29290"}],"curies":[{"name":"wp","href":"https:\/\/api.w.org\/{rel}","templated":true}]}}