{"id":2930,"date":"2016-01-14T18:32:18","date_gmt":"2016-01-14T18:32:18","guid":{"rendered":"http:\/\/debateplural.com\/?p=2930"},"modified":"2016-06-23T14:12:12","modified_gmt":"2016-06-23T14:12:12","slug":"aviacion-rusa-realiza-por-primera-vez-mision-de-combate-conjunta-con-fuerza-aerea-siria","status":"publish","type":"post","link":"https:\/\/debateplural.net\/site\/2016\/01\/14\/aviacion-rusa-realiza-por-primera-vez-mision-de-combate-conjunta-con-fuerza-aerea-siria\/","title":{"rendered":"Aviaci\u00f3n rusa realiza por primera vez misi\u00f3n de combate conjunta con Fuerza A\u00e9rea siria"},"content":{"rendered":"<div id=\"attachment_2931\" style=\"width: 715px\" class=\"wp-caption aligncenter\"><img loading=\"lazy\" decoding=\"async\" aria-describedby=\"caption-attachment-2931\" class=\"size-full wp-image-2931\" src=\"http:\/\/tripletecnologia.com\/website\/debateplural\/wp-content\/uploads\/2016\/01\/mision-de-combate-conjunta-entre-rusia-y-siria-1.jpg\" alt=\"Mision de combate conjunta entre Rusia y Siria\" width=\"705\" height=\"381\" \/><p id=\"caption-attachment-2931\" class=\"wp-caption-text\">Mision de combate conjunta entre Rusia y Siria<\/p><\/div>\n<p style=\"text-align:justify;\">La Fuerza Aeroespacial rusa junto con la Aviaci\u00f3n siria realiz\u00f3 una misi\u00f3n de combate conjunta por primera vez desde el inicio de la operaci\u00f3n rusa en Siria, comunic\u00f3 el Ministerio de Defensa ruso.<!--more--><\/p>\n<p style=\"text-align:justify;\">\"Las tripulaciones de los bombarderos Su-25 de la Fuerza Aeroespacial rusa y los cazas MiG-29 de la Fuerza A\u00e9rea de la Rep\u00fablica \u00c1rabe <a href=\"http:\/\/localhost\/debateplural\/tag\/siria\">Siria<\/a> cumplieron con una misi\u00f3n de combate conjunta\", indic\u00f3.<\/p>\n<p style=\"text-align:justify;\">Precis\u00f3 que dos cazas Mig-29 sirios escoltaron a los dos bombarderos rusos que atacaron las posiciones de los terroristas.<\/p>\n<p style=\"text-align:justify;\">La v\u00edspera un grupo de pilotos sirios visit\u00f3 la base a\u00e9rea de Hmeymim donde abord\u00f3 con los pilotos rusos las normas de comunicaci\u00f3n por radio en el aire.<\/p>\n<p style=\"text-align:justify;\">Rusia comenz\u00f3 el pasado 30 de septiembre una operaci\u00f3n antiyihadista en Siria atendiendo a una petici\u00f3n del presidente <a href=\"http:\/\/localhost\/debateplural\/tag\/bashar-al-asad\">Bashar al Asad.<\/a><\/p>\n<p style=\"text-align:justify;\">Los objetivos de los bombardeos rusos son las posiciones de grupos como Daesh (autodenominado <a href=\"http:\/\/localhost\/debateplural\/tag\/estado-islamico\">Estado Isl\u00e1mico<\/a>) o el Frente al Nusra, organizaciones terroristas proscritas en<a href=\"http:\/\/localhost\/debateplural\/tag\/rusia\"> Rusia<\/a> y otros pa\u00edses.<\/p>\n<p style=\"text-align:justify;\">\n<p style=\"text-align:justify;\">\n","protected":false},"excerpt":{"rendered":"<p>La Fuerza Aeroespacial rusa junto con la Aviaci\u00f3n siria realiz\u00f3 una misi\u00f3n de combate conjunta por primera vez desde el inicio de la operaci\u00f3n rusa en Siria, comunic\u00f3 el Ministerio de Defensa ruso.<\/p>\n","protected":false},"author":1,"featured_media":7994,"comment_status":"open","ping_status":"open","sticky":false,"template":"","format":"standard","meta":{"footnotes":""},"categories":[14],"tags":[60,54,40,41],"class_list":["post-2930","post","type-post","status-publish","format-standard","has-post-thumbnail","hentry","category-internacionales","tag-bashar-al-asad","tag-estado-islamico","tag-rusia","tag-siria"],"_links":{"self":[{"href":"https:\/\/debateplural.net\/site\/wp-json\/wp\/v2\/posts\/2930"}],"collection":[{"href":"https:\/\/debateplural.net\/site\/wp-json\/wp\/v2\/posts"}],"about":[{"href":"https:\/\/debateplural.net\/site\/wp-json\/wp\/v2\/types\/post"}],"author":[{"embeddable":true,"href":"https:\/\/debateplural.net\/site\/wp-json\/wp\/v2\/users\/1"}],"replies":[{"embeddable":true,"href":"https:\/\/debateplural.net\/site\/wp-json\/wp\/v2\/comments?post=2930"}],"version-history":[{"count":1,"href":"https:\/\/debateplural.net\/site\/wp-json\/wp\/v2\/posts\/2930\/revisions"}],"predecessor-version":[{"id":7995,"href":"https:\/\/debateplural.net\/site\/wp-json\/wp\/v2\/posts\/2930\/revisions\/7995"}],"wp:featuredmedia":[{"embeddable":true,"href":"https:\/\/debateplural.net\/site\/wp-json\/wp\/v2\/media\/7994"}],"wp:attachment":[{"href":"https:\/\/debateplural.net\/site\/wp-json\/wp\/v2\/media?parent=2930"}],"wp:term":[{"taxonomy":"category","embeddable":true,"href":"https:\/\/debateplural.net\/site\/wp-json\/wp\/v2\/categories?post=2930"},{"taxonomy":"post_tag","embeddable":true,"href":"https:\/\/debateplural.net\/site\/wp-json\/wp\/v2\/tags?post=2930"}],"curies":[{"name":"wp","href":"https:\/\/api.w.org\/{rel}","templated":true}]}}