{"id":29389,"date":"2018-12-08T13:38:47","date_gmt":"2018-12-08T17:38:47","guid":{"rendered":"http:\/\/debateplural.com\/?p=29389"},"modified":"2018-12-08T13:39:09","modified_gmt":"2018-12-08T17:39:09","slug":"los-chalecos-amarillos-revelador-de-un-modelo-social-en-crisis","status":"publish","type":"post","link":"https:\/\/debateplural.net\/site\/2018\/12\/08\/los-chalecos-amarillos-revelador-de-un-modelo-social-en-crisis\/","title":{"rendered":"Los Chalecos amarillos, revelador de un modelo social en crisis"},"content":{"rendered":"\n<p>Alex Anfruns (Investig&#8217;Action, 8-12-18)<\/p>\n\n\n\n<p><strong>Ha pasado un mes desde el llamado a la acci\u00f3n contra el aumento del impuesto al combustible. Despu\u00e9s de una comunicaci\u00f3n gubernamental que ha oscilado entre el desprecio y la torpeza, el anuncio oficial de una \u201cmoratoria\u201d en la aplicaci\u00f3n de este impuesto, el 4 de diciembre, significa un retroceso inesperado. Es hora de hacer un primer balance y analizar el fondo de esta cuesti\u00f3n, en la encrucijada de cuestiones como el modelo energ\u00e9tico, la emergencia social, el desaf\u00edo clim\u00e1tico y la geopol\u00edtica mundial.<\/strong><br><br>Este anuncio se produce unos d\u00edas despu\u00e9s de la manifestaci\u00f3n de chaquetas amarillas en los Campos El\u00edseos, el s\u00e1bado 1 de diciembre. Desde el G20 de Buenos Aires, la dificultad de Emmanuel Macron para comunicar sobre la evoluci\u00f3n de esta movilizaci\u00f3n era obvia y predecible.<br><br>El giro de los acontecimientos, tal como lo presentaron machaconamente los canales de informaci\u00f3n en continuo, permiti\u00f3 centrar la atenci\u00f3n en \u201cla violencia de los gamberros\u201d en las calles adyacentes a los Campos El\u00edseos. Pero especialmente en la confrontaci\u00f3n de un peque\u00f1o grupo frente a las fuerzas de la orden, alrededor de un Arco de Triunfo que se convirti\u00f3 en el s\u00edmbolo de las instituciones francesas atacadas por \u201chordas\u201d y grupos de \u201csaqueadores\u201d. As\u00ed, el discurso de Macron tuvo el m\u00e9rito de dividir el movimiento entre \u201cchalecos amarillos moderados\u201d y \u201cchalecos amarillos violentos\u201d, con los cuales no era posible el di\u00e1logo. Pero el balance del s\u00e1bado 1 de diciembre sigue siendo pesado: 133 heridos, 378 detenciones.<br><br>Despu\u00e9s de varios discursos oficiales dirigidos a cerrar filas alrededor del jefe, el gobierno decidi\u00f3 consultar a los partidos de la oposici\u00f3n sobre el posible camino a seguir. Y una moratoria durante seis meses fue la decisi\u00f3n m\u00e1s sensata para salir de la crisis en esta situaci\u00f3n casi \u201cinsurreccional\u201d. La pregunta para todos fue \u201c\u00bfpero c\u00f3mo hemos llegado hasta aqu\u00ed?\u201d<\/p>\n\n\n\n<p><strong>Un \u201cmultilateralismo\u201d hecho a medida<\/strong><\/p>\n\n\n\n<p>La movilizaci\u00f3n de los chalecos amarillos ha superado las expectativas de muchos, y parece que la anulaci\u00f3n del impuesto al combustible no es suficiente para detenerlo. La medida inicial del gobierno se present\u00f3 oficialmente como una respuesta al desaf\u00edo clim\u00e1tico relacionado con la transici\u00f3n energ\u00e9tica. En el G20, seg\u00fan Macron, Francia habr\u00eda sido el abanderado de la justicia clim\u00e1tica impulsada por los compromisos de la COP21, y su visi\u00f3n del comercio basada en el \u201cmultilateralismo\u201d habr\u00eda salido victoriosa en la batalla contra el unilateralismo de Trump. Continuando por este camino, Macron tambi\u00e9n subray\u00f3 la asociaci\u00f3n estrat\u00e9gica de Francia con China, que colocar\u00eda al ejecutivo en una posici\u00f3n pragm\u00e1tica frente al poder asi\u00e1tico. Esta secuencia, que destaca el v\u00ednculo entre el tema energ\u00e9tico y el medio ambiente, continuar\u00e1 con la celebraci\u00f3n de la COP24 en Polonia, un pa\u00eds que depende en gran medida de los combustibles f\u00f3siles.<br><br>Sin embargo, desde el principio hubo un \u00e1ngulo muerto que estaba m\u00e1s all\u00e1 de nuestro campo de visi\u00f3n: \u00bfqui\u00e9n tiene inter\u00e9s en desafiar los objetivos de la transici\u00f3n ecol\u00f3gica? Esto implicar\u00eda para la industria petrolera un d\u00e9ficit en las ganancias a corto plazo, que es la l\u00f3gica implacable del capitalismo. Tambi\u00e9n es esta l\u00f3gica la que ha predominado hist\u00f3ricamente en la elecci\u00f3n particular del modelo energ\u00e9tico de Francia, basada en un 75% en la energ\u00eda nuclear, y presentada como \u201climpia\u201d y \u201csin carbono\u201d. Una potencia que podr\u00eda presumir de su capacidad para salir de los combustibles f\u00f3siles, porque ser\u00eda \u201cmenos dependiente\u201d que otras \u2026 Excepto que, por un lado, la energ\u00eda nuclear solo puede desarrollarse gracias al control de las materias primas de los antiguos pa\u00edses colonizados, especialmente N\u00edger. Por otro lado, la gesti\u00f3n de residuos mediante t\u00e9cnicas de enterramiento plantea una serie de problemas \u00e9ticos y democr\u00e1ticos no resueltos. Con el parque nuclear franc\u00e9s llegando al final de su vida \u00fatil, la presi\u00f3n ha sido fuerte para que los cierres anunciados se pospongan durante tantos a\u00f1os como sea posible. Esto explica la decisi\u00f3n de Macron de reducir la parte de la energ\u00eda nuclear al 50% para 2035, con un retraso de diez a\u00f1os respecto al objetivo establecido en la Ley de Transici\u00f3n de la Energ\u00eda. Una promesa sobre la que hubo dudas razonables hasta el \u00faltimo momento, dada la renuncia del ministro Hulot en septiembre.<br><br>En cuanto a la transici\u00f3n energ\u00e9tica en Alemania, tambi\u00e9n hay gato encerrado. El cierre de la \u00faltima f\u00e1brica de carb\u00f3n en el Ruhr no supone el fin del uso del carb\u00f3n, solo el cese de la actividad minera en Alemania, que es demasiado costosa frente a la competencia de minas a cielo abierto en otros pa\u00edses. Por lo tanto, Alemania continuar\u00e1 importando carb\u00f3n colombiano, turco o del este de Europa, desplazando el problema m\u00e1s lejos.<\/p>\n\n\n\n<p>Tambi\u00e9n hay que interrogarnos sobre las motivaciones que llevaron a las principales marcas de distribuci\u00f3n francesas a lanzar una operaci\u00f3n de venta de gasolina a bajo costo, que se pospuso quince d\u00edas despu\u00e9s del inicio del movimiento. Y entender por qu\u00e9, a la pregunta planteada por un periodista sobre su posible apoyo a los chalecos amarillos, el presidente de Total pudo responder: \u201cEs necesario escuchar a la gente, tener una energ\u00eda limpia y barata al mismo tiempo requiere tiempo y dinero. Estoy de acuerdo en cambiar el sistema de energ\u00eda, pero lo importante es la cuesti\u00f3n del ritmo\u201d. Una multinacional que ha ganado $ 10 mil millones en beneficios en los primeros nueve meses de 2018 tiene el derecho de dar su opini\u00f3n sobre las medidas del gobierno. Y su opini\u00f3n cuenta. Si bien el modelo de \u201cdiversificaci\u00f3n de energ\u00eda\u201d parece estar en marcha, no por eso hay que quemar las etapas\u2026<\/p>\n\n\n\n<p>A pesar del hecho de que China se ha convertido en un socio importante para Total y que esta desee desarrollar la cooperaci\u00f3n en particular sobre el suelo africano, haciendo valer su \u201cpericia\u201d hist\u00f3rica, la multinacional no ha dudado en retirarse del mercado iran\u00ed, cediendo as\u00ed al chantaje de la administraci\u00f3n Trump. La prueba de que sus intereses no se corresponden exactamente con la estrategia de la UE de evitar las sanciones frente a Ir\u00e1n, mediante un mecanismo de pago alternativo.<br><br>Esta reacci\u00f3n del gigante petrolero debe ponerse en paralelo a las declaraciones de la administraci\u00f3n Trump, adepto a los intereses de sus propias empresas multinacionales en el sector y quien se plantea el fin de los subsidios para la compra de autom\u00f3viles el\u00e9ctricos. Fiel a su pol\u00edtica de injerencia, el presidente de Estados Unidos aprovech\u00f3 r\u00e1pidamente esta crisis y acogi\u00f3 con satisfacci\u00f3n la decisi\u00f3n sobre la moratoria: \u201cMe alegra que mi amigo Emmanuel Macron y los manifestantes en Par\u00eds hayan llegado a ponerse de acuerdo sobre la conclusi\u00f3n a la que llegu\u00e9 hace dos a\u00f1os: el acuerdo de Par\u00eds es fundamentalmente malo porque hace que los precios de la energ\u00eda aumenten para los pa\u00edses responsables, al tiempo que se entrega un cheque en blanco a algunos de los que m\u00e1s contaminan en el mundo\u201d. Mensaje maniqueo donde los haya, Trump es un maestro en el arte de las falsedades. Al invertir toda l\u00f3gica, Trump busca eludir la responsabilidad con el pretexto de que es el segundo en el podio de los mayores contaminadores. Pero este ranking entre buenos y malos alumnos es tramposo, cuando sabemos que el 40% de la energ\u00eda renovable en elmundo se desarrolla en China.<br><br><strong>El gobierno atrapado en su propia trampa<\/strong><br><br>Muchos se sorprendieron, y con raz\u00f3n, de que el anuncio del impuesto al carbono fuese suficiente para desencadenar tal movimiento de protesta. De hecho, dos semanas antes del comienzo, grandes empresarios como Leclerc tomaron una posici\u00f3n clara contra la iniciativa del gobierno: \u201cTodos nuestros empleados, nuestros gerentes nos dicen: estamos hartos (\u2026) Ya han pasado quince d\u00edas desde que todas las estaciones de servicio de Leclerc se pusieron a bajo costo (\u2026) todos hemos decidido mantener esta operaci\u00f3n de bajo costo para todos los combustibles hasta fines de noviembre (\u2026) Es importante dar una se\u00f1al a las autoridades p\u00fablicas: tienen que saber elegir su bando. Quien impulsa el crecimiento es el consumidor, por lo que hoy este descontento es leg\u00edtimo, lo escuchamos y tenemos que responder a \u00e9l\u201d. El mensaje fue recibido, al punto que Carrefour, Auchan e Intermarch\u00e9 siguieron los pasos de Leclerc en la campa\u00f1a \u201ccombustible a bajo costo\u201d \u2026<\/p>\n\n\n\n<p>Tras las declaraciones de Philippe Mart\u00ednez, el secretario general de la CGT, quien se\u00f1al\u00f3 el apoyo de algunos jefes a la operaci\u00f3n \u201cchalecos amarillos\u201d, Leclerc se vio obligado a&nbsp;<a href=\"https:\/\/www.michel-edouard-leclerc.com\/categorie\/economie\/pouvoir-d-achat\/gilets-jaunes-philippe-martinez-mes-reactions\">responder&nbsp;<\/a>diciendo: \u201cEs cierto que durante un a\u00f1o, en los medios, no he dejado de advertir \u00a1sobre el retorno de la cuesti\u00f3n del poder adquisitivo y los precios en el debate pol\u00edtico! (\u2026)\u201d En cuanto al jefe de Intermarch\u00e9, tuvo la osad\u00eda de&nbsp;<a href=\"https:\/\/www.francetvinfo.fr\/replay-magazine\/franceinfo\/l-eco\/video-selon-thierry-cotillard-intermarche-est-pret-a-payer-plus-cher-les-produits-agricoles_3032175.html\">explicar<\/a>&nbsp;c\u00f3mo la campa\u00f1a beneficiaba a los consumidores y al productor, pero no necesariamente a su marca: \u201c(dos c\u00e9ntimos por litro de combustible) esto representa un poco menos de un euro por dep\u00f3sito lleno. Los petroleros como Total tienen m\u00e1rgenes que no son los nuestros. Tienen 8 o 9 c\u00e9ntimos por litro\u201d. Informaci\u00f3n impugnada por el servicio de prensa de la multinacional francesa, que explicar\u00e1 que solo tiene 1 c\u00e9ntimo porlitro de margen en sus estaciones de servicio. Y el gran jefe, Patrick Pouyann\u00e9,&nbsp;<a href=\"https:\/\/www.leprogres.fr\/rhone-69\/2018\/11\/29\/les-phrases-a-retenir-de-la-visite-de-patrick-pouyanne-le-pdg-de-total-a-feyzin\">afirma<\/a>: \u201cMe ocupo personalmente, todos los d\u00edas, de que la ca\u00edda del precio del crudo tenga un impacto en el precio en la gasolina\u201d. Sea lo que fuere, esta controversia se basa en un hecho: sus mayores beneficios se obtienen en las fases de producci\u00f3n y refinaci\u00f3n del petr\u00f3leo, y no en su distribuci\u00f3n.<br><br>La confusi\u00f3n sobre la presencia de activistas de extrema derecha en este movimiento tambi\u00e9n ha sido fuente de alarmas e interrogaciones. Pero pronto, casi todos los partidos pol\u00edticos y sindicatos, por diferentes motivos, se\u00f1alaron la legitimidad que lo animaba. En cuanto a las ONG y los expertos en protecci\u00f3n ambiental, explicaron con raz\u00f3n la brecha entre la medida del gobierno y la urgencia del desaf\u00edo clim\u00e1tico. Es decir, el gobierno fue atrapado en su propia trampa de al menos dos maneras: primero en el aspecto social, poniendo la carga sobre las clases populares, mientras que los m\u00e1s ricos se beneficiaban de exenci\u00f3n de impuestos; segundo, sobre la cuesti\u00f3n de la ecolog\u00eda, al hacer creer que la defensa del medioambiente era asunto de una vanguardia de ilustrados, y que \u201cla gente que no es nada\u201d asumir\u00eda sin vacilar unos objetivos desconectados de sus preocupaciones cotidianas. As\u00ed es como Macron logr\u00f3 disgustar a una parte de la poblaci\u00f3n y profundizar las divisiones. Hubiera sido mejor movilizar a la poblaci\u00f3n proporcion\u00e1ndole los medios para participar en el objetivo leg\u00edtimo de la transici\u00f3n ecol\u00f3gica, a trav\u00e9s de la creaci\u00f3n de empleos y un cuestionamiento profundo de este sistema que ampl\u00eda las desigualdades sociales, con la recuperaci\u00f3n del impuesto a la fortuna (ISF). Pero hacerlo habr\u00eda sido contrario a la concepci\u00f3n de poder propia de la Quinta Rep\u00fablica francesa y a los intereses patronales a la que sirve. (1) En cualquier caso, el movimiento de los chalecos amarillos termin\u00f3 imponiendo su propia&nbsp;<a href=\"https:\/\/lemediapresse.fr\/actualites\/les-gilets-jaunes-devoilent-leur-cahier-de-doleances\/\">lista de demandas<\/a>&nbsp;(2), lo que pone el list\u00f3n un poco m\u00e1s alto. Parece que puso una casta de tecn\u00f3cratas frente a sus propias contradicciones, y demostr\u00f3 que las personas son capaces de mostrar inteligencia colectiva. Queda por ver si ser\u00e1 capaz de frustrar las trampas tendidas por la intoxicaci\u00f3n permanente del discurso dominante, que lo invita a designar falsos culpables.<\/p>\n\n\n\n<p><strong>El riesgo de ganar una batalla pero no la guerra<\/strong><br><\/p>\n\n\n\n<p>Si bien debe reconocerse el m\u00e9rito de haber logrado cristalizar la exasperaci\u00f3n popular, la revuelta de los chalecos amarillos no ha sido tan espont\u00e1nea o desorganizada como parece. Este no es el primer movimiento de descontento que ha surgido en los \u00faltimos a\u00f1os, cuya caracter\u00edstica principal es el rechazo de la pol\u00edtica tradicional y los sindicatos. Y, sin embargo, ser\u00eda err\u00f3neo concluir que ese es el aspecto m\u00e1s original de esta revuelta: los chalecos amarillos no aparecieron en un momento de calma, sino en un contexto de cuestionamiento profundo de la pol\u00edtica tradicional, como las elecciones francesas de 2017 lo puso de manifiesto; y de creciente rechazo de la falsa \u201cnueva pol\u00edtica\u201d de Macron, que se hizo visible en la secuencia de la reorganizaci\u00f3n del gabinete de ministros. En este punto, incluso el jefe de Total fue a tranquilizar a los trabajadores de la refiner\u00eda de Feyzin, quienes estaban&nbsp;<a href=\"https:\/\/www.francetvinfo.fr\/economie\/transports\/penurie-de-carburants\/la-cgt-annonce-une-greve-dans-six-des-sept-raffineries-francaises_3047107.html\">bloqueando el sitio<\/a>&nbsp;para defender sus derechos de negociaci\u00f3n colectiva. Dici\u00e9ndoles que \u201cno se trata de cuestionarlos a trav\u00e9s de \u00a1las pol\u00edticas de ordenanzas de Macron\u201d ! Una escena inveros\u00edmil, que demuestra abiertamente un desacuerdo en la evoluci\u00f3n de las prioridades otorgadas por el gobierno a sectores econ\u00f3micos como el petr\u00f3leo, pero tambi\u00e9n la construcci\u00f3n. El presidente de Nexity, el mayor promotor inmobiliario franc\u00e9s, envi\u00f3 diez cartas a Macron, denunciando \u201cla proliferaci\u00f3n de leyes e impuestos, responsable del declive en la construcci\u00f3n de nuevas viviendas\u201d. Las compa\u00f1\u00edas del Cac 40 obtuvieron m\u00e1s de $ 47 mil millones en ganancias en los primeros seis meses de 2018, y el pretexto de la ayuda a los empresarios mediante el CICE y su promesa de \u201ccrear un mill\u00f3n de empleos\u201d se la llev\u00f3 el viento.<br><\/p>\n\n\n\n<p>La acumulaci\u00f3n del hartazgo generalizado ha elevado las condiciones para lanzar un nuevo movimiento, pero este coexiste y sin duda se ha fortalecido de una forma u otra por las otras fuerzas de protesta tradicionales. La multiplicidad de actores de la oposici\u00f3n y la popularidad decreciente de Macron han puesto al gobierno en la mayor angustia.<br><br>Tampoco es el primer movimiento de este tipo que se est\u00e1 desarrollando en un tiempo r\u00e9cord gracias a la comunicaci\u00f3n de las redes sociales. En su estrategia de confrontaci\u00f3n con el gobierno, el factor sorpresa y la falta de representantes fueron puntos fuertes. Pero ganar una batalla no es ganar la guerra. La experiencia del terreno ha mostrado los l\u00edmites de un movimiento que no tiene cabeza, incluida la trampa del ciclo de violencia \/represi\u00f3n. De los \u201ccompromisos morales\u201d con el jefe de una gran \u00e1rea sobre el no bloqueo de un punto de cruce estrat\u00e9gico a las \u00e1reas comerciales de Tr\u00e9lissac y Boulazac (3), a la infiltraci\u00f3n de \u201cgamberros\u201d (4) en las manifestaciones pac\u00edficas, son solo algunos ejemplos entre otros. (5)<br><br>Por definici\u00f3n, a partir del momento en que defiende una serie de medidas concretas de inter\u00e9s general, este movimiento es pol\u00edtico y le conviene construirse de modo que permita al mayor n\u00famero de personas pesar en la correlaci\u00f3n de fuerzas con el gobierno. \u00bfLograr\u00e1n la autoorganizaci\u00f3n y las discusiones en las asambleas reales evitar toda recuperaci\u00f3n y manipulaci\u00f3n? Un proceso de politizaci\u00f3n que seguir\u00eda siendo al\u00e9rgico a las demandas del sindicalismo de la CGT, puede ser perjudicial en la batalla decisiva contra el macronismo. Los llamados a protestar contra la firma del pacto mundial sobre la migraci\u00f3n, que se celebrar\u00e1 los d\u00edas 10 y 11 de diciembre en la cumbre de Marrakech, son una se\u00f1al preocupante sobre la evoluci\u00f3n del movimiento. (6)<\/p>\n\n\n\n<p><strong>Crisis de civilizaci\u00f3n y modelo energ\u00e9tico<\/strong><br><br>Las grandes civilizaciones antiguas como Egipto o China se desarrollaron a partir de una fuente de suministro de energ\u00eda hidroel\u00e9ctrica, gracias al control de los grandes r\u00edos. En el continente europeo, la transformaci\u00f3n de un modo de sociedad compuesto por cazadores-recolectores a otra dominada por agricultores-ganaderos tambi\u00e9n consolidar\u00e1 el estilo de vida sedentario. El uso del molino de agua sentar\u00e1 las bases para el desarrollo de las aldeas. El control de la p\u00f3lvora, a efectos de explosivo, permitir\u00e1 a los europeos expulsar inicialmente a musulmanes y jud\u00edos de la Pen\u00ednsula ib\u00e9rica, y luego embarcarse en la conquista del continente americano, creando el mayor Imperio de la \u00e9poca, aquel \u201cdonde el sol nunca se pone\u201d. Desde la antig\u00fcedad hasta la era moderna, el modelo energ\u00e9tico se bas\u00f3 en el uso masivo del trabajo forzoso, y solo el cambio a la m\u00e1quina de vapor permitir\u00e1 al movimiento abolicionista revertir una sociedad basada en la esclavitud. (7)<br><br>Sobre la base de la explotaci\u00f3n del carb\u00f3n y el petr\u00f3leo, la civilizaci\u00f3n industrial del siglo XIX y principios del XX ha entrado en una fase de declive inexorable, debido al agotamiento de las reservas mundiales de petr\u00f3leo. Al principio, Estados Unidos logr\u00f3 preservar sus intereses al mantener sus propias reservas subterr\u00e1neas y al dominar el mercado mundial con el d\u00f3lar. M\u00e1s recientemente, Arabia Saud\u00ed, conforme a su papel de aliado regional desde la Segunda Guerra Mundial, ha contribuido a mantener bajos los precios del petr\u00f3leo, en detrimento de otros pa\u00edses productores de la OPEP. Los expertos coinciden en que las reservas mundiales de petr\u00f3leo se agotar\u00e1n en 40 a\u00f1os. Por eso es importante tomar la medida del desaf\u00edo: la crisis que enfrentamos es profunda, tiene bases materiales y sus consecuencias ser\u00e1n duraderas si no alcanzamos una alternativa real.<br><br>Como hemos visto, la pol\u00edtica defendida por Macron implica la contradicci\u00f3n entre un modelo econ\u00f3mico que produce fuertes desigualdades sociales y el comienzo de una conciencia de la urgencia de brindar soluciones a las consecuencias de este sistema en el medio ambiente. Pero, al no proporcionar alternativas como el transporte p\u00fablico gratuito o el desarrollo del transporte de mercanc\u00edas por ferrocarril, esta medida no fue efectiva para alentar a los automovilistas a cambiar sus h\u00e1bitos. Por otro lado, al tocar los sacrosantos pilares de un modelo de sociedad, tuvo el efecto inesperado de despertar el sentimiento de injusticia entre grandes sectores de la poblaci\u00f3n.<br><br>No debemos enga\u00f1arnos: con el aumento del impuesto a los combustibles, el gobierno de Macron no ha actuado a favor de una verdadera transici\u00f3n ecol\u00f3gica, ya que esta medida no se dirige principalmente a los mayores contaminadores; con la moratoria de seis meses, el gobierno de Macron parece haber escuchado al presidente de Total y no a la gente.<\/p>\n\n\n\n<p>Sin embargo, este modelo de sociedad fomenta el consumo fren\u00e9tico, a trav\u00e9s del gasto de millones de euros en publicidad y cr\u00e9ditos bancarios. Se basa en la explotaci\u00f3n de materias primas no renovables por parte de multinacionales en el Sur, a costa de guerras y consecuencias adversas sobre la poblaci\u00f3n, incluida la cuesti\u00f3n de los refugiados. (8) Aqu\u00ed, entonces, est\u00e1 el significado de ese \u201cmultilateralismo\u201d adaptado a la voluntad de cada potencia de disponer su lugar en el mundo por la fuerza. La comodidad de unos solo existe gracias a la miseria de otros. A menos que le demos un vuelco a la mesa y cambiemos las reglas del juego.<\/p>\n\n\n\n<p><strong>Notas:<\/strong><br><br>1) En la entrevista concedida a la cadena BFM el s\u00e1bado 1 de diciembre, el Ministro del Interior Christophe Castaner cuestion\u00f3 que la cancelaci\u00f3n del impuesto fuera suficiente para calmar el calor de los chalecos amarillos. Y cuando el periodista lo interrog\u00f3 sobre la abolici\u00f3n de la ISF, defendi\u00f3 esta medida con el argumento de que \u201csi la ISF fuera efectiva, todos los pa\u00edses europeos tendr\u00edan la ISF\u201d, y que esta no es tanto para favorecer a las compa\u00f1\u00edas del CAC40, \u201cque de todos modos pueden cambiar de lugar de la noche a la ma\u00f1ana\u201d, sino a las \u201cpeque\u00f1as empresas que componen la econom\u00eda francesa al 98%\u201d. En 2013, Pierre Gattaz, el ex jefe de Medef, defendi\u00f3 la eliminaci\u00f3n de la ISF contra Margeris, quien lo consideraba \u201cun tema muy delicado\u201d que \u201cno tenemos inter\u00e9s en presentar como prioridad (\u2026) No, nuestra prioridad es contribuir a la riqueza de la econom\u00eda francesa\u201d. Supresi\u00f3n de la ISF: el jefe de Total le da una lecci\u00f3n al jefe del Medef, el Express, 30 de agosto de 2013.<br><br>2) Participando junto a militantes del Apeis en una concentraci\u00f3n para defender los derechos de los trabajadores precarios y los privados de empleo, que cont\u00f3 con el apoyo de la diputada Francia Insumisa Mathilde Panot, tuve la oportunidad de acompa\u00f1ar durante un tramo la manifestaci\u00f3n de los chalecos amarillos el s\u00e1bado pasado, hasta que qued\u00f3 bloqueada por el lanzamiento de gas de las fuerzas del estado. Recog\u00ed un folleto de un manifestante que ped\u00eda la creaci\u00f3n de una \u201cplataforma amarilla\u201d que incluye un programa revolucionario. Por otro lado, pr\u00e1cticamente no hab\u00eda pancartas ni banderas, y un manifestante aislado que mostraba adhesivos de la CGT fue interpelado por un chaleco amarillo con un casco y una m\u00e1scara antig\u00e1s, quien le pidi\u00f3 que se los quitara.<br><br>3) \u201cLos chalecos amarillos lo posponen para el s\u00e1bado\u201d. Dordogne Libre, 30 de noviembre de 2018.<br><br>4) Este&nbsp;<a href=\"https:\/\/twitter.com\/tony53733513\/status\/1068978826561105920\">video<\/a>&nbsp;muestra c\u00f3mo los manifestantes en las inmediaciones de la Place de l\u2019\u00c9toile expulsan a seis personas enmascaradas, presentadas como \u201cpolic\u00edas disfrazados de gamberros\u201d. Parad\u00f3jicamente, esta evidencia, que no se ha mediatizado, valida la tesis del Ministro del Interior Christophe Castaner, quien denunci\u00f3 \u201cuna estrategia manejada por profesionales del caos, profesionales de la destrucci\u00f3n\u201d. De hecho, puede constatarse la gran cantidad de autos quemados (112 seg\u00fan la prefectura de la polic\u00eda). Ante las preguntas de los periodistas sobre la idoneidad del dispositivo de seguridad establecidos y las acusaciones de aprovechar la situaci\u00f3n, Castaner insisti\u00f3 en que era insensato considerar que el gobierno deliberadamente busc\u00f3 que se instalase un clima de violencia. La pregunta que quedar\u00e1 sin respuesta es: \u00bfqui\u00e9nes son estos gamberros, obviamente bastante bien organizados?<br><br>5) Otros ejemplos: un director de la agencia Peugeot y un miembro de En Marche, se une a los chalecos amarillos.\u201dRethel: es jefe y chaleco amarillo\u201d, L\u2019Union, 29 denoviembre de 2018. Adem\u00e1s, en el \u00e1rea comercial de D\u00e9bucher, los chalecos amarillos de Anet encontraron un acuerdo con James Capelle, el propietario de Leclerc, quien \u201ctom\u00f3 la iniciativa para calmar el juego\u201d. Se reuni\u00f3 con una delegaci\u00f3n de chalecos amarillos a primera hora de la tarde y sali\u00f3 satisfecho: \u201cHemos llegado a un acuerdo. Nuestros clientes tendr\u00e1n acceso a nuestra \u00e1rea comercial. A cambio, me comprometo a cerrar las estaciones de combustible todo el fin de semana \u201c\u201d (\u2026) \u201cEl Carrefour Market Saussay sigue los pasos de su vecino. Tambi\u00e9n pone a disposici\u00f3n de los manifestantes, su galer\u00eda comercial para que puedan hacer una colecta de alimentos \u201c. L\u2019Echo Republican, 23de noviembre de 2018.<br><br>6) \u201cCaos total\u201d, \u201creemplazo de los pueblos\u201d: tres preguntas sobre el pacto de Marrakech, que enloquecen a algunos \u201cchalecos amarillos\u201d, France Info, 4 de diciembre. Vea tambi\u00e9n los comentarios en el foro de discusi\u00f3n del sitio web oficial del movimiento.<br><br>7) Sobre este tema, el lector encontrar\u00e1 un excelente resumen en los siguientes ensayos: \u201cLa energ\u00eda de los esclavos, el petr\u00f3leo y la nueva servidumbre\u201d por Andrew Nikiforuk (Ecosoci\u00e9t\u00e9), \u201cOro negro, la gran historia del petr\u00f3leo\u201d por Matthieu Auzanneau (La D\u00e9couverte) o el cl\u00e1sico \u201cLas venas abiertas de Am\u00e9rica Latina\u201d de Eduardo Galeano.<br><br>8) No es sorprendente que el 1 de diciembre, los comentaristas pol\u00edticos en los canales de noticias 24h\/24h anunciaran que la crisis de los chalecos amarillos era una oportunidad para relanzar los dos debates m\u00e1s importantes en las pr\u00f3ximas elecciones europeas: el del poder adquisitivo y el de la inmigraci\u00f3n. Sobre el tema de los refugiados, siempre utilizado con fines demag\u00f3gicos por pseudointelectuales con un preocupante eco en los medios franceses, el reciente llamado ciudadano \u201cYo, soy el Inmigrante, soy el Refugiado\u201d presenta el buen enfoque y las cuestiones reales que los discursos institucionales ocultan a toda costa. Aqu\u00ed hay un extracto: \u201c(\u2026) miles de inmigrantes indocumentados son retenidos ilegalmente para alimentar el trabajo encubierto por los jefes que defraudan a la tesorer\u00eda, mal pag\u00e1ndoles, a pesar de sus solicitudes de regularizaci\u00f3n \/ Un ministro de El interior se jacta de haber expulsado a 20,000 personas este a\u00f1o y promete hacerlo mejor en el futuro \/ En cada elecci\u00f3n surje el tema de los \u201cextranjeros, migrantes, refugiados, exiliados, indocumentados\u201d para designarlos como chivos expiatorios de los males de la sociedad \/ Yo, yo soy el inmigrante, yo soy el refugiado, porque \/ Urge decir NO a la criminalizaci\u00f3n de la inmigraci\u00f3n y las acciones de solidaridad \/ Urge hacer o\u00edr otra voz exigiendo el cese del saqueo de los pa\u00edses del Sur y las guerras que son la causa que les obliga a dejar a su pa\u00eds y a su familia \/ Debemos exigir la regularizaci\u00f3n de todos los indocumentados y refugiados presentes en el territorio franc\u00e9s \/ Es fundamental poner en el foco central la demanda de igualdad de derechos y, en particular, el derecho al voto de los inmigrantes en todas las elecciones \/ Porque estoy comprometido conla libertad de movimiento como se estipula en la Declaraci\u00f3n de Derechos humanos universales \/ Porque rechazo la trivializaci\u00f3n de los discursos relacionados con la \u201clepenizaci\u00f3n y la trumpizaci\u00f3n de los esp\u00edritus\u201d, participo en la campa\u00f1a \u201cYo, el inmigrante, el refugiado\u201d.&nbsp;<\/p>\n","protected":false},"excerpt":{"rendered":"<p>Alex Anfruns (Investig&#8217;Action, 8-12-18) Ha pasado un mes desde el llamado a la acci\u00f3n contra el aumento del impuesto al combustible. Despu\u00e9s de una comunicaci\u00f3n gubernamental que ha oscilado entre el desprecio y la torpeza, el anuncio oficial de una \u201cmoratoria\u201d en la aplicaci\u00f3n de este impuesto, el 4 de diciembre, significa un retroceso inesperado. [&hellip;]<\/p>\n","protected":false},"author":1,"featured_media":29319,"comment_status":"open","ping_status":"open","sticky":false,"template":"","format":"standard","meta":{"footnotes":""},"categories":[14,12],"tags":[],"class_list":["post-29389","post","type-post","status-publish","format-standard","has-post-thumbnail","hentry","category-internacionales","category-politica-3"],"_links":{"self":[{"href":"https:\/\/debateplural.net\/site\/wp-json\/wp\/v2\/posts\/29389"}],"collection":[{"href":"https:\/\/debateplural.net\/site\/wp-json\/wp\/v2\/posts"}],"about":[{"href":"https:\/\/debateplural.net\/site\/wp-json\/wp\/v2\/types\/post"}],"author":[{"embeddable":true,"href":"https:\/\/debateplural.net\/site\/wp-json\/wp\/v2\/users\/1"}],"replies":[{"embeddable":true,"href":"https:\/\/debateplural.net\/site\/wp-json\/wp\/v2\/comments?post=29389"}],"version-history":[{"count":1,"href":"https:\/\/debateplural.net\/site\/wp-json\/wp\/v2\/posts\/29389\/revisions"}],"predecessor-version":[{"id":29390,"href":"https:\/\/debateplural.net\/site\/wp-json\/wp\/v2\/posts\/29389\/revisions\/29390"}],"wp:featuredmedia":[{"embeddable":true,"href":"https:\/\/debateplural.net\/site\/wp-json\/wp\/v2\/media\/29319"}],"wp:attachment":[{"href":"https:\/\/debateplural.net\/site\/wp-json\/wp\/v2\/media?parent=29389"}],"wp:term":[{"taxonomy":"category","embeddable":true,"href":"https:\/\/debateplural.net\/site\/wp-json\/wp\/v2\/categories?post=29389"},{"taxonomy":"post_tag","embeddable":true,"href":"https:\/\/debateplural.net\/site\/wp-json\/wp\/v2\/tags?post=29389"}],"curies":[{"name":"wp","href":"https:\/\/api.w.org\/{rel}","templated":true}]}}