{"id":29617,"date":"2018-12-17T13:01:57","date_gmt":"2018-12-17T17:01:57","guid":{"rendered":"http:\/\/debateplural.com\/?p=29617"},"modified":"2018-12-17T13:02:59","modified_gmt":"2018-12-17T17:02:59","slug":"la-tierra-prometida-es-un-concepto-retrogrado-1","status":"publish","type":"post","link":"https:\/\/debateplural.net\/site\/2018\/12\/17\/la-tierra-prometida-es-un-concepto-retrogrado-1\/","title":{"rendered":"\"La tierra prometida es un concepto retr\u00f3grado\" (1)"},"content":{"rendered":"\n<p>Susana Khalil (El Palestino, 22-5-08)\u00a0<\/p>\n\n\n\n<p class=\"has-drop-cap\">En el presente trabajo aporrea.org entrevista a la fundadora de la organizaci\u00f3n Canaan, a prop\u00f3sito de conmemorarse seis d\u00e9cadas de la expulsi\u00f3n de los palestinos de su territorio. Sostiene que Palestina est\u00e1 en manos de la derecha y advierte sobre lo perjudicial de los r\u00e9gimenes dictatoriales \u00e1rabes. Se pronuncia por una secularizaci\u00f3n del Medio Oriente y es partidaria de un solo estado en donde conviva armoniosamente el pueblo hebreo y el \u00e1rabe, tal como sucedi\u00f3 hace miles de a\u00f1os. Precisa que el pueblo errante debe crear un movimiento pol\u00edtico cultural y que se debe retornar al socialismo cr\u00edtico y libre pensante.<\/p>\n\n\n\n<p>Todos los jueves en la ma\u00f1ana su voz se difunde a las zonas populares del sur oeste de la ciudad de Caracas. A trav\u00e9s de la emisora comunitaria Radio Perola, \u00e9sta mujer arabo descediente (tal como ella se define) ha logrado concentrar el inter\u00e9s sobre un tema que resulta algo complicado de explicar; la tragedia del pueblo palestino. Sobre sus espaldas reposan once mil a\u00f1os de historia y sus padres provienen de la tierra que le otorg\u00f3 a la llamada civilizaci\u00f3n de hoy las tres religiones mas esparcidas: la cristiana, la jud\u00eda y la isl\u00e1mica. No obstante, ella sin tapujo alguno precisa que es agn\u00f3stica. Su programa radial Al Nakba ( la tragedia) le ha servido de instrumento para llevar al otro lado del mundo los argumentos de los palestinos y echar por tierra lo que denomina \u201cla falsificaci\u00f3n de la historia\u201d.<\/p>\n\n\n\n<p><br>La identidad palestina les ha sido negada a sus progenitores como a tantos otros a partir de l948, fecha en que se funda el estado de Israel. Este desarraigo obligatorio est\u00e1 presente en sus padres campesinos quienes no pueden retornar a la tierra de sus ancestros. Pertenece a la segunda generaci\u00f3n de la Nakba y sostiene que el hecho de ser hija de palestinos marc\u00f3 su car\u00e1cter y personalidad .Por eso siempre estar\u00e1 en la constante b\u00fasqueda de la justicia, contra el racismo y el despotismo.<\/p>\n\n\n\n<p><br>Nacida en el oriente de Venezuela, a los 17 a\u00f1os fue militante del Partido Comunista de Venezuela. En la actualidad no pertenece a ning\u00fan partido pol\u00edtico pero se\u00f1ala ser profundamente sensible al proceso revolucionario venezolano al cual cataloga como una esperanza mundial frente al r\u00e9gimen d\u00e9spota neo liberal. A Susana Khalil quienes la conocen la definen como una mujer menuda, de piel aceitunada y ojos negros muy vivaces, de hablar \u201calgo atropellado\u201d con una explosi\u00f3n de ideas en su cabeza y enarbolando la bandera de la \u201cpaz y el amor\u201d. Ella contundente se define pol\u00edticamente como de \u201cizquierda, marxista, neo granshiana, pero tambi\u00e9n afecta a muchas nociones anarquistas y nihilistas\u201d. En un memorial oral de sus padres y dem\u00e1s palestinos se puede leer lo siguiente:<\/p>\n\n\n\n<p><br><em>\u201c&#8230; Ellos nos arrancaron la piel cuando nos arrancaron la patria&#8230;\u201d<br>\u201c&#8230;Nos secaron la sangre de tan amargo dolor&#8230;\u201d<br>\u201c Encontramos la pierna de mi t\u00edo Hassan en el techo de la casa y nos dimos cuenta que era \u00e9l por el pantal\u00f3n..\u201d<br>\u201c&#8230; Explotaron una bomba en el mercado y los cad\u00e1veres eran como trapos&#8230;.\u201d<br>\u201c viv\u00edamos en paz con los jud\u00edos todos eramos palestinos&#8230; pero el sionismo acab\u00f3 con la paz..\u201d<\/em><\/p>\n\n\n\n<p><br><strong>LA TIERRA PROMETIDA: UN CONCEPTO RETROGRADO<\/strong><\/p>\n\n\n\n<p><br>A 60 a\u00f1os de la Nakba (el desastre) cual es la reflexi\u00f3n que hace, tomando en cuenta que el presidente de Estados Unidos George W. Bush se ha referido a Israel como el pueblo elegido por Dios y que es la tierra prometida. La reflexi\u00f3n es la de siempre ante todo; el retorno, ese af\u00e1n, esa ra\u00edz y esa naturaleza del retorno. Siempre ha estado omnipresente y es el anhelo de todos estos tiempos. Desde que fueron expulsados hasta hoy 60 a\u00f1os despu\u00e9s, de generaci\u00f3n en generaci\u00f3n se sue\u00f1a con el anhelado retorno, ese es el deseo mayor, m\u00e1gico, m\u00edstico. La raz\u00f3n de ser de los palestinos es retornar a sus tierras.<\/p>\n\n\n\n<p><br>&#8211; Ahora- prosigue- cuando se utiliza el argumento religioso y se dice que Israel es la tierra prometida de Dios eso no es m\u00e1s que un concepto fundamentalista religioso, retr\u00f3grado, es un radicalismo fascista. Hablar de Israel como la tierra prometida de Dios es la instrumentalizacion de la figura divina, del ser divino para nuestros intereses de dominaci\u00f3n y que desgraciadamente hay muchas personas que lo creen pero de buena fe. Pero, realmente nada puede justificar la matanza en el nombre de Dios y resulta mucho mas obsceno si se asesina en el nombre de Dios. Entonces, para colonizar al pueblo palestino, para exterminar un pueblo se va a instrumentalizar una causa, para justificarlo ante el mundo y qu\u00e9 mejor que Dios para esto, pero al mismo tiempo es lo peor que se puede hacer.<br>Al decir que Israel- puntualiza- es la tierra prometida de Dios y hacer un colonialismo de esto, no es mas que una trampa y no es mas que un montaje de esa delincuencia intelectual que utiliza toda esa epopeya y esa \u00e9pica fascinante que envuelve en un romanticismo milenario, pero que en el fondo no es mas que el exterminio de un pueblo semita e insisto que esta postura de que Palestina es la tierra prometida de los jud\u00edos, utilizar el elemento de la doctrina religiosa no es mas que un lineamiento fan\u00e1tico, religioso.<\/p>\n\n\n\n<p><br>Refiere que Palestina no es solamente de los jud\u00edos, sino de los musulmanes, de los cristianos. \u201cM\u00e1s all\u00e1 del cuadro religioso es tambi\u00e9n de cualquier ciudadano del mundo. Independientemente de ser jud\u00edo, musulm\u00e1n o cristiano, tambi\u00e9n hay palestinos quienes somos ateos, agn\u00f3sticos y \u00bfqu\u00e9 hay en cuanto a ellos?, \u00bfqu\u00e9 hay en cuanto a las personas por ejemplo que son agn\u00f3stica o son ateas?, \u00bfcu\u00e1l es el argumento que se les puede dar a ellos de que Dios les prometi\u00f3 esta tierra?.Creo que es un concepto muy retr\u00f3grado, un insulto a la inteligencia humana utilizar esto.<br>Sin embargo advierte que esa afirmaci\u00f3n no se debe traducir en negar el respeto y un reconocimiento a la identidad espiritual. \u201cLos palestinos y los \u00e1rabes en general son sensibles a esa identidad espiritual que tienen los jud\u00edos en Palestina y eso forma parte de la riqueza y de ese acervo cultural del pueblo palestino que desgraciadamente su riqueza termin\u00f3 siendo su tragedia producto de un grupo sionista europeo.El argumento de que Israel es la tierra prometida de Dios es retrogrado, racista y propio del oscurantismo, realmente de una edad que es ajena a la luz del pensamiento y de la liberaci\u00f3n humana.Con esto no quiero decir que no reconocemos la identidad espiritual que existe en esa tierra palestina, semita que sienten los jud\u00edos, es aceptable y comprensible esa identificaci\u00f3n espiritual\u201d, puntualiza.<br>Relata que en la colonizaci\u00f3n de la Palestina hist\u00f3rica , a principios de 1948 se instrumentaliz\u00f3 la cuesti\u00f3n religiosa, pero hoy por hoy el mundo mas secularizado dice menos que se trata de la tierra prometida.<br>\u201cEntonces, el otro argumento que utilizan es que \u00e9sta es la tierra de nuestros ancestros, es verdad que all\u00ed estuvo el pueblo hebreo, pero \u00bfquienes fueron los que retornaron?; fueron europeos arios que nada tienen que ver con el pueblo hebreo, mas estoy ligada yo al pueblo hebreo, o Hassa Nazrahala, o Eduar Said o Yasser Arafat al pueblo hebreo que los rumanos, los ucranianos o los franceses o lo alemanes que retornaron, ah\u00ed hay una falsificaci\u00f3n de la historia\u201d subraya.<\/p>\n","protected":false},"excerpt":{"rendered":"<p>Susana Khalil (El Palestino, 22-5-08)\u00a0 En el presente trabajo aporrea.org entrevista a la fundadora de la organizaci\u00f3n Canaan, a prop\u00f3sito de conmemorarse seis d\u00e9cadas de la expulsi\u00f3n de los palestinos de su territorio. Sostiene que Palestina est\u00e1 en manos de la derecha y advierte sobre lo perjudicial de los r\u00e9gimenes dictatoriales \u00e1rabes. Se pronuncia por [&hellip;]<\/p>\n","protected":false},"author":1,"featured_media":29618,"comment_status":"open","ping_status":"open","sticky":false,"template":"","format":"standard","meta":{"footnotes":""},"categories":[14,12],"tags":[],"class_list":["post-29617","post","type-post","status-publish","format-standard","has-post-thumbnail","hentry","category-internacionales","category-politica-3"],"_links":{"self":[{"href":"https:\/\/debateplural.net\/site\/wp-json\/wp\/v2\/posts\/29617"}],"collection":[{"href":"https:\/\/debateplural.net\/site\/wp-json\/wp\/v2\/posts"}],"about":[{"href":"https:\/\/debateplural.net\/site\/wp-json\/wp\/v2\/types\/post"}],"author":[{"embeddable":true,"href":"https:\/\/debateplural.net\/site\/wp-json\/wp\/v2\/users\/1"}],"replies":[{"embeddable":true,"href":"https:\/\/debateplural.net\/site\/wp-json\/wp\/v2\/comments?post=29617"}],"version-history":[{"count":1,"href":"https:\/\/debateplural.net\/site\/wp-json\/wp\/v2\/posts\/29617\/revisions"}],"predecessor-version":[{"id":29619,"href":"https:\/\/debateplural.net\/site\/wp-json\/wp\/v2\/posts\/29617\/revisions\/29619"}],"wp:featuredmedia":[{"embeddable":true,"href":"https:\/\/debateplural.net\/site\/wp-json\/wp\/v2\/media\/29618"}],"wp:attachment":[{"href":"https:\/\/debateplural.net\/site\/wp-json\/wp\/v2\/media?parent=29617"}],"wp:term":[{"taxonomy":"category","embeddable":true,"href":"https:\/\/debateplural.net\/site\/wp-json\/wp\/v2\/categories?post=29617"},{"taxonomy":"post_tag","embeddable":true,"href":"https:\/\/debateplural.net\/site\/wp-json\/wp\/v2\/tags?post=29617"}],"curies":[{"name":"wp","href":"https:\/\/api.w.org\/{rel}","templated":true}]}}