{"id":29782,"date":"2018-12-24T11:07:32","date_gmt":"2018-12-24T15:07:32","guid":{"rendered":"http:\/\/debateplural.com\/?p=29782"},"modified":"2018-12-24T11:08:08","modified_gmt":"2018-12-24T15:08:08","slug":"lula-el-personaje-del-ano-en-brasil","status":"publish","type":"post","link":"https:\/\/debateplural.net\/site\/2018\/12\/24\/lula-el-personaje-del-ano-en-brasil\/","title":{"rendered":"Lula, el personaje del a\u00f1o en Brasil"},"content":{"rendered":"\n<p>Emir Sader (Rebelion, 24-12-18) <\/p>\n\n\n\n<p class=\"has-drop-cap\"> De todo lo que ha ocurrido este a\u00f1o en Brasil que tenga cierta importancia no hay nada que pueda ser explicado sin referirse a Lula, que significa esperanza para muchos y p\u00e1nico para otros.<\/p>\n\n\n\n<p><br>Nunca el destino de un pa\u00eds estuvo tan intr\u00ednsecamente vinculado al destino de\u00a0 una persona, como lo est\u00e1n los destinos de Brasil y de Lula.<\/p>\n\n\n\n<p><br>El a\u00f1o lo iniciaron las caravanas de Lula, que empezaron a organizarse en agosto del a\u00f1o 2017, cuando parti\u00f3 la primera caravana, la del Nordeste, que tuvo su continuidad con las caravanas de Minas Gerais y despu\u00e9s las de Espirito Santo y Rio de Janeiro, para concluir, victoriosamente, con la caravana del Sur, que termin\u00f3 con la gran concentraci\u00f3n en Curitiba. Bolsonaro dijo que har\u00eda una concentraci\u00f3n m\u00e1s grande al d\u00eda siguiente, en el mismo lugar, pero no concentr\u00f3 ni a 10 personas y no pudo hacer nada.<br>Era un momento de recuperaci\u00f3n de la esperanza en que Brasil pudiese volver a sonre\u00edr y a ser feliz. Lula se confirmaba como el candidato mayoritariamente favorito para ganar las elecciones en primera vuelta y volver a ser presidente de Brasil.<\/p>\n\n\n\n<p><br>Apenas hab\u00eda concluido la caravana del Sur, cuando tuvimos conocimiento de que el Supremo Tribunal Federal rechazaba el\u00a0<em>habeas corpus<\/em>\u00a0para Lula y, de forma totalmente sincronizada, del auto de prisi\u00f3n para Lula. Despu\u00e9s de haber estado con Lula en la concentraci\u00f3n de Curitiba, nos reunimos reunimos con \u00e9l en el Sindicato de los Metal\u00fargicos de S\u00e3o Bernardo do Campo, donde discutimos que ten\u00eda que hacer Lula. Empezaba as\u00ed el segundo per\u00edodo de este a\u00f1o, con la personaci\u00f3n de Lula ante la Polic\u00eda Federal de Curitiba y su inmediata detenci\u00f3n.<\/p>\n\n\n\n<p><br>A pesar de eso, Lula segu\u00eda siendo el candidato preferido en las encuestas, que vaticinaban que ganar\u00eda en primera vuelta. En ese momento, recib\u00eda las visitas de dirigentes y personalidades de Brasil y de distintas partes del mundo y los medios de comunicaci\u00f3n estaban a la espera de conocer los mensajes que Lula mandaba a trav\u00e9s de quienes le visitaban. Era el gran personaje pol\u00edtico del pa\u00eds.<\/p>\n\n\n\n<p><br>Cuando prohibieron, de nuevo de forma arbitraria, que pudiese ser candidato, Lula propuso a Haddad como su candidato, que lo substituir\u00eda para realizar su mismo programa.\u00a0 Haddad empez\u00f3 la campa\u00f1a empu\u00f1ando un libro en una mano y un Documento de Trabajo y Seguridad Social en la otra, que lo que constitu\u00eda una expresi\u00f3n de gran carga simb\u00f3lica de cu\u00e1les ser\u00edan las prioridades sociales de su programa. Haddad fue ganando posiciones en las encuestas, tras haber recorrido todo el pa\u00eds, consiguiendo poco a poco que la gente fuese transfiriendo el apoyo a Lula hacia \u00e9l.<\/p>\n\n\n\n<p><br>En la semana en que Haddad super\u00f3 a Bolsonaro en las encuestas, se puso en marcha la brutal ofensiva de la extrema derecha, difundiendo cientos de noticias falsas a trav\u00e9s de miles de robots digitales, una operaci\u00f3n financiada por los grandes empresarios, consiguiendo de ese modo modificar de forma definitiva el resultado electoral. En pocos d\u00edas se revert\u00eda la situaci\u00f3n, proyectando, por primera vez, la terrible idea de que un tipo como ese pudiese ser elegido presidente de Brasil.<\/p>\n\n\n\n<p><br>Todos se preguntaban, \u00bfpor qu\u00e9 la elite brasile\u00f1a, por m\u00e1s derechista que sea, se entregaba en las manos de un tipo tan tosco, tan imprevisible, tan extremista de derecha, que da verg\u00fcenza en cualquier lugar del mundo?<br>Imposible entender el fen\u00f3meno Bolsnaro sin relacionarlo con Lula y el fantasma que Lula representa para la elite brasile\u00f1a; lo que supondr\u00eda su retorno o de quien sea que lo representara, con su programa y su presencia determinante, de dondequiera que sea, en un nuevo gobierno.<\/p>\n\n\n\n<p><br>Por eso prohibieron su candidatura, ni siquiera se le pudieron hacer entrevistas durante la campa\u00f1a. Su presencia, precisamente por estar tan presente en la el pensamiento del pueblo, ten\u00eda que ser prohibida, impedida, bloqueada; por eso combinaron la m\u00e1s brutal campa\u00f1a de acusaciones sin fundamento en contra de cualquier persona en Brasil, con la prohibici\u00f3n de que su imagen circulase por el pa\u00eds y con la s\u00f3rdida campa\u00f1a de mentiras, de calumnias, de comportamientos antidemocr\u00e1ticos, por parte del \u00fanico candidato que quedaba a su derecha para optar a gobernar. De hecho, haber acudido a alguien tan descalificado e incompetente como Michel Temer, es comprensible gracias a ese mismo mecanismo: cualquiera, menos Lula, menos el PT, menos quien representara a Lula.<\/p>\n\n\n\n<p><br>El ano de 2018 termina y la presencia de Lula sigue siendo determinante. El anuncio de la posibilidad de que Lula pudiera ser liberado, caus\u00f3 p\u00e1nico entre las elites y sus representantes. Un militar,\u00a0 jefe del Ejercito, ya hab\u00eda declarado en su momento que la libertad de Lula provocar\u00eda que el proceso quedara \u201cfuera de control\u201d (del control de los militares). Lula libre produce p\u00e1nico hasta tal punto que, ese mismo d\u00eda, los altos mandos de las FFAA, celebraron una reuni\u00f3n, supuestamente para discutir las consecuencias de la liberaci\u00f3n de Lula, aunque realmente lo hac\u00edan para presionar al presidente del STF para que, de nuevo de manera absolutamente ilegal, anulara la decisi\u00f3n que podr\u00eda llevar a la libertad de Lula. La primera reuni\u00f3n de Bolsonaro con sus ministros se anul\u00f3, simplemente, en cuanto les lleg\u00f3 la noticia de que Lula podr\u00eda salir libre ese mismo d\u00eda.<\/p>\n\n\n\n<p><br>Bolsonaro, Mour\u00e3o y toda la derecha tiemblan de miedo, de p\u00e1nico, ante Lula. Saben que Lula sigue siendo el \u00fanico gran l\u00edder nacional, con apoyo popular y con capacidad para sacar a Brasil de su m\u00e1s profunda crisis.<\/p>\n\n\n\n<p><br>Lula termina el a\u00f1o de 2018 y empieza 2019 como el gran referente del pa\u00eds: de esperanza para unos, de p\u00e1nico para otros. Lula es el personaje que da sentido a todo lo que ocurre en el pa\u00eds, fue el personaje del a\u00f1o en 2018&#8230;, la gran interrogante para el 2019 es hasta cu\u00e1ndo van a lograr mantenerlo preso y qu\u00e9 pasar\u00e1 con Lula libre. <\/p>\n","protected":false},"excerpt":{"rendered":"<p>Emir Sader (Rebelion, 24-12-18) De todo lo que ha ocurrido este a\u00f1o en Brasil que tenga cierta importancia no hay nada que pueda ser explicado sin referirse a Lula, que significa esperanza para muchos y p\u00e1nico para otros. Nunca el destino de un pa\u00eds estuvo tan intr\u00ednsecamente vinculado al destino de\u00a0 una persona, como lo [&hellip;]<\/p>\n","protected":false},"author":1,"featured_media":17880,"comment_status":"open","ping_status":"open","sticky":false,"template":"","format":"standard","meta":{"footnotes":""},"categories":[14,12],"tags":[],"class_list":["post-29782","post","type-post","status-publish","format-standard","has-post-thumbnail","hentry","category-internacionales","category-politica-3"],"_links":{"self":[{"href":"https:\/\/debateplural.net\/site\/wp-json\/wp\/v2\/posts\/29782"}],"collection":[{"href":"https:\/\/debateplural.net\/site\/wp-json\/wp\/v2\/posts"}],"about":[{"href":"https:\/\/debateplural.net\/site\/wp-json\/wp\/v2\/types\/post"}],"author":[{"embeddable":true,"href":"https:\/\/debateplural.net\/site\/wp-json\/wp\/v2\/users\/1"}],"replies":[{"embeddable":true,"href":"https:\/\/debateplural.net\/site\/wp-json\/wp\/v2\/comments?post=29782"}],"version-history":[{"count":1,"href":"https:\/\/debateplural.net\/site\/wp-json\/wp\/v2\/posts\/29782\/revisions"}],"predecessor-version":[{"id":29783,"href":"https:\/\/debateplural.net\/site\/wp-json\/wp\/v2\/posts\/29782\/revisions\/29783"}],"wp:featuredmedia":[{"embeddable":true,"href":"https:\/\/debateplural.net\/site\/wp-json\/wp\/v2\/media\/17880"}],"wp:attachment":[{"href":"https:\/\/debateplural.net\/site\/wp-json\/wp\/v2\/media?parent=29782"}],"wp:term":[{"taxonomy":"category","embeddable":true,"href":"https:\/\/debateplural.net\/site\/wp-json\/wp\/v2\/categories?post=29782"},{"taxonomy":"post_tag","embeddable":true,"href":"https:\/\/debateplural.net\/site\/wp-json\/wp\/v2\/tags?post=29782"}],"curies":[{"name":"wp","href":"https:\/\/api.w.org\/{rel}","templated":true}]}}