{"id":30044,"date":"2019-01-04T16:54:36","date_gmt":"2019-01-04T20:54:36","guid":{"rendered":"http:\/\/debateplural.com\/?p=30044"},"modified":"2019-01-04T16:54:42","modified_gmt":"2019-01-04T20:54:42","slug":"los-nazis-asesinaron-en-tres-meses-a-15-millones-de-judios-el-25-del-total-de-victimas-del-holocausto","status":"publish","type":"post","link":"https:\/\/debateplural.net\/site\/2019\/01\/04\/los-nazis-asesinaron-en-tres-meses-a-15-millones-de-judios-el-25-del-total-de-victimas-del-holocausto\/","title":{"rendered":"Los nazis asesinaron en tres meses a 1,5 millones de jud\u00edos, el 25% del total de v\u00edctimas del Holocausto"},"content":{"rendered":"\n<p>El Peri\u00f3dico (2-1-19)<\/p>\n\n\n\n<p>Algunos de los episodios m\u00e1s violentos del\u00a0<strong>Holocausto nazi<\/strong>\u00a0parecen haber ocurrido en el m\u00e1s absoluto sigilo. Pr\u00e1cticamente nadie sobrevivi\u00f3 a los\u00a0<strong>campos de exterminio<\/strong>\u00a0de\u00a0<strong>Belzec, Sobibor y Treblinka<\/strong>. Los informes sobre estos fueron destruidos. Los campos, cerrados. M\u00e1s all\u00e1 de un par de estimaciones m\u00e1s o menos prudentes sobre el n\u00famero de v\u00edctimas, nadie sabe con total certeza a cu\u00e1ntas personas se les arrebat\u00f3 la vida en esas instalaciones dise\u00f1adas para matar. Ahora, un nuevo estudio publicado en la revista 'Science Advances', el biomatem\u00e1tico\u00a0Lewi Stone\u00a0estima que en tan solo en\u00a0<strong>tres meses 1,47 millones de jud\u00edos fueron aniquilados\u00a0<\/strong>en los campos de concentraci\u00f3n de la Polonia ocupada. Esto equivaldr\u00eda a una media de 445.700 de muertes por mes. Unos 15.000 por d\u00eda, todos los d\u00edas. Esta cifra, a su vez, elevar\u00eda por diez la\u00a0<strong>tasa de muertes del Holocausto\u00a0<\/strong>hasta ahora estimada.<\/p>\n\n\n\n<p>Esta&nbsp;<strong>campa\u00f1a de exterminio<\/strong>&nbsp;a gran escala, de las m\u00e1s dif\u00edciles de investigar por la falta de registros o supervivientes que pudieran relatar lo ocurrido, habr\u00eda sido desvelada a trav\u00e9s de los&nbsp;<strong>datos de los trenes<\/strong>&nbsp;que se utilizaron para estas deportaciones forzadas durante la&nbsp;<strong>operaci\u00f3n Reinhard&nbsp;<\/strong>(1942-1943). La eficiencia del sistema ferroviario, adem\u00e1s del dise\u00f1o de los campos de concentracion, podr\u00eda haber sido clave en el exterminio. Estudios anteriores estimaron que en esta campa\u00f1a del Holocausto se realizaron unas&nbsp;<strong>480 deportaciones<\/strong>&nbsp;desde&nbsp;<strong>393 ciudades y ghettos polacos<\/strong>&nbsp;hacia&nbsp;Belzec, Sobibor y Treblinka. Ahora, un nuevo an\u00e1lisis de estos mismos datos demuestra que la gran mayor\u00eda de los asesinatos ocurrieron en tan solo tres meses. Stone calcula que en tan solo&nbsp;<strong>105 d\u00edas,<\/strong>&nbsp;entre agosto, septiembre y octubre de 1942, dieron lugar al&nbsp;<strong>25% de las muertes<\/strong>&nbsp;ocurridas durante todo el Holocausto.&nbsp;<\/p>\n\n\n\n<p>Esta nueva estimaci\u00f3n del<strong>\u00a0n\u00famero las v\u00edctimas<\/strong>\u00a0y del\u00a0<strong>ratio de muertes<\/strong>\u00a0ocurridas durante la\u00a0<strong>operaci\u00f3n Reinhard\u00a0<\/strong>demostrar\u00eda que el Holocausto s\u00ed que ser\u00eda el m\u00e1s genocidio m\u00e1s grande del siglo XX, con una tasa de homicidios de un 83% m\u00e1s alta que la de genocidio de Ruanda. El \u2018pulso de la muerte\u2019 de los nazis habr\u00eda sido, hasta ahora, subestimado. \"Estas subestimaciones han surgido y persistido debido a la\u00a0<strong>falta de conocimiento de los detalles<\/strong>\u00a0sobre los campos de exterminio de Reinhard y la efectividad de los esfuerzos nazis para ocultar esos detalles durante la guerra\", argumenta Stone en su art\u00edculo. \"Nuestros an\u00e1lisis arrojan nueva luz sobre este periodo del Holocausto y brindan una imagen m\u00e1s clara y detallada de la din\u00e1mica y las tasas de los principales eventos que se desarrollaron durante la Operaci\u00f3n Reinhard\", concluye el investigador. <\/p>\n\n\n\n<h3 class=\"wp-block-heading\">Exterminio de masas<\/h3>\n\n\n\n<p>La&nbsp;<strong>operaci\u00f3n Reinhard<\/strong>&nbsp;se desarroll\u00f3 en pleno sigilo. Todo empez\u00f3 en&nbsp;<strong>marzo del 1942<\/strong>, con la apertura del campo de concentraci\u00f3n de Belzec y el inicio de la construcci\u00f3n de los campos de Sobibor y Treblinka. Los&nbsp;<strong>primeros trenes<\/strong>&nbsp;cargados de prisioneros, en su mayor\u00eda jud\u00edos que habitaban la Polonia ocupada, emprendieron un camino sin retorno hacia estos lugares de exterminio. El 19 de julio del mismo a\u00f1o, el oficial nazi Heinrich Himmler orden\u00f3 que para finales de a\u00f1o \"todos los jud\u00edos, con contadas excepciones, deb\u00edan ser exterminados\".<\/p>\n\n\n\n<p>Las deportaciones fueron aumentando a un ritmo estable hasta el&nbsp;<strong>15 de agosto de 1942<\/strong>&nbsp;cuando, seg\u00fan se recoge en los informes del oficial alem\u00e1n Kurt Gerstein, el F\u00fchrer tambi\u00e9n dio la orden de \"acelerar todas las acciones\". A partir de entonces, el n\u00famero de trenes que llegaba a los campos de concentraci\u00f3n fue aumentando de manera dr\u00e1stica durante aquel agosto, septiembre y octubre. Los datos apuntan a que en noviembre de 1943, &nbsp;<strong>tras 21 meses<\/strong>, ya no quedaban pr\u00e1cticamente presos a los que matar, con lo cual la&nbsp;<strong>operaci\u00f3n Reinhard<\/strong>&nbsp;quedaba cerrada con un total de&nbsp;<strong>1,7 millones muertes<\/strong>&nbsp;a sus espaldas.<\/p>\n\n\n\n<p>Esta tr\u00e1gica&nbsp;<strong>sucesi\u00f3n de acontecimientos<\/strong>&nbsp;queda ahora recogida en la cronolog\u00eda que Stone traza para describir el&nbsp;<strong>patr\u00f3n de matanza a gran escala<\/strong>&nbsp;desarrollado por los nazis durante la Segunda Guerra Mundial. La \"eficiencia\" de este sistema de exterminio, seg\u00fan argumenta el investigador, podr\u00eda deberse no tan solo al dise\u00f1o de los campos de concentraci\u00f3n sino que, adem\u00e1s, habr\u00eda que sumar la coordinaci\u00f3n de un sistema ferroviario capaz de trasportar las v\u00edctimas hacia estos lugares. \"La operaci\u00f3n Reinhard fue extrema en tasa de muertes, n\u00famero y proporci\u00f3n de la poblaci\u00f3n asesinada (el 99.99% en campos de exterminio), lo que resalta singularmente car\u00e1cter violento de este genocidio\", a\u00f1ade Stone.<\/p>\n","protected":false},"excerpt":{"rendered":"<p>El Peri\u00f3dico (2-1-19) Algunos de los episodios m\u00e1s violentos del\u00a0Holocausto nazi\u00a0parecen haber ocurrido en el m\u00e1s absoluto sigilo. Pr\u00e1cticamente nadie sobrevivi\u00f3 a los\u00a0campos de exterminio\u00a0de\u00a0Belzec, Sobibor y Treblinka. Los informes sobre estos fueron destruidos. Los campos, cerrados. M\u00e1s all\u00e1 de un par de estimaciones m\u00e1s o menos prudentes sobre el n\u00famero de v\u00edctimas, nadie sabe [&hellip;]<\/p>\n","protected":false},"author":1,"featured_media":30045,"comment_status":"open","ping_status":"open","sticky":false,"template":"","format":"standard","meta":{"footnotes":""},"categories":[14,17],"tags":[],"class_list":["post-30044","post","type-post","status-publish","format-standard","has-post-thumbnail","hentry","category-internacionales","category-sociedad"],"_links":{"self":[{"href":"https:\/\/debateplural.net\/site\/wp-json\/wp\/v2\/posts\/30044"}],"collection":[{"href":"https:\/\/debateplural.net\/site\/wp-json\/wp\/v2\/posts"}],"about":[{"href":"https:\/\/debateplural.net\/site\/wp-json\/wp\/v2\/types\/post"}],"author":[{"embeddable":true,"href":"https:\/\/debateplural.net\/site\/wp-json\/wp\/v2\/users\/1"}],"replies":[{"embeddable":true,"href":"https:\/\/debateplural.net\/site\/wp-json\/wp\/v2\/comments?post=30044"}],"version-history":[{"count":1,"href":"https:\/\/debateplural.net\/site\/wp-json\/wp\/v2\/posts\/30044\/revisions"}],"predecessor-version":[{"id":30046,"href":"https:\/\/debateplural.net\/site\/wp-json\/wp\/v2\/posts\/30044\/revisions\/30046"}],"wp:featuredmedia":[{"embeddable":true,"href":"https:\/\/debateplural.net\/site\/wp-json\/wp\/v2\/media\/30045"}],"wp:attachment":[{"href":"https:\/\/debateplural.net\/site\/wp-json\/wp\/v2\/media?parent=30044"}],"wp:term":[{"taxonomy":"category","embeddable":true,"href":"https:\/\/debateplural.net\/site\/wp-json\/wp\/v2\/categories?post=30044"},{"taxonomy":"post_tag","embeddable":true,"href":"https:\/\/debateplural.net\/site\/wp-json\/wp\/v2\/tags?post=30044"}],"curies":[{"name":"wp","href":"https:\/\/api.w.org\/{rel}","templated":true}]}}