{"id":30082,"date":"2019-01-07T11:58:12","date_gmt":"2019-01-07T15:58:12","guid":{"rendered":"http:\/\/debateplural.com\/?p=30082"},"modified":"2019-01-07T11:58:14","modified_gmt":"2019-01-07T15:58:14","slug":"ue-y-grandes-corporaciones-negocios-o-derechos-humanos","status":"publish","type":"post","link":"https:\/\/debateplural.net\/site\/2019\/01\/07\/ue-y-grandes-corporaciones-negocios-o-derechos-humanos\/","title":{"rendered":"UE y grandes corporaciones: \u00bfnegocios o derechos humanos?"},"content":{"rendered":"\n<p>Enric Llopis (Rebelion, 7-1-19) <\/p>\n\n\n\n<p> \u00bfSe da una mezcolanza de intereses entre los lobbies empresariales y las instituciones comunitarias? Transparency International informa, a partir de los datos declarados por la compa\u00f1\u00edas en el Registro de Transparencia de la Uni\u00f3n Europea, de las empresas que m\u00e1s gastan anualmente en cabildeo (datos al cierre de 2018): Google (seis millones de euros), Microsoft (cinco millones), Shell (4,5 millones), ExxonMobil Petroleum &amp; Chemical (3,7 millones), la qu\u00edmica Basf (3,3 millones) y la tecnol\u00f3gica Siemens (3,2 millones). La ONG tambien cuantifica las reuniones \u201cde alto nivel\u201d que las compa\u00f1\u00edas han mantenido, desde diciembre de 2014, con la Comisi\u00f3n Europea; encabeza la ratio Google (203 reuniones), seguido del grupo aeroespacial Airbus (138), Microsoft (110), Facebook Ireland Limited (103) y Deutsche Telekom (102). <\/p>\n\n\n\n<p>El Observatorio Europeo de las Corporaciones (CEO) calcul\u00f3 en el informe \u201cPlaneta Lobby\u201d, de 2017, que en Bruselas operan cerca de 25.000 lobbistas, \u201cla mayor\u00eda al servicio de las corporaciones\u201d. Entre las patronales que m\u00e1s invierten en lobby figuran, seg\u00fan Transparency International, el Consejo Europeo de la Industria Qu\u00edmica (CEFIC), Insurance Europe (federaci\u00f3n de aseguradoras), la Federaci\u00f3n Europea de Industrias Farmac\u00e9uticas (EFPIA), la asociaci\u00f3n de empresas de ingenier\u00eda mec\u00e1nica en Alemania (VDMA) y la Asociaci\u00f3n Alemana de la Industria Qu\u00edmica (VCI).<\/p>\n\n\n\n<p>Un potente grupo de presi\u00f3n es BusinessEurope, patronal constituida en 1958 que hoy representa a 39 federaciones empresariales de diferentes pa\u00edses. Otro lobby destacado es la Red Europea de Negocios CSR para la Responsabilidad Social Corporativa, de la que forman parte \u2013adem\u00e1s de 41 organizaciones nacionales (en Espa\u00f1a el Club de Excelencia en Sostenibilidad)- 45 corporaciones como Walt Disney, Volkswagen, Toyota, Orange, Iberdrola, el BBVA y Coca-Cola. El presidente de CSR Europe, el conde Etienne Davignon, fue vicepresidente de la Comisi\u00f3n Europea y, seg\u00fan la p\u00e1gina Web de CSR, ejerce o ha desempe\u00f1ado altos cargos en Brussels Airlines, la Compagnie Maritime Belge (CMB) y el foro Bilderberg, que re\u00fane anualmente a la \u00e9lite mundial. Al listado de lobbies podr\u00eda agregarse Eurochambres, que re\u00fane a 42 asociaciones nacionales de comercio e industria y otras dos transnacionales.<\/p>\n\n\n\n<p>Las instituciones europeas no son ajenas a las llamadas \u201cpuertas giratorias\u201d. El exprimer ministro de Portugal (2002-2004) y expresidente de la Comisi\u00f3n Europea (2004-2014), Jos\u00e9 Manuel Durao Barroso, fich\u00f3 en el verano de 2016 por el banco de inversi\u00f3n Goldman Sachs, como presidente no ejecutivo de la filial londinense; adem\u00e1s es miembro del Comit\u00e9 Directivo del Club Bilderberg. Connie Hedegaard fue ministra de Clima y Energ\u00eda de Dinamarca (2007-2009) y comisaria de la UE en el \u00e1rea de Acci\u00f3n Clim\u00e1tica (2010-2014); actualmente es miembro del Consejo de Sostenibilidad del grupo VolksWagen y de la direcci\u00f3n de la empresa de ingenier\u00eda alemana Danfoss. Otro ejemplo es el pol\u00edtico belga Karel de Gucht, comisario europeo para el Desarrollo y la Ayuda Humanitaria en 2009 y de Comercio entre 2010 y 2014; hoy forma parte de la junta directiva de ArcelorMittal, del grupo de telecomunicaciones belga Proximus y es asesor del fondo de inversiones CVC (tambi\u00e9n ha estado en la direcci\u00f3n del fondo de inversi\u00f3n belga Merit Capital).<\/p>\n\n\n\n<p>Tal vez esta simbiosis explique la posici\u00f3n de la UE ante un Tratado internacional vinculante que regule la actividad de las transnacionales (y otras empresas comerciales) respecto a los derechos humanos. La cuarta reuni\u00f3n del grupo de trabajo intergubernamental promovido por Naciones Unidas sobre este instrumento jur\u00eddico (vinculante) se celebr\u00f3 entre el 15 y el 19 de octubre en Ginebra, con la participaci\u00f3n de 94 pa\u00edses y cerca de 400 delegados de organizaciones de la sociedad civil. Pese a que el Parlamento Europeo aprob\u00f3 una resoluci\u00f3n el cuatro de octubre en la que apoyaba el proceso e instaba a los representantes de la UE y sus Estados miembros a \u201cparticipar de buena fe y constructivamente en las negociaciones\u201d, la delegaci\u00f3n de europarlamentarios integrada por de Die Linke, el Partido Socialista holand\u00e9s y Podemos, entre otras formaciones de izquierda, calific\u00f3 como \u201cpasivo\u201d y \u201cdecepcionante\u201d el papel de la Uni\u00f3n. En octubre de 2019 est\u00e1 prevista la quinta sesi\u00f3n.<\/p>\n\n\n\n<p>La Campa\u00f1a para Desmantelar el Poder Corporativo-Stop Impunity, que re\u00fane a 250 movimientos sociales y comunidades afectadas, present\u00f3 una propuesta de Tratado y defiende, entre otros puntos, la constituci\u00f3n de una Corte Internacional para juzgar a las multinacionales que violen los derechos humanos y la primac\u00eda de las obligaciones de derechos humanos sobre los acuerdos de comercio e inversi\u00f3n; adem\u00e1s la Campa\u00f1a organiz\u00f3 en Ginebra, entre el 13 y el 20 de octubre, la semana de movilizaci\u00f3n de los pueblos. En julio, 36 movimientos sociales y ONG de todo el mundo hicieron un llamamiento a la UE y los estados miembros para que pusieran fin a las \u201cestrategias de obstrucci\u00f3n\u201d.<\/p>\n\n\n\n<p>La Red Europea de Observatorios de las Corporaciones ENCO, la ONG Amigos de la Tierra-Francia, el centro de investigaci\u00f3n Europa-Tercer Mundo (CETIM), Transnational Institute (TNI) y el Observatorio de Multinacionales en Am\u00e9rica Latina (OMAL) han publicado un informe sobre \u201cEl v\u00ednculo entre la UE y la impunidad empresarial\u201d. Respecto al proceso de negociaciones en torno al Tratado de la ONU, que comenz\u00f3 en junio de 2014, concluye el documento: \u201cEl Gobierno de Estados Unidos ha expresado su rechazo rotundo (\u2026)\u201d, mientras que la Uni\u00f3n Europea \u201cha adoptado la estrategia de torpedearlo de manera activa desde dentro\u201d. De hecho, las posiciones de la UE est\u00e1n \u201cen estrecha consonancia con las de lobbies empresariales activos en la ONU, en especial la C\u00e1mara de Comercio Internacional (CCI) y la Organizaci\u00f3n Internacional de Empleadores (OIE)\u201d; \u201cel papel de la UE (b\u00e1sicamente la Comisi\u00f3n Europea, el Consejo y la mayor\u00eda de los Estados miembros, mientras que el Parlamento europeo es m\u00e1s favorable a la normativa) es el reflejo del acaparamiento empresarial que sufre la Uni\u00f3n\u201d, a\u00f1ade el informe.<\/p>\n\n\n\n<p>El documento de las cinco organizaciones menciona ejemplos de la \u201chuella\u201d de las corporaciones; 260 trabajadores muertos y 30 heridos fue la consecuencia del incendio ocurrido en 2012 en la factor\u00eda textil de Ali Enterprise, en la ciudad de Karachi, al sur de Pakist\u00e1n; el 70% de las ventas de Ali Enterprise se dirig\u00eda a la cadena de tiendas alemanas Kik (la agencia Efe se\u00f1al\u00f3, citando a \u201cdiversos medios\u201d, que en el inmueble de cerca de 2.000 metros cuadrados \u201ctrabajaban hacinadas entre 1.500 y 2.000 personas, entre ellas menores, y no hab\u00eda pr\u00e1cticamente medidas b\u00e1sicas contra incendios\u201d). Otro caso es el derrumbe de la represa de residuos Fundao, en el estado brasile\u00f1o de Minas Gerais, en noviembre de 2015, que supuso -adem\u00e1s de 19 muertos- el vertido de 45 millones de metros c\u00fabicos de lodo t\u00f3xico en el r\u00edo Doce, afluentes y comunidades; la titularidad de la infraestructura correspond\u00eda a Samarco Minera\u00e7ao SA, controlada por la compa\u00f1\u00eda brasile\u00f1a Vale y la anglo-australiana BHP Billiton. Fue considerado el mayor desastre ambiental en la historia de Brasil.<\/p>\n\n\n\n<p>El informe da cuenta asimismo de los agricultores que perecieron o enfermaron en el distrito de Yavatmal (estado de Maharashtra, India), en el segundo semestre de 2017, por el uso de pesticidas t\u00f3xicos en el cultivo del algod\u00f3n; las ONG han apuntado la responsabilidad de Syngenta, multinacional suiza adquirida en 2017 por la qu\u00edmica ChemChina, ya que fabrica uno de los plaguicidas empleados \u2013\u201cPolo\u201d, cuyo ingrediente activo es el diafentiuron. Por otra parte, la filial argentina de la petrolera anglo-holandesa Royal Dutch Shell participa en la exploraci\u00f3n y extracci\u00f3n de hidrocarburos en el Neuqu\u00e9n (Patagonia argentina); por ejemplo, la Shell ha realizado perforaciones en el entorno del \u00e1rea natural protegida de Auca Mahuida, en el noreste de la provincia. A los proyectos petrol\u00edferos, de Shell o YPF, se enfrentan las comunidades mapuches. En el Neuqu\u00e9n se halla el yacimiento petrol\u00edfero de Vaca Muerta, que la empresa YPF caracteriza como \u201cla principal formaci\u00f3n de shale (roca de esquisto: formaci\u00f3n sedimentaria que contiene gas y petr\u00f3leo)- en Argentina\u201d.<\/p>\n\n\n\n<p>La investigaci\u00f3n sobre \u201cEl v\u00ednculo entre la UE y la impunidad empresarial\u201d subraya adem\u00e1s el rastro de \u201ccontaminaci\u00f3n\u201d y \u201cviolencia\u201d que acompa\u00f1a a la multinacional Glencore en Per\u00fa; este gigante con sede en Suiza, especializado en materias primas y metales, desarrolla el proyecto minero Antapaccay-Tintaya para la explotaci\u00f3n del cobre en la provincia de Espinar (Cuzco); Glencore desarrolla la iniciativa minera desde 2015, tras la fusi\u00f3n ese a\u00f1o con el consorcio minero anglosuizo Xstrata. El informe de Front Line Defenders de 2017 da cuenta del asesinato de m\u00e1s de 300 defensores de derechos humanos, en 27 pa\u00edses, durante 2017; dos tercios de los asesinados eran defensores de la tierra, los pueblos ind\u00edgenas y el medio ambiente; en un 12% de los casos se procedi\u00f3 a la detenci\u00f3n de los sospechosos. Otro informe de Front Line Defenders y HRD Memorial (septiembre de 2018) eleva a m\u00e1s de mil los defensores pac\u00edficos que han resultado v\u00edctimas de un \u201casesinato selectivo\u201d desde 2014.<\/p>\n","protected":false},"excerpt":{"rendered":"<p>Enric Llopis (Rebelion, 7-1-19) \u00bfSe da una mezcolanza de intereses entre los lobbies empresariales y las instituciones comunitarias? Transparency International informa, a partir de los datos declarados por la compa\u00f1\u00edas en el Registro de Transparencia de la Uni\u00f3n Europea, de las empresas que m\u00e1s gastan anualmente en cabildeo (datos al cierre de 2018): Google (seis [&hellip;]<\/p>\n","protected":false},"author":1,"featured_media":10263,"comment_status":"open","ping_status":"open","sticky":false,"template":"","format":"standard","meta":{"footnotes":""},"categories":[14,12],"tags":[],"class_list":["post-30082","post","type-post","status-publish","format-standard","has-post-thumbnail","hentry","category-internacionales","category-politica-3"],"_links":{"self":[{"href":"https:\/\/debateplural.net\/site\/wp-json\/wp\/v2\/posts\/30082"}],"collection":[{"href":"https:\/\/debateplural.net\/site\/wp-json\/wp\/v2\/posts"}],"about":[{"href":"https:\/\/debateplural.net\/site\/wp-json\/wp\/v2\/types\/post"}],"author":[{"embeddable":true,"href":"https:\/\/debateplural.net\/site\/wp-json\/wp\/v2\/users\/1"}],"replies":[{"embeddable":true,"href":"https:\/\/debateplural.net\/site\/wp-json\/wp\/v2\/comments?post=30082"}],"version-history":[{"count":1,"href":"https:\/\/debateplural.net\/site\/wp-json\/wp\/v2\/posts\/30082\/revisions"}],"predecessor-version":[{"id":30083,"href":"https:\/\/debateplural.net\/site\/wp-json\/wp\/v2\/posts\/30082\/revisions\/30083"}],"wp:featuredmedia":[{"embeddable":true,"href":"https:\/\/debateplural.net\/site\/wp-json\/wp\/v2\/media\/10263"}],"wp:attachment":[{"href":"https:\/\/debateplural.net\/site\/wp-json\/wp\/v2\/media?parent=30082"}],"wp:term":[{"taxonomy":"category","embeddable":true,"href":"https:\/\/debateplural.net\/site\/wp-json\/wp\/v2\/categories?post=30082"},{"taxonomy":"post_tag","embeddable":true,"href":"https:\/\/debateplural.net\/site\/wp-json\/wp\/v2\/tags?post=30082"}],"curies":[{"name":"wp","href":"https:\/\/api.w.org\/{rel}","templated":true}]}}