{"id":30143,"date":"2019-01-09T14:34:50","date_gmt":"2019-01-09T18:34:50","guid":{"rendered":"http:\/\/debateplural.com\/?p=30143"},"modified":"2019-01-09T14:34:59","modified_gmt":"2019-01-09T18:34:59","slug":"crimenes-de-israel-contra-los-palestinos-2","status":"publish","type":"post","link":"https:\/\/debateplural.net\/site\/2019\/01\/09\/crimenes-de-israel-contra-los-palestinos-2\/","title":{"rendered":"Cr\u00edmenes de Israel contra los palestinos"},"content":{"rendered":"\n<p>Por: Angel Moreta (Autor-Editor)<\/p>\n\n\n\n<p>Los cr\u00edmenes cometidos por la c\u00fapula jud\u00eda israel\u00ed contra la poblaci\u00f3n indefensa del pueblo palestino son inenarrables y pertenecen al mundo de la infamia. La mayor\u00eda de los muertos y asesinatos, en base a un estado terrorista, fueron ni\u00f1os y mujeres; matanzas a mansalva, matanzas de animales dom\u00e9sticos, terrorismo de estado, indolencia absoluta frente a los reclamos de todas las naciones del mundo, excepto del gobierno norteamericano que se complaci\u00f3 en el plenario de la ONU de abstenerse de dar un voto negativo a Israel.<\/p>\n\n\n\n<p>Antes al contrario, envi\u00f3 a Israel, desde un puerto de Grecia a un puerto de Israel, m\u00e1s de 2000 toneladas de armas mort\u00edferas, una semana antes del cambio de gobierno mediante el cual ascendi\u00f3 al poder ejecutivo el candidato ganador, presidente Obama. Naturalmente se trata de negocios del se\u00f1or Bush, en los cuales este y su familia recibir\u00edan cientos de millones de d\u00f3lares de comisi\u00f3n o de negociaci\u00f3n secreta. Los cr\u00edmenes de Bush en Irak, Afganist\u00e1n, Cuba y otros pa\u00edses, incluyendo las torturas y la barbarie en la base usurpada de Guant\u00e1namo contra presos iraqu\u00edes, ameritan que el se\u00f1or Bush sea sometido a la justicia penal internacional.<\/p>\n\n\n\n<p>El mundo debe reclamar el sometimiento de George Bush a un Tribunal Penal de Jurisdicci\u00f3n Internacional. Y lo puede hacer cualquier pa\u00eds \u00e1rabe o del mundo, sometiendo tambi\u00e9n a la c\u00fapula podrida del gobierno de Israel, por hechos de genocidio, homicidio, asesinatos, destrucci\u00f3n de bienes y de viviendas, de edificios, por el boicot contra poblaciones indefensas, por la calculada utilizaci\u00f3n de armas mort\u00edferas de exterminio colectivo, por negociaciones contra los patrimonios de Irak, Afganist\u00e1n y otros pa\u00edses que han sufrido la barbarie y la criminalidad del se\u00f1or Bush.<\/p>\n\n\n\n<p>Hay que exigir al presidente Obama someter al se\u00f1or Bush por los hechos mencionados; y porque llev\u00f3 a los EU a una crisis econ\u00f3mica y financiera sin precedentes en la historia de ese pa\u00eds, debido a la ocupaci\u00f3n de Irak y al robo descarado de sus riquezas naturales y de sus riquezas hist\u00f3ricas y culturales, y por el asesinato indolente del presidente de Irak, Saddam Hussein.<\/p>\n\n\n\n<p>Gobiernos del mundo, pueblos del mundo, instituciones y gobiernos del mundo: asuman la verg\u00fcenza y valor someter al se\u00f1or George Bush por sus cr\u00edmenes contra Cuba, Irak, Afganist\u00e1n y otros pa\u00edses. Estos hechos no deben ni pueden quedar impunes. Exijamos a Obama ordenar la libertad inmediata de los prisioneros ilegales de Guant\u00e1namo.<\/p>\n","protected":false},"excerpt":{"rendered":"<p>Por: Angel Moreta (Autor-Editor) Los cr\u00edmenes cometidos por la c\u00fapula jud\u00eda israel\u00ed contra la poblaci\u00f3n indefensa del pueblo palestino son inenarrables y pertenecen al mundo de la infamia. La mayor\u00eda de los muertos y asesinatos, en base a un estado terrorista, fueron ni\u00f1os y mujeres; matanzas a mansalva, matanzas de animales dom\u00e9sticos, terrorismo de estado, [&hellip;]<\/p>\n","protected":false},"author":2,"featured_media":25605,"comment_status":"open","ping_status":"open","sticky":false,"template":"","format":"standard","meta":{"footnotes":""},"categories":[14,12],"tags":[],"class_list":["post-30143","post","type-post","status-publish","format-standard","has-post-thumbnail","hentry","category-internacionales","category-politica-3"],"_links":{"self":[{"href":"https:\/\/debateplural.net\/site\/wp-json\/wp\/v2\/posts\/30143"}],"collection":[{"href":"https:\/\/debateplural.net\/site\/wp-json\/wp\/v2\/posts"}],"about":[{"href":"https:\/\/debateplural.net\/site\/wp-json\/wp\/v2\/types\/post"}],"author":[{"embeddable":true,"href":"https:\/\/debateplural.net\/site\/wp-json\/wp\/v2\/users\/2"}],"replies":[{"embeddable":true,"href":"https:\/\/debateplural.net\/site\/wp-json\/wp\/v2\/comments?post=30143"}],"version-history":[{"count":1,"href":"https:\/\/debateplural.net\/site\/wp-json\/wp\/v2\/posts\/30143\/revisions"}],"predecessor-version":[{"id":30144,"href":"https:\/\/debateplural.net\/site\/wp-json\/wp\/v2\/posts\/30143\/revisions\/30144"}],"wp:featuredmedia":[{"embeddable":true,"href":"https:\/\/debateplural.net\/site\/wp-json\/wp\/v2\/media\/25605"}],"wp:attachment":[{"href":"https:\/\/debateplural.net\/site\/wp-json\/wp\/v2\/media?parent=30143"}],"wp:term":[{"taxonomy":"category","embeddable":true,"href":"https:\/\/debateplural.net\/site\/wp-json\/wp\/v2\/categories?post=30143"},{"taxonomy":"post_tag","embeddable":true,"href":"https:\/\/debateplural.net\/site\/wp-json\/wp\/v2\/tags?post=30143"}],"curies":[{"name":"wp","href":"https:\/\/api.w.org\/{rel}","templated":true}]}}