{"id":30160,"date":"2019-01-10T14:19:01","date_gmt":"2019-01-10T18:19:01","guid":{"rendered":"http:\/\/debateplural.com\/?p=30160"},"modified":"2019-01-10T14:19:09","modified_gmt":"2019-01-10T18:19:09","slug":"los-militares-rechazan-la-base-militar-de-eeuu-que-quiere-bolsonaro","status":"publish","type":"post","link":"https:\/\/debateplural.net\/site\/2019\/01\/10\/los-militares-rechazan-la-base-militar-de-eeuu-que-quiere-bolsonaro\/","title":{"rendered":"Los militares rechazan la base militar de EEUU que quiere Bolsonaro"},"content":{"rendered":"\n<p>Ra\u00fal Zibechi (Sputnik, 7-1-19) <\/p>\n\n\n\n<p>No hab\u00eda transcurrido ni una semana desde que asumi\u00f3 el cargo de presidente, cuando Bolsonaro tuvo su primer enfrentamiento directo con los altos mandos militares, que frenaron su deseo de entregar territorio brasile\u00f1o para que EEUU instale una base militar. El presidente desliz\u00f3 esa posibilidad en la primera entrevista concedida, el 3 de enero.<\/p>\n\n\n\n<p>De inmediato tres oficiales superiores hablaron con el\u00a0diario\u00a0O Estado de Sao Paulo, cercano a las fuerzas armadas, para afirmar que una base de EEUU en Brasil es \"innecesaria e inoportuna\" y que la idea del presidente no se corresponde con \"la pol\u00edtica nacional de Defensa\". M\u00e1s a\u00fan, uno de los oficiales dijo al diario que la presencia de tropas extranjeras solo se justifica \"cuando hay riesgo de agresi\u00f3n externa sin capacidad de reacci\u00f3n, que pueda colocar en peligro la integridad de la naci\u00f3n\". <\/p>\n\n\n\n<p> El\u00a0art\u00edculo\u00a0recuerda que en 1945 los presidentes Getulio Vargas y Franklin Roosvelt firmaron un acuerdo para que la fuerza a\u00e9rea de EEUU abandonara la base de Parnamirim, en Rio Grande do Norte, donde operaban aeronaves estadounidenses, de todos los tipos, para trasladar tropas para el frente de \u00c1frica en el marco de la Segunda Guerra Mundial. La base estaba en el sitio m\u00e1s cercano al continente africano, por lo que se consideraba de inter\u00e9s estrat\u00e9gico. Aunque la Casa Blanca deseaba en aquel momento extender por 50 a\u00f1os el uso de la base (rebautizada Base A\u00e9rea de Natal), \"la reci\u00e9n creada Fuerza A\u00e9rea Brasile\u00f1a ten\u00eda planes propios\" y nunca se volvi\u00f3 a hablar de una base extranjera en Brasil.<\/p>\n\n\n\n<p>En paralelo, en la reuni\u00f3n del grupo de Lima el 4 de enero, el canciller Ernesto Ara\u00fajo,\u00a0reafirm\u00f3\u00a0la posibilidad de instalar una base del Pent\u00e1gono, como parte de una \"agenda m\u00e1s amplia\" de Brasil con EEUU. \"Tenemos todo el inter\u00e9s en aumentar la cooperaci\u00f3n con EEUU en todas las \u00e1reas\", dijo el canciller, al adelantar que ser\u00eda parte de la agenda a tratar en un encuentro entre Bolsonaro y Donald Trump el pr\u00f3ximo marzo. <\/p>\n\n\n\n<p>\n\nPero el presidente volvi\u00f3 a repetir el mismo guion cuando recibi\u00f3 al secretario de Estado Mike Pompeo, en el Palacio de Planalto (sede del Gobierno) en Brasilia. El mismo d\u00eda, 4 de enero, el Ministerio de Defensa aseguraba que \"no tiene conocimiento de ninguna tratativa en ese sentido y que no abord\u00f3 el tema con el presidente\". M\u00e1s a\u00fan, seg\u00fan O Estado de Sao Paulo, \"oficiales de las Fuerzas Armadas consultados reaccionaron con sorpresa a la declaraci\u00f3n del presidente\".<\/p>\n\n\n\n<p>En el seno del Gobierno se est\u00e1 produciendo una disputa abierta, nada diplom\u00e1tica ni medida, entre los dos sectores que componen su base de apoyo: los militares nacionalistas y los economistas de la Escuela de Chicago que defienden el modelo neoliberal a ultranza. Era evidente que esa disputa marcar\u00eda las caracter\u00edsticas principales de la nueva Administraci\u00f3n. Lo que era impensable son dos cuestiones centrales: que saliera tan pronto a la luz (apenas tres d\u00edas despu\u00e9s de asumir) y que los debates se ventilaran en los medios, sin el recato que exigen los buenos modales gubernamentales.<\/p>\n\n\n\n<p>Pero hubo otro hecho menos visible, pero no menos profundo, que revela la enorme fractura existente en las altas esferas. Fue la transmisi\u00f3n del mando de los cancilleres, donde la poderosa burocracia de Itamaraty marca su presencia y pone l\u00edmites a quienes quieren salir del libreto, con similar potencia con que lo hacen las Fuerzas Armadas. <\/p>\n\n\n\n<p> Sucedi\u00f3 el 2 de enero cuando el excanciller Aloysio Nunes Ferreira, del Partido Socialdem\u00f3crata, traspas\u00f3 el cargo: \"Hizo un largo discurso en defensa de las mejores tradiciones de la diplomacia brasile\u00f1a y fue calurosa y largamente aplaudido por los diplom\u00e1ticos presentes, mucho m\u00e1s que el nuevo ministro\u00a0Ernesto Ara\u00fajo. Mientras el canciller cesante enfatiz\u00f3 en la necesidad de mantener el multilateralismo y el pragmatismo, Ara\u00fajo critic\u00f3 la globalizaci\u00f3n y mostr\u00f3 un claro alineamiento con EEUU, Israel, Italia, Hungr\u00eda y Polonia.<\/p>\n\n\n\n<p>El diario Correio Brasiliense, alineado con las Fuerzas Armadas, titul\u00f3 la cobertura \"Ruptura sin diplomacia\", destacando que es \"muy raro\" que un ministro que asume sea mucho menos aplaudido que el que sale. El\u00a0diario\u00a0critica con dureza el nuevo alineamiento internacional, asegurando que \"el problema de la nueva pol\u00edtica exterior no es la sinton\u00eda con el discurso de Bolsonaro, sino la necesidad de posicionarse estrat\u00e9gicamente en relaci\u00f3n al comercio exterior, la pol\u00edtica nacional de defensa y la relaci\u00f3n con los vecinos, en un mundo en el cual el eje del comercio mundial se traslad\u00f3 del Atl\u00e1ntico al Pac\u00edfico. Brasil no puede entrar de cabeza en la guerra comercial de EEUU contra China, que se convirti\u00f3 en nuestro mayor socio comercial, sin ganar nada a cambio\".<\/p>\n\n\n\n<p>\n\nPara empeorar las cosas, el nuevo Gobierno emiti\u00f3 una medida provisoria que altera el r\u00e9gimen jur\u00eddico de los funcionarios del Servicio Exterior Brasile\u00f1o, abriendo espacio para que los no diplom\u00e1ticos puedan ejercer cargos de jefaturas. El Servicio Exterior de Itamaraty es sumamente celoso de sus tradiciones y de su proverbial profesionalidad.<\/p>\n\n\n\n<p>Por lo que puede observarse de los primeros d\u00edas del Gobierno de Bolsonaro, hay varias fuerzas que est\u00e1n tendiendo a limitar su alineamiento autom\u00e1tico con la Casa Blanca y su veneraci\u00f3n a Trump. Los militares son la principal fuerza en esa direcci\u00f3n, ya que desde hace m\u00e1s de medio siglo se muestran muy celosos de la soberan\u00eda del pa\u00eds. En modo alguno van a aceptar la instalaci\u00f3n de una base militar extranjera, como tampoco van a negociar cualquier tratado sobre el uso de la base de cohetes de Alc\u00e1ntara.<\/p>\n\n\n\n<p>En un reciente art\u00edculo el expresidente Fernando Henrique Cardoso\u00a0advierte\u00a0al nuevo mandatario que no ser\u00eda oportuno tomar partido por EEUU en la guerra comercial con China. \"Es por lo menos anacr\u00f3nico pensar que la competencia por el poder y la influencia en el sistema internacional se dar\u00e1 entre gladiadores comunistas y capitalistas, cruzados de la fe cristiana contra cosmopolitas sin fe ni patria\". <\/p>\n\n\n\n<p>\n\nLas fuerzas domesticadoras del impulso ideol\u00f3gico ultraderechista del gabinete de Bolsonaro, est\u00e1n actuando en muchos m\u00e1s frentes de los previstos, en un abanico que incluye militares y diplom\u00e1ticos, pasando por los grandes medios y los pol\u00edticos m\u00e1s prestigiosos.\n\n<\/p>\n\n\n\n<p><\/p>\n","protected":false},"excerpt":{"rendered":"<p>Ra\u00fal Zibechi (Sputnik, 7-1-19) No hab\u00eda transcurrido ni una semana desde que asumi\u00f3 el cargo de presidente, cuando Bolsonaro tuvo su primer enfrentamiento directo con los altos mandos militares, que frenaron su deseo de entregar territorio brasile\u00f1o para que EEUU instale una base militar. El presidente desliz\u00f3 esa posibilidad en la primera entrevista concedida, el [&hellip;]<\/p>\n","protected":false},"author":1,"featured_media":28375,"comment_status":"open","ping_status":"open","sticky":false,"template":"","format":"standard","meta":{"footnotes":""},"categories":[14,12],"tags":[],"class_list":["post-30160","post","type-post","status-publish","format-standard","has-post-thumbnail","hentry","category-internacionales","category-politica-3"],"_links":{"self":[{"href":"https:\/\/debateplural.net\/site\/wp-json\/wp\/v2\/posts\/30160"}],"collection":[{"href":"https:\/\/debateplural.net\/site\/wp-json\/wp\/v2\/posts"}],"about":[{"href":"https:\/\/debateplural.net\/site\/wp-json\/wp\/v2\/types\/post"}],"author":[{"embeddable":true,"href":"https:\/\/debateplural.net\/site\/wp-json\/wp\/v2\/users\/1"}],"replies":[{"embeddable":true,"href":"https:\/\/debateplural.net\/site\/wp-json\/wp\/v2\/comments?post=30160"}],"version-history":[{"count":1,"href":"https:\/\/debateplural.net\/site\/wp-json\/wp\/v2\/posts\/30160\/revisions"}],"predecessor-version":[{"id":30161,"href":"https:\/\/debateplural.net\/site\/wp-json\/wp\/v2\/posts\/30160\/revisions\/30161"}],"wp:featuredmedia":[{"embeddable":true,"href":"https:\/\/debateplural.net\/site\/wp-json\/wp\/v2\/media\/28375"}],"wp:attachment":[{"href":"https:\/\/debateplural.net\/site\/wp-json\/wp\/v2\/media?parent=30160"}],"wp:term":[{"taxonomy":"category","embeddable":true,"href":"https:\/\/debateplural.net\/site\/wp-json\/wp\/v2\/categories?post=30160"},{"taxonomy":"post_tag","embeddable":true,"href":"https:\/\/debateplural.net\/site\/wp-json\/wp\/v2\/tags?post=30160"}],"curies":[{"name":"wp","href":"https:\/\/api.w.org\/{rel}","templated":true}]}}