{"id":30172,"date":"2019-01-11T11:25:05","date_gmt":"2019-01-11T15:25:05","guid":{"rendered":"http:\/\/debateplural.com\/?p=30172"},"modified":"2019-01-11T11:25:08","modified_gmt":"2019-01-11T15:25:08","slug":"por-el-rescate-de-la-justicia","status":"publish","type":"post","link":"https:\/\/debateplural.net\/site\/2019\/01\/11\/por-el-rescate-de-la-justicia\/","title":{"rendered":"Por el rescate de la justicia"},"content":{"rendered":"\n<p>Juan Bolivar Diaz (Hoy, 10-1-19)<\/p>\n\n\n\n<p> Si algo qued\u00f3 claro a prop\u00f3sito de la celebraci\u00f3n el 7 de enero del \u201cD\u00eda del Poder Judicial\u201d, fue el generalizado clamor porque sean desatados definitivamente los nudos que postergan y envilecen el tercer poder del Estado, con graves repercusiones sobre la institucionalidad democr\u00e1tica, m\u00e1s contundente por encontrarnos en v\u00edsperas de una renovaci\u00f3n de las tres cuartas partes de los integrantes de la Suprema Corte de Justicia.<\/p>\n\n\n\n<p><br>La responsabilidad de elegir a 12 nuevos titulares de la Suprema Corte recae en particular sobre el presidente Danilo Medina quien, adem\u00e1s de presidir tambi\u00e9n el Consejo Nacional de la Magistratura, dispone de los votos de seis de sus ocho integrantes, por lo que los reclamos le aluden directamente, con la esperanza de que se coloque sobre el inter\u00e9s partidista y contribuya a rescatar el \u00f3rgano superior del Poder Judicial del secuestro pol\u00edtico en que lo sumi\u00f3 su antecesor.<\/p>\n\n\n\n<p><br>La expectativa se nutre del reconocimiento de que las decisiones del Consejo de la Magistratura bajo la presidencia de Medina mejoraron la composici\u00f3n de los \u00f3rganos concernidos, como en la renovaci\u00f3n parcial de la Suprema Corte, posteriormente del Tribunal Superior Electoral y recientemente deuna parte del Tribunal Constitucional.<\/p>\n\n\n\n<p><br>Sin duda que el clamor de la sociedad civil, en sus m\u00faltiples expresiones, ha sido fundamental para que comenzara a reducirse el secuestro pol\u00edtico de las altas cortes, lo que se renov\u00f3 el pasado lunes por parte de la Fundaci\u00f3n Institucionalidad y Justicia, del Colegio de Abogados, la Comisi\u00f3n Nacional de los Derechos Humanos, los arzobispos de Santo Domingo y Santiago en sus respectivas homil\u00edas, e innumerables articulistas y comentaristas. Lo reclamaron tambi\u00e9n recientemente otras instituciones especializadas como Participaci\u00f3n Ciudadana, y entidades empresariales como la Asociaci\u00f3n Nacional de J\u00f3venes Empresarios, la Asociaci\u00f3n de Industrias y la Asociaci\u00f3n de Empresas Industriales de Herrera.<\/p>\n\n\n\n<p><br>Hay suficientes indicadores de generalizaci\u00f3n de la percepci\u00f3n de que la justicia dominicana no se corresponde con las luchas de las \u00faltimas d\u00e9cadas por elevar la institucionalidad democr\u00e1tica. Las encuestas nacionales y hasta las internacionales, como la reciente Latinobar\u00f3metro, establecen que la credibilidad de la justicia dominicana apenas alcanza el 21 por ciento. En los \u00faltimos dos \u00edndices de competitividad global del Foro Econ\u00f3mico Mundial, la independencia judicial ha quedado relegada a las posiciones 130 y 125 entre 137 y 140 pa\u00edses.<\/p>\n\n\n\n<p><br>La escasa independencia e integridad del poder judicial est\u00e1 determinada no s\u00f3lo por la politizaci\u00f3n de los organismos superiores, al servicio de la impunidad, sino tambi\u00e9n por su postergaci\u00f3n econ\u00f3mica, pues apenas se le entrega la mitad del presupuesto que establece la ley. En contraste con lo que se le atribuye al Poder Ejecutivo y al Legislativo, a quienes les sobran los recursos para repartir a discreci\u00f3n y para malversar.<\/p>\n\n\n\n<p><br>Al referirse a la coyuntura, la FINJUS ha reclamado que \u201cel proceso de evaluaci\u00f3n de 12 miembros de la Suprema Corte de Justicia que manda la Constituci\u00f3n y la Ley se realice asumiendo todas las garant\u00edas y profesionalidad requeridas\u201d, y que \u201ca la luz de las necesidades de un mejor servicio de justicia, m\u00e1s imparcial, eficiente e independiente, la ciudadan\u00eda debe unirse para reclamar al Consejo Nacional de la Magistratura que tome sus decisiones con un sentido de Naci\u00f3n, cerrando toda posibilidad de beneficiar intereses particulares de cualquier tipo\u201d.<\/p>\n\n\n\n<p><br>Por su parte, el arzobispo Francisco Ozoria enarbol\u00f3 el desaf\u00edo de rescatar la credibilidad de la justicia, mientras el arzobispo Freddy Bret\u00f3n especificaba que el fortalecimiento de las instituciones, entre ellas la justicia, juega un rol determinante para garantizar la paz, la confianza y la estabilidad.<\/p>\n\n\n\n<p><br>El rescate de la justicia es fundamental para el fortalecimiento de la institucionalidad democr\u00e1tica. Ah\u00ed est\u00e1 la responsabilidad de los integrantes del Consejo Nacional de la Magistratura, especialmente del ciudadano presidente Danilo Medina. <\/p>\n","protected":false},"excerpt":{"rendered":"<p>Juan Bolivar Diaz (Hoy, 10-1-19) Si algo qued\u00f3 claro a prop\u00f3sito de la celebraci\u00f3n el 7 de enero del \u201cD\u00eda del Poder Judicial\u201d, fue el generalizado clamor porque sean desatados definitivamente los nudos que postergan y envilecen el tercer poder del Estado, con graves repercusiones sobre la institucionalidad democr\u00e1tica, m\u00e1s contundente por encontrarnos en v\u00edsperas [&hellip;]<\/p>\n","protected":false},"author":1,"featured_media":15135,"comment_status":"open","ping_status":"open","sticky":false,"template":"","format":"standard","meta":{"footnotes":""},"categories":[5,12],"tags":[],"class_list":["post-30172","post","type-post","status-publish","format-standard","has-post-thumbnail","hentry","category-nacionales","category-politica-3"],"_links":{"self":[{"href":"https:\/\/debateplural.net\/site\/wp-json\/wp\/v2\/posts\/30172"}],"collection":[{"href":"https:\/\/debateplural.net\/site\/wp-json\/wp\/v2\/posts"}],"about":[{"href":"https:\/\/debateplural.net\/site\/wp-json\/wp\/v2\/types\/post"}],"author":[{"embeddable":true,"href":"https:\/\/debateplural.net\/site\/wp-json\/wp\/v2\/users\/1"}],"replies":[{"embeddable":true,"href":"https:\/\/debateplural.net\/site\/wp-json\/wp\/v2\/comments?post=30172"}],"version-history":[{"count":1,"href":"https:\/\/debateplural.net\/site\/wp-json\/wp\/v2\/posts\/30172\/revisions"}],"predecessor-version":[{"id":30173,"href":"https:\/\/debateplural.net\/site\/wp-json\/wp\/v2\/posts\/30172\/revisions\/30173"}],"wp:featuredmedia":[{"embeddable":true,"href":"https:\/\/debateplural.net\/site\/wp-json\/wp\/v2\/media\/15135"}],"wp:attachment":[{"href":"https:\/\/debateplural.net\/site\/wp-json\/wp\/v2\/media?parent=30172"}],"wp:term":[{"taxonomy":"category","embeddable":true,"href":"https:\/\/debateplural.net\/site\/wp-json\/wp\/v2\/categories?post=30172"},{"taxonomy":"post_tag","embeddable":true,"href":"https:\/\/debateplural.net\/site\/wp-json\/wp\/v2\/tags?post=30172"}],"curies":[{"name":"wp","href":"https:\/\/api.w.org\/{rel}","templated":true}]}}