{"id":30385,"date":"2019-01-19T20:29:18","date_gmt":"2019-01-20T00:29:18","guid":{"rendered":"http:\/\/debateplural.com\/?p=30385"},"modified":"2019-01-20T20:20:06","modified_gmt":"2019-01-21T00:20:06","slug":"asesinos-en-el-mundo-9","status":"publish","type":"post","link":"https:\/\/debateplural.net\/site\/2019\/01\/19\/asesinos-en-el-mundo-9\/","title":{"rendered":"Asesinos en el mundo (9)"},"content":{"rendered":"\n<h3 class=\"wp-block-heading\" style=\"text-align:center\" id=\"firstHeading\">Fran\u00e7ois Duvalier (1907-1971) <\/h3>\n\n\n\n<p>Fue un m\u00e9dico y\u00a0pol\u00edtico haitiano, presidente constitucional de su pa\u00eds a partir de\u00a01957\u00a0y posteriormente, desde\u00a01964\u00a0y hasta su muerte en\u00a01971,\u00a0dictador\u00a0de\u00a0Hait\u00ed\u00a0en calidad de\u00a0presidente\u00a0vitalicio. Fue sucedido por su hijo\u00a0Jean-Claude Duvalier. <\/p>\n\n\n\n<h3 class=\"wp-block-heading\">Biograf\u00eda<\/h3>\n\n\n\n<p>Duvalier naci\u00f3 en\u00a0Puerto Pr\u00edncipe, la capital de\u00a0Hait\u00ed, en el seno de una familia humilde de\u00a0agricultores\u00a0originarios de la isla de\u00a0Martinica. A pesar de ello, consigui\u00f3 empezar sus estudios de\u00a0Medicina\u00a0(de ah\u00ed su apodo de \"Papa Doc\"). Debido a sus labores m\u00e9dicas en la lucha contra el\u00a0<a href=\"https:\/\/es.wikipedia.org\/wiki\/Tifus\">tifus<\/a>, el\u00a0paludismo\u00a0y otras\u00a0enfermedades tropicales\u00a0con la gente m\u00e1s desfavorecida, alcanz\u00f3 una gran consideraci\u00f3n y notoriedad en el pa\u00eds. En\u00a01939\u00a0se casa con\u00a0Simone Ovide\u00a0y en\u00a01946\u00a0llega a ser director general del Servicio Sanitario Nacional. En\u00a01949\u00a0pas\u00f3 a ser Ministro de Sanidad y de Trabajo. Tras oponerse al\u00a0golpe de Estado\u00a0que llev\u00f3 a cabo\u00a0Paul Eug\u00e8ne Magloire\u00a0se ve obligado a esconderse y a pasar a la clandestinidad hasta que se proclama una amnist\u00eda en\u00a01956. <\/p>\n\n\n\n<h3 class=\"wp-block-heading\">Primera victoria electoral<\/h3>\n\n\n\n<p>En\u00a01957\u00a0las circunstancias cambian, se promulga una nueva Constituci\u00f3n y Fran\u00e7ois Duvalier, apoyado por sectores del mundo castrense, triunfa en las elecciones, convirti\u00e9ndose en\u00a0Presidente de Hait\u00ed\u00a0para un per\u00edodo de 6 a\u00f1os. Llev\u00f3 a cabo una campa\u00f1a electoral de tipo\u00a0populista, preconizando una estrategia de afirmaci\u00f3n de la\u00a0negritud, en la que apelaba a la mayor\u00eda afrohaitiana y que se opon\u00eda a la \u00e9lite\u00a0mulata\u00a0que estaba en el poder. Duvalier renov\u00f3 la tradici\u00f3n del\u00a0vud\u00fa\u00a0y posteriormente lo us\u00f3 para consolidar su poder, afirmando que \u00e9l mismo era un\u00a0<em>hougan<\/em>\u00a0(es decir, un sacerdote vud\u00fa). Duvalier imit\u00f3 de modo deliberado la imagen del\u00a0Bar\u00f3n Samedi\u00a0(deidad de la muerte y los cementerios en el pante\u00f3n vud\u00fa) en un intento de resultar a\u00fan m\u00e1s convincente. Usaba frecuentemente gafas de sol y hablaba con un fuerte tono nasal.<\/p>\n\n\n\n<h3 class=\"wp-block-heading\">Acuerdos con Rafael Trujillo<\/h3>\n\n\n\n<p>El\u00a022 de diciembre\u00a0de\u00a01958\u00a0entre las localidades\u00a0Jiman\u00ed\u00a0y\u00a0Mal Pase, Duvalier y su hom\u00f3logo en la vecina\u00a0Rep\u00fablica Dominicana,\u00a0Rafael Trujillo, firmaron un acuerdo de mutua protecci\u00f3n. El acuerdo establec\u00eda entre otras cosas que ninguno de los dos gobiernos permitir\u00eda en sus respectivos territorios actividades subversivas en su contra, ni que los exiliados pol\u00edticos realizaran propaganda sistem\u00e1tica incitando al empleo de la violencia en contra de sus Estados.<\/p>\n\n\n\n<h3 class=\"wp-block-heading\">Conflicto con Rep\u00fablica Dominicana<\/h3>\n\n\n\n<p>El\u00a019 de abril\u00a0de\u00a01963\u00a0se descubre en Hait\u00ed una conjura militar contra Fran\u00e7ois Duvalier, encabezada por el teniente\u00a0Fran\u00e7ois Benoit. En el acto fallido fue asesinado el sargento Paulin Montrouis, ch\u00f3fer de los hijos de Duvalier, el cabo Morille Mirville, el sargento Luc Azor, y un miembro del Voluntariado de la Seguridad Nacional (los\u00a0<em>Tontons-Macoutes<\/em>), Richemond Poteau. Sus hijos resultaron ilesos, pero Duvalier reaccion\u00f3 violentamente. La Polic\u00eda haitiana fue en busca de\u00a0Francois Benoit, principal sospechoso del atentado. Los Tontons-Macoutes entraron a su residencia y al no encontrar a Benoit, asesinaron a su padre, Joseph Benoit, un anciano juez, a su madre, a un visitante y a las tres empleadas dom\u00e9sticas.<\/p>\n\n\n\n<p>Al sospechar los Tontons-Macoutes que Benoit estaba escondido en la embajada dominicana, penetran en la instalaci\u00f3n diplom\u00e1tica rodeando la casa del embajador y exigiendo la entrega del militar. El suceso termin\u00f3 cuando el entonces presidente dominicano\u00a0Juan Bosch\u00a0amenaz\u00f3 con emprender acciones militares contra\u00a0Hait\u00ed.<\/p>\n\n\n\n<p>En una alocuci\u00f3n por radio y televisi\u00f3n, el presidente Bosch afirm\u00f3:<\/p>\n\n\n\n<p><em>El pueblo dominicano sabe ya que la embajada y la canciller\u00eda de nuestro pa\u00eds han sido violadas por la Polic\u00eda haitiana. Esa acci\u00f3n es una bofetada en la cara de la Rep\u00fablica Dominicana, una afrenta que nosotros no estamos dispuestos a pasar por alto. Hemos sufrido con gran paciencia los ultrajes del Gobierno haitiano, pero esos ultrajes tienen que terminar ya de manera terminante. Si no terminan en un plazo de 24 horas le pondremos punto final con los medios que se hallan en nuestro alcance.<\/em><a href=\"https:\/\/es.wikipedia.org\/wiki\/Juan_Bosch\">Juan Bosch<\/a>,\u00a0presidente de la Rep\u00fablica Dominicana\u00a0(1963)<\/p>\n\n\n\n<p>Al d\u00eda siguiente el Ej\u00e9rcito dominicano moviliz\u00f3 a las tropas hacia la frontera con\u00a0Hait\u00ed\u00a0y parte de la artiller\u00eda pesada de sus Fuerzas Armadas fue enviada por v\u00eda mar\u00edtima hasta el puerto de\u00a0Barahona, pr\u00f3ximo a la frontera.<\/p>\n\n\n\n<p>Luego de acusaciones y contra-acusaciones, el Consejo de Seguridad de la ONU conden\u00f3 la actitud de\u00a0Hait\u00ed\u00a0con 16 votos y 2 abstenciones. Una comisi\u00f3n lleg\u00f3 a\u00a0Puerto Pr\u00edncipe\u00a0para investigar la situaci\u00f3n y el Gobierno haitiano se comprometi\u00f3 a respetar las garant\u00edas diplom\u00e1ticas.<\/p>\n\n\n\n<h3 class=\"wp-block-heading\">Afianzamiento en el poder<\/h3>\n\n\n\n<p>Duvalier trabaj\u00f3 para consolidar su posici\u00f3n pol\u00edtica; tras sobrevivir a un atentado contra su vida en\u00a01958\u00a0depur\u00f3 el Ej\u00e9rcito para deshacerse de elementos que le pudieran ser hostiles.<\/p>\n\n\n\n<p>Su mandato pas\u00f3 a ser mucho m\u00e1s brutal y represivo. En\u00a01959, inspirado por los\u00a0camisas negras\u00a0del\u00a0fascismo\u00a0italiano, cre\u00f3 una milicia que se conoci\u00f3 como Voluntarios de la Seguridad Nacional (VSN) para proteger su poder fuera de\u00a0Puerto Pr\u00edncipe. Los miembros de la VSN pasaron a ser conocidos posteriormente como los\u00a0<em>Tontons-Macoutes<\/em>, y se convirtieron en las tropas de choque del gobierno. Dado que estas milicias no recib\u00edan remuneraci\u00f3n alguna, ellos mismos inventaban sus propios medios de financiaci\u00f3n a trav\u00e9s del crimen y la extorsi\u00f3n. Para proteger su propia integridad, Duvalier utilizaba la Guardia Presidencial haitiana.<\/p>\n\n\n\n<h3 class=\"wp-block-heading\">Proclamaci\u00f3n como presidente vitalicio<\/h3>\n\n\n\n<p>Las presiones internacionales contra Fran\u00e7ois Duvalier se hicieron m\u00e1s fuertes durante la presidencia de\u00a0John Fitzgerald Kennedy\u00a0en\u00a0Estados Unidos, debido a la evidente apropiaci\u00f3n de las ayudas internacionales recibidas por\u00a0Hait\u00ed. Esta ayuda se suspendi\u00f3 oficialmente en\u00a01962, pero tras la muerte del presidente Kennedy (que Duvalier achacaba a una maldici\u00f3n que \u00e9l mismo hab\u00eda lanzado) la tensi\u00f3n se afloj\u00f3 bastante. La administraci\u00f3n estadounidense opin\u00f3 que era necesaria la presencia de un gobierno claramente anticomunista como era el de\u00a0Hait\u00ed\u00a0para contrarrestar la creciente influencia de\u00a0Cuba\u00a0en los pa\u00edses y colonias del\u00a0Caribe.<\/p>\n\n\n\n<p>A mediados de la\u00a0d\u00e9cada de 1960\u00a0estaba bastante claro que Duvalier no ten\u00eda ninguna intenci\u00f3n de dejar el poder. Modific\u00f3 personalmente la Constituci\u00f3n y en\u00a01961 volvi\u00f3 a resultar elegido en las\u00a0elecciones\u00a0por seis a\u00f1os m\u00e1s: el escrutinio oficial se\u00f1al\u00f3 1.320.000 votos a favor de Duvalier y ni uno solo en contra. Se autoproclam\u00f3 presidente vitalicio en\u00a01964\u00a0con poderes absolutos, haciendo votar una nueva\u00a0Constituci\u00f3n\u00a0en una Asamblea Nacional compuesta por diputados que \u00e9l mismo nombraba a dedo. Un mes despu\u00e9s, en\u00a0junio\u00a0de\u00a01964,\u00a0fue refrendado\u00a0por el pueblo como Presidente vitalicio con derecho a sucesi\u00f3n.<\/p>\n\n\n\n<p>En\u00a01966\u00a0consigui\u00f3 que la\u00a0Ciudad del Vaticano\u00a0le permitiera elegir a los miembros de la jerarqu\u00eda cat\u00f3lica en\u00a0Hait\u00ed. Debido a ello pudo reforzar tambi\u00e9n su control de la isla, al controlar tambi\u00e9n las instituciones religiosas.<\/p>\n\n\n\n<p>En esa \u00e9poca se inici\u00f3 tambi\u00e9n el\u00a0culto a la personalidad\u00a0alrededor de la imagen de Duvalier como emblema f\u00edsico de su propia naci\u00f3n. Como ya hab\u00eda sucedido con alguno de sus predecesores, se sospecha que Duvalier trat\u00f3 de restaurar el\u00a0Imperio de Hait\u00ed\u00a0restableciendo la\u00a0monarqu\u00eda. Tambi\u00e9n cre\u00f3 un impuesto obligatorio espec\u00edfico para financiar la construcci\u00f3n de\u00a0Duvalierville, una ciudad dise\u00f1ada por capricho \u00fanico del dictador. El dinero de este impuesto s\u00f3lo iba destinado a la construcci\u00f3n de dicha ciudad, yendo a parar en su mayor parte a las cuentas corrientes de Duvalier.<\/p>\n\n\n\n<h3 class=\"wp-block-heading\">El reinado del terror<\/h3>\n\n\n\n<p>En su pa\u00eds, Duvalier utiliz\u00f3 tanto el asesinato como la expulsi\u00f3n para eliminar a sus adversarios pol\u00edticos. Se calcula que fueron m\u00e1s de 30.000 las personas asesinadas. Los ataques llevados a cabo contra Duvalier por algunos militares fueron reprimidos con una especial dureza: en\u00a01967, la explosi\u00f3n de algunas bombas en las cercan\u00edas del\u00a0Palacio Nacional\u00a0acarre\u00f3 la ejecuci\u00f3n de veinte oficiales de la\u00a0<em>Guardia Presidencial<\/em>. En esta ocasi\u00f3n, los barcos de la Marina bombardearon durante casi todo el d\u00eda el Palacio Nacional. Eran barcos viejos, tres en total que, armados con ca\u00f1ones obsoletos, hicieron su mejor esfuerzo por sublevarse y derrocar a Duvalier. En el transcurso de dicho d\u00eda la \u00fanica oposici\u00f3n que hubo de parte de las fuerzas leales a Duvalier fue el intento de repeler a los marinos sublevados con el \u00fanico avi\u00f3n de la Fuerza A\u00e9rea, un P-51 reliquia de la\u00a0Segunda Guerra Mundial. El avi\u00f3n al filo del mediod\u00eda intent\u00f3 ametrallar a uno de los barcos fallando todas las r\u00e1fagas de ametralladora disparadas. Las trazadoras hicieron impacto \u00fanicamente en el mar azul profundo de la bah\u00eda. La refriega entre barcos y el P-51 dur\u00f3 unos cuantos segundos. Acto seguido el avi\u00f3n aterriz\u00f3 y no volvi\u00f3 a despegar m\u00e1s, por lo que es probable que hubiese recibido alg\u00fan da\u00f1o. Al filo del atardecer los barcos tomaron rumbo a\u00a0Cuba\u00a0llegando a\u00a0Guant\u00e1namo, donde recibieron asilo. En tierra quedaron docenas de marinos que por una u otra raz\u00f3n no pudieron abordar. Sus casas fueron saqueadas y luego quemadas. Aquellos que corrieron con mejor suerte lograron refugiarse en las embajadas.\u00a0Guatemala\u00a0recibi\u00f3, a trav\u00e9s de su embajada en\u00a0Puerto Pr\u00edncipe, a la familia de uno de los capitanes que particip\u00f3 en el ataque. Aquellas familias que no lograron huir en los barcos y que no pudieron obtener asilo en alguna embajada sufrieron las represalias del Gobierno. El reinado del terror de Duvalier mantuvo el pa\u00eds bajo su control directo hasta su muerte en\u00a01971, producida debido a las complicaciones derivadas de la\u00a0diabetes mellitus\u00a0que sufr\u00eda.<sup><a href=\"https:\/\/es.wikipedia.org\/wiki\/Fran%C3%A7ois_Duvalier#cite_note-1\">1<\/a><\/sup><\/p>\n\n\n\n<p>Fran\u00e7ois Duvalier fue glorificado por sus seguidores casi como una divinidad y a su muerte, seg\u00fan su voluntad y la Constituci\u00f3n que \u00e9l mismo hab\u00eda dise\u00f1ado, le sucedi\u00f3 su hijo,\u00a0Jean-Claude Duvalier,\u00a0<em>Baby Doc<\/em>, que pas\u00f3 tambi\u00e9n a ser presidente vitalicio contando solo con 19 a\u00f1os de edad. A la muerte de Fran\u00e7ois Duvalier,\u00a0Hait\u00ed\u00a0era el pa\u00eds m\u00e1s pobre de\u00a0Am\u00e9rica, ocupaba el primer puesto en\u00a0analfabetismo\u00a0y la\u00a0salud p\u00fablica\u00a0estaba en un estado desastroso.<\/p>\n\n\n\n<p>Al ser derrocado su hijo en\u00a01986, tras 15 a\u00f1os de presidencia, el cuerpo de Fran\u00e7ois Duvalier fue desenterrado y apaleado ritualmente.<\/p>\n\n\n\n<table class=\"wp-block-table\"><tbody><tr><td>Predecesor:<br><strong>Antonio Thrasybule Kebreau<\/strong><\/td><td><strong>Presidentes de Hait\u00ed<\/strong><br>1957-1971<\/td><td>Sucesor:<br><strong>Jean-Claude Duvalier<\/strong><\/td><\/tr><\/tbody><\/table>\n\n\n\n<h3 class=\"wp-block-heading\">Referencias<\/h3>\n\n\n\n<ol class=\"wp-block-list\"><li><a href=\"https:\/\/es.wikipedia.org\/wiki\/Fran%C3%A7ois_Duvalier#cite_ref-1\">\u2191<\/a>\u00a0\u00abThe Death and Legacy of Papa Doc Duvalier\u00bb.\u00a0Time. 17 de enero de 2011. Consultado el 10 de noviembre de 2017.<\/li><li><a href=\"https:\/\/es.wikipedia.org\/wiki\/Fran%C3%A7ois_Duvalier#cite_ref-2\">\u2191<\/a>\u00a0\u00abJean-Claude Duvalier Fast Facts\u00bb.\u00a0CNN. 30 de abril de 2017. Consultado el 10 de noviembre de 2017.<\/li><\/ol>\n","protected":false},"excerpt":{"rendered":"<p>Fran\u00e7ois Duvalier (1907-1971) Fue un m\u00e9dico y\u00a0pol\u00edtico haitiano, presidente constitucional de su pa\u00eds a partir de\u00a01957\u00a0y posteriormente, desde\u00a01964\u00a0y hasta su muerte en\u00a01971,\u00a0dictador\u00a0de\u00a0Hait\u00ed\u00a0en calidad de\u00a0presidente\u00a0vitalicio. Fue sucedido por su hijo\u00a0Jean-Claude Duvalier. Biograf\u00eda Duvalier naci\u00f3 en\u00a0Puerto Pr\u00edncipe, la capital de\u00a0Hait\u00ed, en el seno de una familia humilde de\u00a0agricultores\u00a0originarios de la isla de\u00a0Martinica. A pesar de ello, consigui\u00f3 [&hellip;]<\/p>\n","protected":false},"author":1,"featured_media":30386,"comment_status":"open","ping_status":"open","sticky":false,"template":"","format":"standard","meta":{"footnotes":""},"categories":[14,12],"tags":[],"class_list":["post-30385","post","type-post","status-publish","format-standard","has-post-thumbnail","hentry","category-internacionales","category-politica-3"],"_links":{"self":[{"href":"https:\/\/debateplural.net\/site\/wp-json\/wp\/v2\/posts\/30385"}],"collection":[{"href":"https:\/\/debateplural.net\/site\/wp-json\/wp\/v2\/posts"}],"about":[{"href":"https:\/\/debateplural.net\/site\/wp-json\/wp\/v2\/types\/post"}],"author":[{"embeddable":true,"href":"https:\/\/debateplural.net\/site\/wp-json\/wp\/v2\/users\/1"}],"replies":[{"embeddable":true,"href":"https:\/\/debateplural.net\/site\/wp-json\/wp\/v2\/comments?post=30385"}],"version-history":[{"count":1,"href":"https:\/\/debateplural.net\/site\/wp-json\/wp\/v2\/posts\/30385\/revisions"}],"predecessor-version":[{"id":30387,"href":"https:\/\/debateplural.net\/site\/wp-json\/wp\/v2\/posts\/30385\/revisions\/30387"}],"wp:featuredmedia":[{"embeddable":true,"href":"https:\/\/debateplural.net\/site\/wp-json\/wp\/v2\/media\/30386"}],"wp:attachment":[{"href":"https:\/\/debateplural.net\/site\/wp-json\/wp\/v2\/media?parent=30385"}],"wp:term":[{"taxonomy":"category","embeddable":true,"href":"https:\/\/debateplural.net\/site\/wp-json\/wp\/v2\/categories?post=30385"},{"taxonomy":"post_tag","embeddable":true,"href":"https:\/\/debateplural.net\/site\/wp-json\/wp\/v2\/tags?post=30385"}],"curies":[{"name":"wp","href":"https:\/\/api.w.org\/{rel}","templated":true}]}}