{"id":30402,"date":"2019-01-21T14:18:05","date_gmt":"2019-01-21T18:18:05","guid":{"rendered":"http:\/\/debateplural.com\/?p=30402"},"modified":"2019-01-21T17:29:09","modified_gmt":"2019-01-21T21:29:09","slug":"la-primera-flor","status":"publish","type":"post","link":"https:\/\/debateplural.net\/site\/2019\/01\/21\/la-primera-flor\/","title":{"rendered":"La primera flor"},"content":{"rendered":"\n<p>Marcio Veloz Maggiolo (Listin, 11-1-19)<\/p>\n\n\n\n<p>He pensado que muchas de las cosas que me rodean pueden tener el significado de una primera flor.<\/p>\n\n\n\n<p>Esperando el final de la noche del 31 de diciembre, en una de las fases de mi conocido romanticismo, pens\u00e9 en el homenaje que deber\u00eda recibir la primera flor del a\u00f1o.<\/p>\n\n\n\n<p>Pens\u00e9 en la misma, como la misteriosa continuidad de la vida contenida en sus pistilos y p\u00e9talos, pero tambi\u00e9n en los proyectos perdidos del a\u00f1o que pasaba y en todo lo que habiendo sido primera flor del a\u00f1o, se hab\u00eda apagado, dejando un rastro de luz, como s\u00edmbolo de frustraci\u00f3n.<\/p>\n\n\n\n<p>Pas\u00e9 revista al futuro y quise ir al almendro sembrado por Norma, frente al peque\u00f1o jard\u00edn de nuestra casa, y v\u00ed que el mismo florec\u00eda multitudinariamente, mostrando su apego a la continuaci\u00f3n de la vida, y que no solo era una primera flor la que perpetuaba su apego a las verdades del coraz\u00f3n, y me dije: \u201cNo es solo ni lo ser\u00e1, la primera flor del a\u00f1o. Es m\u00e1s que eso\u201d.<\/p>\n\n\n\n<p>Me di cuenta de que cada a\u00f1o viene poblado, a\u00fan despu\u00e9s de la muerte, de lo m\u00e1s querido, de flores nuevas y simult\u00e1neas. Comprend\u00ed que el futuro es la medici\u00f3n de un tiempo cargado de promesas, y que viajar en \u00e9l, era seguir dictados incomprensibles. Pero v\u00ed entonces c\u00f3mo el almendro florido, cargado de frutos latentes, podr\u00eda darme la respuesta.<\/p>\n\n\n\n<p>La vida florece desde el primer d\u00eda, a pesar de nosotros. Est\u00e1 hecha para ser flor. Nos ofrece frutos que en ocasiones rechazamos y cuyo origen desconocemos. Nos convida a la comprensi\u00f3n con ejemplos permanentes, y por ello tambi\u00e9n, nos florece en el alma cuando la aceptamos, observ\u00e1ndola como una compa\u00f1era llamada \u201cnaturaleza\u201d, ejemplo de la transformaci\u00f3n de la flor en su fruto. Entonces, ante la respuesta multitudinaria de flores en el almendro, decid\u00ed dar mi voto simb\u00f3lico a la flor m\u00e1s cercana a mis manos. Tenerla por un momento en casa, en el viejo florero de la abuela, como una visitante transitoria, ejemplo, tal vez, de la vieja tradici\u00f3n de la visita de santos de un hogar a otro. Y al tratar de tomarla desprendi\u00e9ndola de su ramaje, pens\u00e9 en el pasado transformado en presente, que hab\u00eda en su imaginario aliento de flor, y en vez de separarla de su tallo, me inclin\u00e9 dificultosamente, y le d\u00ed el beso que \u201cella\u201d, mi otra flor, debi\u00f3 sentir en su distancia, como si la designada como primera flor del a\u00f1o transmitiera el fruto de mi amor, tambi\u00e9n homenaje del \u00e1rbol que una vez sembr\u00f3 con su voz y sus manos, el que tambi\u00e9n la recordaba, y&nbsp; sufr\u00eda&nbsp; d\u00eda a d\u00eda, su ausencia y su distancia.<\/p>\n","protected":false},"excerpt":{"rendered":"<p>Marcio Veloz Maggiolo (Listin, 11-1-19) He pensado que muchas de las cosas que me rodean pueden tener el significado de una primera flor. Esperando el final de la noche del 31 de diciembre, en una de las fases de mi conocido romanticismo, pens\u00e9 en el homenaje que deber\u00eda recibir la primera flor del a\u00f1o. Pens\u00e9 [&hellip;]<\/p>\n","protected":false},"author":1,"featured_media":30403,"comment_status":"open","ping_status":"open","sticky":false,"template":"","format":"standard","meta":{"footnotes":""},"categories":[18,5],"tags":[],"class_list":["post-30402","post","type-post","status-publish","format-standard","has-post-thumbnail","hentry","category-cultura","category-nacionales"],"_links":{"self":[{"href":"https:\/\/debateplural.net\/site\/wp-json\/wp\/v2\/posts\/30402"}],"collection":[{"href":"https:\/\/debateplural.net\/site\/wp-json\/wp\/v2\/posts"}],"about":[{"href":"https:\/\/debateplural.net\/site\/wp-json\/wp\/v2\/types\/post"}],"author":[{"embeddable":true,"href":"https:\/\/debateplural.net\/site\/wp-json\/wp\/v2\/users\/1"}],"replies":[{"embeddable":true,"href":"https:\/\/debateplural.net\/site\/wp-json\/wp\/v2\/comments?post=30402"}],"version-history":[{"count":1,"href":"https:\/\/debateplural.net\/site\/wp-json\/wp\/v2\/posts\/30402\/revisions"}],"predecessor-version":[{"id":30405,"href":"https:\/\/debateplural.net\/site\/wp-json\/wp\/v2\/posts\/30402\/revisions\/30405"}],"wp:featuredmedia":[{"embeddable":true,"href":"https:\/\/debateplural.net\/site\/wp-json\/wp\/v2\/media\/30403"}],"wp:attachment":[{"href":"https:\/\/debateplural.net\/site\/wp-json\/wp\/v2\/media?parent=30402"}],"wp:term":[{"taxonomy":"category","embeddable":true,"href":"https:\/\/debateplural.net\/site\/wp-json\/wp\/v2\/categories?post=30402"},{"taxonomy":"post_tag","embeddable":true,"href":"https:\/\/debateplural.net\/site\/wp-json\/wp\/v2\/tags?post=30402"}],"curies":[{"name":"wp","href":"https:\/\/api.w.org\/{rel}","templated":true}]}}