{"id":30679,"date":"2019-02-01T12:49:07","date_gmt":"2019-02-01T16:49:07","guid":{"rendered":"http:\/\/debateplural.com\/?p=30679"},"modified":"2019-02-01T12:49:11","modified_gmt":"2019-02-01T16:49:11","slug":"venezuela-guerra-retransmitida","status":"publish","type":"post","link":"https:\/\/debateplural.net\/site\/2019\/02\/01\/venezuela-guerra-retransmitida\/","title":{"rendered":"Venezuela, \u00bfguerra retransmitida?"},"content":{"rendered":"\n<p>Ram\u00f3n Reig (Sinpermiso, 1-2-19)<\/p>\n\n\n\n<p>La Cadena Ser anda metiendo publicidad para que a trav\u00e9s de ella sigamos paso a paso los acontecimientos de Venezuela. Hasta una enviada especial tenemos. La verdad es que la cadena de radio se est\u00e1 comportando un poco mejor que antes, se ha enterado de que hay dos bandos en liza en lugar de uno contra un supuesto tirano sanguinario a cuyos seguidores no hay que darles la palabra. Ahora se la dan pero sin pasarse, hay que defender m\u00e1s a los te\u00f3ricos dem\u00f3cratas.<\/p>\n\n\n\n<p>Radio Nacional de Espa\u00f1a (RNE) interrumpi\u00f3 sus emisiones en Radio 5 para ofrecernos en directo el otro d\u00eda la intervenci\u00f3n de Juan Guaid\u00f3 en una manifestaci\u00f3n callejera, algo que agradezco a este medio de comunicaci\u00f3n pero \u2013que yo sepa y ojal\u00e1 me equivoque- no hizo lo mismo con la del canciller venezolano, Jorge Arreaza, en el consejo de seguridad de la ONU donde gan\u00f3 una votaci\u00f3n de apoyo a la no injerencia en asuntos internos venezolanos. RNE prefiere una noticia callejera a una de la instituci\u00f3n que nos dimos los humanos para no matarnos. Yo escuch\u00e9 ambos discursos, \u00edntegramente, gracias a la Red, pero creo que la radio p\u00fablica que pago s\u00f3lo quiso que escuchara uno, el del se\u00f1or al que apoya la UE y EEUU. No es la radio del rigor ni de la ONU, es la radio del converso, inseguro e indigno Pedro S\u00e1nchez, del PP, Ciudadanos, Vox, de la UE y de EEUU, de todos menos del periodismo porque el periodismo es equilibrio, an\u00e1lisis profundo y no propaganda pol\u00edtica. Pobre periodismo, \u00bfqu\u00e9 le digo yo a mis alumnos, futuros periodistas?, \u00bf\u00e9sta va a ser su profesi\u00f3n? No me extra\u00f1a que se acaben deprimiendo con tanta visi\u00f3n propia de una pel\u00edcula del Oeste, los indios malos y los cowboys y el s\u00e9ptimo de caballer\u00eda que traen el progreso con el ferrocarril.<\/p>\n\n\n\n<p>Tanto despliegue medi\u00e1tico de los voceros del mercado me inquieta a m\u00ed, que busco el di\u00e1logo entre venezolanos y basta que diga esto para que me tachen de que estoy a favor de Maduro, incluso de cobarde, como hacen \u00faltimamente algunos valientes pol\u00edticos, defensores de la democracia. L\u00e1stima que no la defiendan en todas partes, empezando por EEUU. Yo estoy a favor de que vayamos echando seriedad y dejemos de ser esclavos de las riquezas que hemos creado y de la cultura hegem\u00f3nica que le da lecciones a todo el mundo sobre qu\u00e9 es bueno y qu\u00e9 es malo pero lecciones a aplicar en unos lugares y no en otros, no son malas las lecciones sino la puesta en pr\u00e1ctica de ese \u201csistema educativo\u201d.<\/p>\n\n\n\n<p>Pepa Bueno es una de esas profesionales que, desde la Ser, ponen a parir a Donald Trump un d\u00eda s\u00ed y otro tambi\u00e9n. Lleva mucho tiempo con este discurso, lo cree oportuno y est\u00e1 en su derecho, si se lo permite su medio de comunicaci\u00f3n, en manos de bancos y fondos de inversi\u00f3n e incluso en manos de capital catar\u00ed, un pa\u00eds al que se le acusa de apoyar el terrorismo isl\u00e1mico, una autocracia m\u00e1s de los emiratos \u00e1rabes, all\u00ed no hay manifestaciones de Guaid\u00f3 apoyadas por EEUU, UE, etc. Pero tambi\u00e9n Pepa le da le\u00f1a a Maduro porque la mujer va de proba cual alcohol de botica. De pronto se encuentra con que tiene que endi\u00f1arle palos a Maduro \u2013como es la costumbre- pero entonces se da cuenta de que est\u00e1 coloc\u00e1ndose del lado de Trump y de Vox y del PP. \u00a1Ostras! \u00bfQu\u00e9 hacer? Pues le doy mandobles a los dos o a todos y as\u00ed me hago la objetiva. Por tanto, s\u00ed pero no, no pero s\u00ed, con lo cual nos dice algo: en el fondo, estoy con Trump, no me gusta el Trump machista pero el que va contra Maduro, s\u00ed. O sea, a primera vista, nada, pero, sustancialmente, como Trump y sus partidarios pero al menos al PP, Vox y Ciudadanos se les agradece su claridad porque ya s\u00e9 a qu\u00e9 atenerme pero, \u00bfy a estos que tambi\u00e9n son de derechas pero juegan al centro izquierda?<\/p>\n\n\n\n<p>Voy m\u00e1s lejos, \u00bfy a Podemos que ya no puede ni con sus calzones y no s\u00f3lo no puede nada sino que no sabe nada ni es nada?, \u00bfy al ni\u00f1o Garz\u00f3n que ha matado lo poco que quedaba de un partido comunista tan decisivo en la transici\u00f3n pol\u00edtica? Estos son peores a\u00fan, incapaces de organizar una gran manifestaci\u00f3n en contra de la posible guerra civil en un pa\u00eds de nuestra sangre, somos los idiotas que tiramos piedras contra el tejado de nuestra propia obra hist\u00f3rica en lugar de plantarnos frente a los luteranos, hugonotes y anglicanos de Europa porque una cosa es ser europeo y otra no aprovechar lo que hicimos en el pasado, tanta gente \u2013conquistadores y conquistados- que muri\u00f3 en aquella conquista y colonizaci\u00f3n de Am\u00e9rica, le hemos dado todo el continente a unos sanguinarios y, ante nuestra impotencia, nos unimos a ellos porque tenemos miedo de que nos acusen de ser pro-chavistas.<\/p>\n\n\n\n<p>La Corona espa\u00f1ola guarda silencio, se re\u00fane en esas cumbres paternalistas hispanoamericanas que ya no significan nada porque el rey espa\u00f1ol no intenta ni siquiera mediar, el Papa se ha ofrecido, me equivoqu\u00e9 en parte, se ha pringado, y el rey de Espa\u00f1a no, a pesar de ser cat\u00f3lico, al menos yo no me he enterado, tan s\u00f3lo sigue ah\u00ed aquella frase: \u201cPor qu\u00e9 no te callas\u201d. Pobre Hispanoam\u00e9rica, Iberoam\u00e9rica, Latinoam\u00e9rica, \u00bfen manos de qui\u00e9nes la hemos dejado? \u00bfEsto es patriotismo?, \u00bfesto es Hispanidad moderna, sin paternalismos? \u00bfCu\u00e1l es exactamente nuestra personalidad como pa\u00eds desde 1898 hasta hoy? \u00bfPedirles visados a los ecuatorianos? \u00bfDejar de ser puente entre Europa y Am\u00e9rica? \u00bfRendirnos ante la colonizaci\u00f3n USA de nuestras investigaciones en ciencias sociales y humanidades en lugar de ser punta de lanza del mundo latino de habla hispana?<\/p>\n\n\n\n<p>Leo en la Red: Venezuela tiene las reservas de petr\u00f3leo m\u00e1s grandes del planeta, treinta veces superior a las de Arabia Saudita. Es la segunda reserva de gas m\u00e1s grande del mundo, el segundo pa\u00eds con las reservas de agua dulce mayores del planeta, en 2016 se revel\u00f3 el hallazgo de lo que podr\u00eda ser una enorme reserva de oro, acaso tambi\u00e9n la mayor que atesore un pa\u00eds, y tiene una inmensa riqueza adicional y clave: el colt\u00e1n, lo que necesitamos para el desarrollo de nuestras tecnolog\u00edas presentes y futuras. Podr\u00edamos ayudarnos mutuamente, colaborar en la explotaci\u00f3n de estas reservas como pa\u00edses hermanos y siempre teniendo en cuenta que son de Venezuela, \u00bfpara eso es necesario eliminar a Maduro?, \u00bfhace falta una guerra que se extender\u00e1 a m\u00e1s lugares y que puede terminar como Oriente Medio? \u00bfPreferimos la doctrina Monroe a una propia, latina?, \u00bflos grandes empresarios espa\u00f1oles quieren eso? \u00bfLes trae cuenta? Me gustar\u00eda saber por qu\u00e9 puede traerles cuenta, estoy harto de que los medios me cuenten pamplinas superficiales.<\/p>\n\n\n\n<p>\u00bfAcaso se apuntan a lo que se deriva de las siguientes preguntas?: \u00bfqu\u00e9 son unos miles o millones de muertos que la Historia olvidar\u00e1, comparados con este manjar tan exquisito?, \u00bfqui\u00e9n recuerda ya los montones de cad\u00e1veres que supusieron guerras, como las del opio en China, impulsadas por Inglaterra?, \u00bfo qu\u00e9 narices nos importan los actuales muertos de Oriente Medio si pensamos controlar tarde o temprano todos sus recursos gracias a los cuales podremos seguir comprando tonter\u00edas en tiendas que exponen el m\u00e1s amplio abanico de ingeniosas idioteces in\u00fatiles? Eso s\u00ed, cuando los supervivientes vengan a nuestras costas diremos: pobrecitos, todos para dentro que son v\u00edctimas de guerras, \u00bfimpulsadas por qui\u00e9n con la complicidad de qui\u00e9n?<\/p>\n\n\n\n<p>Repito: me inquieta este despliegue de los medios, la mayor\u00eda de los cuales \u2013empezando por la Ser, del grupo Prisa- est\u00e1n controlados por gente encabronada con un chavismo que les arrebat\u00f3 privilegios en Venezuela. Incluso me recuerda a la CNN cuando aparec\u00eda por Irak y todos los dem\u00e1s medios iban tras ella porque si llegaba la CNN es porque faltaba poco para que arribaran los bombarderos norteamericanos a implantar la paz y la democracia. La paz de los cementerios que la CNN \u2013con informaci\u00f3n privilegiada- iba a retransmitir a su modo, el modo del Pent\u00e1gono.<\/p>\n\n\n\n<p>Mis nietos y biznietos no se acordar\u00e1n de todo aquello y de todo esto, tal vez ni lo vean con detenimiento en la escuela o la universidad, si es que lo ven, \u00bfpor qu\u00e9 no hacer lo mismo con Venezuela? El progreso precisa muertos, para que lo bueno avance se necesitan sacrificios. Lo peor es que ahora \u2013siglo XXI- la mayor\u00eda de los muertos no fallecen en campos de combate sino en sus casas, son v\u00edctimas inocentes de todas las edades, sexo y condici\u00f3n, sus asesinos son, en efecto, unos cobardes. Sin embargo, eso no lo retransmitir\u00e1n. Si ahora EEUU y la UE se permiten saltarse a la ONU y estimular una guerra en Venezuela, supongo que no veremos extra\u00f1o que en el futuro haga lo mismo Rusia en Ucrania o donde le d\u00e9 la gana. O cualquier pa\u00eds donde estime conveniente. La guerra es la guerra, nunca nos hemos librado de ella los humanos pero de nuevo acudo al derecho al pataleo. Se supone que somos los civilizados\u2026<\/p>\n","protected":false},"excerpt":{"rendered":"<p>Ram\u00f3n Reig (Sinpermiso, 1-2-19) La Cadena Ser anda metiendo publicidad para que a trav\u00e9s de ella sigamos paso a paso los acontecimientos de Venezuela. Hasta una enviada especial tenemos. La verdad es que la cadena de radio se est\u00e1 comportando un poco mejor que antes, se ha enterado de que hay dos bandos en liza [&hellip;]<\/p>\n","protected":false},"author":1,"featured_media":29108,"comment_status":"open","ping_status":"open","sticky":false,"template":"","format":"standard","meta":{"footnotes":""},"categories":[14,12],"tags":[],"class_list":["post-30679","post","type-post","status-publish","format-standard","has-post-thumbnail","hentry","category-internacionales","category-politica-3"],"_links":{"self":[{"href":"https:\/\/debateplural.net\/site\/wp-json\/wp\/v2\/posts\/30679"}],"collection":[{"href":"https:\/\/debateplural.net\/site\/wp-json\/wp\/v2\/posts"}],"about":[{"href":"https:\/\/debateplural.net\/site\/wp-json\/wp\/v2\/types\/post"}],"author":[{"embeddable":true,"href":"https:\/\/debateplural.net\/site\/wp-json\/wp\/v2\/users\/1"}],"replies":[{"embeddable":true,"href":"https:\/\/debateplural.net\/site\/wp-json\/wp\/v2\/comments?post=30679"}],"version-history":[{"count":1,"href":"https:\/\/debateplural.net\/site\/wp-json\/wp\/v2\/posts\/30679\/revisions"}],"predecessor-version":[{"id":30680,"href":"https:\/\/debateplural.net\/site\/wp-json\/wp\/v2\/posts\/30679\/revisions\/30680"}],"wp:featuredmedia":[{"embeddable":true,"href":"https:\/\/debateplural.net\/site\/wp-json\/wp\/v2\/media\/29108"}],"wp:attachment":[{"href":"https:\/\/debateplural.net\/site\/wp-json\/wp\/v2\/media?parent=30679"}],"wp:term":[{"taxonomy":"category","embeddable":true,"href":"https:\/\/debateplural.net\/site\/wp-json\/wp\/v2\/categories?post=30679"},{"taxonomy":"post_tag","embeddable":true,"href":"https:\/\/debateplural.net\/site\/wp-json\/wp\/v2\/tags?post=30679"}],"curies":[{"name":"wp","href":"https:\/\/api.w.org\/{rel}","templated":true}]}}