{"id":30719,"date":"2019-02-04T11:50:41","date_gmt":"2019-02-04T15:50:41","guid":{"rendered":"http:\/\/debateplural.com\/?p=30719"},"modified":"2019-02-04T12:15:17","modified_gmt":"2019-02-04T16:15:17","slug":"como-israelies-hacemos-un-llamado-al-mundo-para-que-intervenga-en-nombre-de-los-palestinos","status":"publish","type":"post","link":"https:\/\/debateplural.net\/site\/2019\/02\/04\/como-israelies-hacemos-un-llamado-al-mundo-para-que-intervenga-en-nombre-de-los-palestinos\/","title":{"rendered":"Como israel\u00edes, hacemos un llamado al mundo para que intervenga en nombre de los palestinos"},"content":{"rendered":"\n<p>Ilana Hammerman y David Harel (The Guardian, 4-2-19)<\/p>\n\n\n\n<p>EL Estado de Israel se enfrenta a una situaci\u00f3n catastr\u00f3fica, que podr\u00eda, alarmantemente pronto, provocar un derramamiento de sangre. Es hora de que la comunidad internacional act\u00fae con decisi\u00f3n. La presi\u00f3n externa sustantiva (pol\u00edtica, econ\u00f3mica y cultural) ofrece la \u00fanica posibilidad de salir de esta situaci\u00f3n imposible antes de que sea demasiado tarde. No al&nbsp;estilo gran boicot&nbsp;al pa\u00eds como el BDS, sino diversos actos de presi\u00f3n cuidadosamente elaborados.<\/p>\n\n\n\n<p>Representamos a un grupo de intelectuales y figuras culturales centrales de la sociedad israel\u00ed, varios de los cuales son reconocidos mundialmente en sus campos. Somos ciudadanos israel\u00edes patriotas que amamos a nuestro pa\u00eds y que contribuimos incansablemente a la ciencia y la cultura israel\u00edes, y al mundo en general. Tenemos la intenci\u00f3n de quedarnos aqu\u00ed y seguir contribuyendo, pero estamos horrorizados por la situaci\u00f3n y tememos profundamente por nuestras vidas, por las vidas de nuestros hijos y por las vidas de los 13 millones de jud\u00edos y \u00e1rabes que viven aqu\u00ed y no tienen otra patria.<\/p>\n\n\n\n<p>No se tome a la ligera la decisi\u00f3n de dirigir nuestra s\u00faplica al mundo exterior, lo hacemos con el coraz\u00f3n apesadumbrado. La presi\u00f3n que creemos necesaria debe provenir de los gobiernos y los parlamentos, por supuesto, pero tambi\u00e9n de la sociedad civil, los individuos y las instituciones. Desde 1967, ni un solo Gobierno israel\u00ed ha detenido la expansi\u00f3n de las colonias en la ocupada Cisjordania. Adem\u00e1s en los \u00faltimos a\u00f1os la pol\u00edtica ideol\u00f3gica oficial y abiertamente declarada del Gobierno israel\u00ed electo dice que esta tierra, desde el Mediterr\u00e1neo hasta el r\u00edo Jord\u00e1n, pertenece en su totalidad al pueblo jud\u00edo, dondequiera que se encuentre.<\/p>\n\n\n\n<p>En el esp\u00edritu de esta ideolog\u00eda, los procesos que implican la opresi\u00f3n, expulsi\u00f3n y limpieza \u00e9tnica de los palestinos que viven en Cisjordania se est\u00e1n ampliando y profundizando. Esto tambi\u00e9n incluye Jerusal\u00e9n, que fue anexada por Israel en 1967, y cuyos l\u00edmites se extienden casi desde Bel\u00e9n en el sur hasta Ramallah en el norte. Los tribunales israel\u00edes est\u00e1n en el proceso de legitimar&nbsp;la destrucci\u00f3n de aldeas enteras&nbsp;y la Knesset est\u00e1 aprobando nuevas leyes que disminuyen constantemente la capacidad de los tribunales para opinar. Otros&nbsp;legitiman la expropiaci\u00f3n adicional de tierras privadas palestinas&nbsp;en favor de los asentamientos construidos sobre ellas. Estos actos de expropiaci\u00f3n unilateral violan aquellas partes del derecho internacional que protegen a los civiles de los territorios ocupados y algunos incluso violan la ley israel\u00ed.<\/p>\n\n\n\n<p>Durante a\u00f1os la comunidad internacional ha estado hablando de una soluci\u00f3n basada en estados israel\u00edes y palestinos separados que coexistan en paz y seguridad. Pero la actual pol\u00edtica israel\u00ed hace esto imposible. Durante los 51 a\u00f1os de gobierno militar en Cisjordania,&nbsp;Israel&nbsp;ha tomado grandes cantidades de tierra y ha colocado a unos 600.000 ciudadanos israel\u00edes en cientos de colonias. Les proporciona carreteras, agua y electricidad, ha construido y financiado sus instituciones de salud, educaci\u00f3n y cultura, y les ha otorgado los mismos derechos civiles y pol\u00edticos de los ciudadanos que residen en su territorio soberano.&nbsp;<\/p>\n\n\n\n<p>En contraste, Israel est\u00e1 restringiendo el espacio vital de los residentes palestinos, que no disfrutan de derechos civiles o pol\u00edticos. Con la ayuda de leyes, regulaciones especiales y \u00f3rdenes militares, los excluye de las \u00e1reas que ha asignado a sus ciudadanos y para sus actividades de entrenamiento militar. Delinea y luego expropia sus tierras privadas y p\u00fablicas sobre&nbsp;la base de las normas que establece para el beneficio exclusivo de sus propios ciudadanos. Confina sus aldeas rode\u00e1ndolas de cercas y barreras, destruye casas y se niega a permitir que se expandan; impone castigos colectivos, detiene a miles de hombres, mujeres y menores de edad, los juzga en un sistema judicial militar y los encarcela en su territorio soberano.<\/p>\n\n\n\n<p>Dado que todas estas acciones se llevan a cabo en violaci\u00f3n del derecho internacional, la situaci\u00f3n resultante ya no es solo un problema interno israel\u00ed. Las instituciones de la comunidad internacional han tomado muchas decisiones destinadas a frenar estas acciones, pero ninguna ha sido acompa\u00f1ada de mecanismos de cumplimiento real.<\/p>\n\n\n\n<p>De manera que una realidad destructiva, violenta y explosiva se est\u00e1 convirtiendo en la norma en estas \u00e1reas. Nosotros, ubicados en medio de esta realidad, creemos que la comunidad internacional debe ayudar, ya que solo ella es responsable de hacer cumplir los tratados y las decisiones de sus instituciones, y dado que en las circunstancias actuales nadie m\u00e1s puede hacerlo.<\/p>\n\n\n\n<p>Nunca han sido estos temas tan claros y urgentes como hoy: si no se establece la paz en esta parte del mundo muy pronto, un \u00e1rea que se ha convertido en una bomba de tiempo de tensiones nacionales y religiosas, no habr\u00e1 futuro ni vida para nosotros o los palestinos.<\/p>\n","protected":false},"excerpt":{"rendered":"<p>Ilana Hammerman y David Harel (The Guardian, 4-2-19) EL Estado de Israel se enfrenta a una situaci\u00f3n catastr\u00f3fica, que podr\u00eda, alarmantemente pronto, provocar un derramamiento de sangre. Es hora de que la comunidad internacional act\u00fae con decisi\u00f3n. La presi\u00f3n externa sustantiva (pol\u00edtica, econ\u00f3mica y cultural) ofrece la \u00fanica posibilidad de salir de esta situaci\u00f3n imposible [&hellip;]<\/p>\n","protected":false},"author":1,"featured_media":25528,"comment_status":"open","ping_status":"open","sticky":false,"template":"","format":"standard","meta":{"footnotes":""},"categories":[14,12],"tags":[],"class_list":["post-30719","post","type-post","status-publish","format-standard","has-post-thumbnail","hentry","category-internacionales","category-politica-3"],"_links":{"self":[{"href":"https:\/\/debateplural.net\/site\/wp-json\/wp\/v2\/posts\/30719"}],"collection":[{"href":"https:\/\/debateplural.net\/site\/wp-json\/wp\/v2\/posts"}],"about":[{"href":"https:\/\/debateplural.net\/site\/wp-json\/wp\/v2\/types\/post"}],"author":[{"embeddable":true,"href":"https:\/\/debateplural.net\/site\/wp-json\/wp\/v2\/users\/1"}],"replies":[{"embeddable":true,"href":"https:\/\/debateplural.net\/site\/wp-json\/wp\/v2\/comments?post=30719"}],"version-history":[{"count":2,"href":"https:\/\/debateplural.net\/site\/wp-json\/wp\/v2\/posts\/30719\/revisions"}],"predecessor-version":[{"id":30723,"href":"https:\/\/debateplural.net\/site\/wp-json\/wp\/v2\/posts\/30719\/revisions\/30723"}],"wp:featuredmedia":[{"embeddable":true,"href":"https:\/\/debateplural.net\/site\/wp-json\/wp\/v2\/media\/25528"}],"wp:attachment":[{"href":"https:\/\/debateplural.net\/site\/wp-json\/wp\/v2\/media?parent=30719"}],"wp:term":[{"taxonomy":"category","embeddable":true,"href":"https:\/\/debateplural.net\/site\/wp-json\/wp\/v2\/categories?post=30719"},{"taxonomy":"post_tag","embeddable":true,"href":"https:\/\/debateplural.net\/site\/wp-json\/wp\/v2\/tags?post=30719"}],"curies":[{"name":"wp","href":"https:\/\/api.w.org\/{rel}","templated":true}]}}