{"id":31018,"date":"2019-02-14T17:33:58","date_gmt":"2019-02-14T21:33:58","guid":{"rendered":"http:\/\/debateplural.com\/?p=31018"},"modified":"2019-02-15T11:56:41","modified_gmt":"2019-02-15T15:56:41","slug":"venezuela-el-cartel-de-lima-en-ottawa-democracia-canadiense-y-trabajadores","status":"publish","type":"post","link":"https:\/\/debateplural.net\/site\/2019\/02\/14\/venezuela-el-cartel-de-lima-en-ottawa-democracia-canadiense-y-trabajadores\/","title":{"rendered":"Venezuela: el cartel de Lima en Ottawa, democracia canadiense y trabajadores"},"content":{"rendered":"\n<p>Arnold August (Kaosenlared, 10-2-19)<\/p>\n\n\n\n<p> El 30 de enero de 2019 el Congreso del Trabajo de Canad\u00e1 (<em>Canadian Labour Congress<\/em>, CLC) declar\u00f3: \u201cEl CLC, en representaci\u00f3n de m\u00e1s de 3 millones de trabajadores canadienses, hace un llamado al gobierno de Canad\u00e1 para propiciar el di\u00e1logo en b\u00fasqueda de una soluci\u00f3n pac\u00edfica a la crisis venezolana. <\/p>\n\n\n\n<p>\u201cCanad\u00e1 se encuentra entre aquellos pa\u00edses, incluyendo a Estados Unidos y Brasil, que respaldaron a Juan Guaid\u00f3, l\u00edder de la oposici\u00f3n venezolana y Presidente de la Asamblea Nacional, quien la semana pasada se autoproclam\u00f3 presidente interino de Venezuela. Canad\u00e1 tambi\u00e9n censur\u00f3 a Nicol\u00e1s Maduro como Presidente y el a\u00f1o pasado declar\u00f3 fraudulentas e ileg\u00edtimas las elecciones en Venezuela.<\/p>\n\n\n\n<p>\u201cEl CLC est\u00e1 alarmado por la escalada de la injerencia en el proceso democr\u00e1tico de una naci\u00f3n soberana, incluyendo la posibilidad de una intervenci\u00f3n militar. El CLC rechaza enf\u00e1ticamente una soluci\u00f3n militar a esta crisis. Los pueblos de Am\u00e9rica Latina no han olvidado la brutal historia de los reg\u00edmenes militares en la regi\u00f3n\u201d.<\/p>\n\n\n\n<p>Por otra parte, el 27 de enero, el Sindicato Canadiense de Empleados P\u00fablicos (CUPE), en nombre de sus 380 mil trabajadores public\u00f3 una declaraci\u00f3n en que se lee: \u201cEl 23 de enero, Juan Guaid\u00f3, l\u00edder de la oposici\u00f3n venezolana y presidente de su Asamblea Nacional, se autoproclam\u00f3 presidente nacional interino de Venezuela.<\/p>\n\n\n\n<p>\u201cEl gobierno canadiense fue uno de los primeros gobiernos en el mundo en declarar su apoyo a Juan Guaid\u00f3. Al hacerlo, opt\u00f3 por ponerse del lado del l\u00edder autoproclamado, por encima del Presidente Nicol\u00e1s Maduro, debidamente elegido por el pueblo de Venezuela. De esta manera el gobierno canadiense ha optado igualmente por alinearse con Donald Trump y la pol\u00edtica exterior de Estados Unidos. <\/p>\n\n\n\n<p>\u201cEl Sindicato Canadiense de Empleados P\u00fablicos (<em>Canadian Union of Public Employees<\/em>, CUPE) rechaza cualquier intento del gobierno canadiense de interferir en los procesos democr\u00e1ticos y en la soberan\u00eda del pueblo venezolano. Dada la historia intervencionista de Estados Unidos en la regi\u00f3n, las acciones de Guaid\u00f3 contienen todos los signos de un golpe de Estado. Alertamos al Primer Ministro Justin Trudeau evitar jugar cualquier papel en el cambio de r\u00e9gimen en otro pa\u00eds.<\/p>\n\n\n\n<p>\u201cEl pueblo de Venezuela tiene el derecho de determinar su futuro pol\u00edtico y econ\u00f3mico\u201d.<\/p>\n\n\n\n<p>Asimismo, el 7 de febrero, en nombre de 52 mil trabajadores, el Sindicato Canadiense de Trabajadores de Correos (<em>Canadian Union of Postal Workers<\/em>, CUPW) emiti\u00f3 la siguiente declaraci\u00f3n: \u201cEl CUPW condena el apoyo dado por el gobierno de Canad\u00e1 a Estados Unidos para respaldar el golpe de Estado en Venezuela.<\/p>\n\n\n\n<p>\u201cEl CUPW condena la decisi\u00f3n del gobierno de Canad\u00e1 de reconocer al l\u00edder de la oposici\u00f3n venezolana, Juan Guaid\u00f3, como presidente leg\u00edtimo de Venezuela, sobre el presidente electo Nicol\u00e1s Maduro.<\/p>\n\n\n\n<p>\u201cEs muy preocupante que el gobierno canadiense haya decidido apoyar este golpe respaldado por Estados Unidos, lo que constituye una violaci\u00f3n directa al derecho internacional. Siguiendo la agenda de Estados Unidos en Venezuela, el gobierno de Canad\u00e1 se alinea con los reg\u00edmenes de extrema derecha del Grupo de Lima y con Donald Trump que, a semejanza de los \u00faltimos gobiernos de Estados Unidos, han intervenido y desestabilizado a gobiernos elegidos democr\u00e1ticamente en Am\u00e9rica y otras partes del mundo. Esto es inaceptable.<\/p>\n\n\n\n<p>\u201cLos venezolanos crearon su Constituci\u00f3n bolivariana desde las bases y han celebrado varias elecciones democr\u00e1ticas. Son capaces de gobernar su pa\u00eds sin interferencias ni hostigamiento por parte de Estados Unidos y sus aliados, incluyendo a Canad\u00e1.<\/p>\n\n\n\n<p>\u201cActualmente Venezuela enfrenta dificultades econ\u00f3micas, muchas de ellas como resultado de las sanciones impuestas por Estados Unidos, que buscan provocar un cambio de gobierno.\u201d<\/p>\n\n\n\n<p>Mientras escrib\u00eda las \u00faltimas palabras de este art\u00edculo, otros sindicatos de Canad\u00e1 asum\u00edan una posici\u00f3n similar a la de CCL, CUPE y CUPW, movimiento que debe ser alentado. <\/p>\n\n\n\n<p>En la declaraci\u00f3n de la reuni\u00f3n del cartel de Lima&nbsp;en Ottawa, Canad\u00e1, del pasado 4 de febrero de 2019, entre otros puntos, leemos que \u201cExige el inmediato restablecimiento de la democracia en Venezuela\u201d, por esa raz\u00f3n le pregunto al gobierno de Trudeau y a los restantes que firmaron la Declaraci\u00f3n de Ottawa: \u00bfd\u00f3nde est\u00e1 la democracia en Canad\u00e1, por qu\u00e9 se habla en nombre del pueblo canadiense sin reconocer el papel y las opiniones de millones de trabajadores canadienses?<\/p>\n\n\n\n<p>\u00bfC\u00f3mo se atreven gobiernos como el de Colombia a dar una lecci\u00f3n de democracia a Venezuela, cuando es el m\u00e1s grande violador de derechos humanos en Latinoam\u00e9rica, un pa\u00eds donde en 2018 asesinaron a \u201c<a href=\"https:\/\/www.rcnradio.com\/bogota\/este-ano-han-asesinado-un-sindicalista-cada-cuatro-dias-en-colombia\">un sindicalista cada 4 d\u00edas<\/a>\u201d y a&nbsp;<em>3 mil 127&nbsp;sindicalistas en la historia de la CUT (Central Unitaria de Trabajadores);&nbsp;<\/em>donde han asesinado a&nbsp;<a href=\"https:\/\/www.facebook.com\/WRadioCo\/posts\/2414747215226038\">566 l\u00edderes sociales y defensores de derechos humanos de 2016 hasta el 10 de enero del 2019<\/a>? \u00bfC\u00f3mo se atreve el gobierno de Colombia a interferir en los asuntos internos de Canad\u00e1 para dar credibilidad al gobierno canadiense como defensor de la democracia?<\/p>\n\n\n\n<p>El gobierno canadiense habla de \u201cdemocracia\u201d para Venezuela pero no reconoce la posici\u00f3n de millones de trabajadores sindicalizados y miles de militantes de movimientos sociales y pol\u00edticos en Canad\u00e1 y otros pa\u00edses, en contra de la pol\u00edtica intervencionista de Trump hacia Venezuela, y en apoyo al derecho de este pa\u00eds a su soberan\u00eda y libre determinaci\u00f3n.<\/p>\n\n\n\n<p>Despu\u00e9s de pasar dos d\u00edas en Caracas, el 3 y 4 de febrero, donde particip\u00e9 en un encuentro semiprivado con el Presidente&nbsp;Nicol\u00e1s Maduro, mi impresi\u00f3n es que la situaci\u00f3n all\u00ed es la opuesta a la presentada en los medios corporativos internacionales de Estados Unidos, Canad\u00e1 y otros pa\u00edses de Occidente. Hay calma, no hay gente muriendo de hambre,&nbsp;no hay violencia. No quiere decir que no haya una crisis econ\u00f3mica, pero \u00e9sta es causada principalmente por las devastadoras sanciones econ\u00f3micas y las amenazas que Estados Unidos ha impuesto a Venezuela durante los \u00faltimos a\u00f1os, las cuales comenzaron bajo la administraci\u00f3n de Barack Obama, en marzo de 2015, y han continuado con Trump y otros.<\/p>\n\n\n\n<p>Aunque no era la primera vez que escuchaba a Maduro, su charla del 4 Febrero en esa reuni\u00f3n con venezolanos e invitados extranjeros constituy\u00f3 un argumento decisivo. Entre otros puntos, describi\u00f3 en detalles c\u00f3mo \u00e9l y otros l\u00edderes (a quienes tambi\u00e9n conoc\u00ed brevemente en esa ocasi\u00f3n) han estado trabajando y a\u00fan siguen haci\u00e9ndolo para organizar e inspirar \u2014y a su vez inspirarse\u2014 las secciones de las fuerzas armadas en todo el pa\u00eds, desde los pilotos, pasando por la marina y el ej\u00e9rcito, hasta la milicia popular. Se\u00f1al\u00f3 que esta uni\u00f3n c\u00edvico-militar se ha venido desarrollando en el pa\u00eds durante varias d\u00e9cadas.<\/p>\n\n\n\n<p>Si bien&nbsp;Maduro&nbsp;declar\u00f3 en ese discurso que su Gobierno est\u00e1 dispuesto a participar en cualquier esfuerzo de mediaci\u00f3n, tambi\u00e9n hizo evidente que Venezuela est\u00e1 dispuesta a defender su pa\u00eds: \u201cNi un soldado yanqui entrar\u00e1 a Venezuela\u201d, afirm\u00f3. <\/p>\n\n\n\n<p>Eso es perfectamente comprensible, dado que la posici\u00f3n de la Uni\u00f3n Europea (EU) equivale a un ultim\u00e1tum a un pa\u00eds soberano que&nbsp;<strong>YA<\/strong>&nbsp;hab\u00eda llevado a cabo elecciones presidenciales. La injerencia de la UE coincide con la postura del Grupo de Lima y Canad\u00e1.<\/p>\n\n\n\n<p>Todos ellos hablan hip\u00f3critamente de una \u201ctransici\u00f3n pac\u00edfica\u201d, pero est\u00e1n presionando a favor de una confrontaci\u00f3n y de la injerencia extranjera, incluyendo la opci\u00f3n militar e imponiendo condiciones inaceptables para Venezuela.<\/p>\n\n\n\n<p>La amenaza de la intervenci\u00f3n militar encabezada por Estados Unidos es m\u00e1s real que nunca. Ante ese contexto la postura es: No a la intervenci\u00f3n militar en Venezuela y, en el peor escenario, apoyo total al derecho de Venezuela a defenderse.<\/p>\n\n\n\n<p>(*) Periodista y conferencista canadiense. Ha publicado libros como&nbsp;<em>Democracy in Cuba and the 1997-98 Elections<\/em>. Editorial Jos\u00e9 Mart\u00ed, La Habana, 1999;&nbsp;<em>Cuba y sus vecinos: democracia en movimiento.<\/em>&nbsp;Editorial Ciencias Sociales, La Habana, 2014; y&nbsp;<em>Relaciones Cuba\u2013EE.UU. \u00bfQu\u00e9 ha cambiado? Editorial Oriente<\/em>, 2018.<\/p>\n","protected":false},"excerpt":{"rendered":"<p>Arnold August (Kaosenlared, 10-2-19) El 30 de enero de 2019 el Congreso del Trabajo de Canad\u00e1 (Canadian Labour Congress, CLC) declar\u00f3: \u201cEl CLC, en representaci\u00f3n de m\u00e1s de 3 millones de trabajadores canadienses, hace un llamado al gobierno de Canad\u00e1 para propiciar el di\u00e1logo en b\u00fasqueda de una soluci\u00f3n pac\u00edfica a la crisis venezolana. \u201cCanad\u00e1 [&hellip;]<\/p>\n","protected":false},"author":1,"featured_media":31019,"comment_status":"open","ping_status":"open","sticky":false,"template":"","format":"standard","meta":{"footnotes":""},"categories":[],"tags":[],"class_list":["post-31018","post","type-post","status-publish","format-standard","has-post-thumbnail","hentry"],"_links":{"self":[{"href":"https:\/\/debateplural.net\/site\/wp-json\/wp\/v2\/posts\/31018"}],"collection":[{"href":"https:\/\/debateplural.net\/site\/wp-json\/wp\/v2\/posts"}],"about":[{"href":"https:\/\/debateplural.net\/site\/wp-json\/wp\/v2\/types\/post"}],"author":[{"embeddable":true,"href":"https:\/\/debateplural.net\/site\/wp-json\/wp\/v2\/users\/1"}],"replies":[{"embeddable":true,"href":"https:\/\/debateplural.net\/site\/wp-json\/wp\/v2\/comments?post=31018"}],"version-history":[{"count":2,"href":"https:\/\/debateplural.net\/site\/wp-json\/wp\/v2\/posts\/31018\/revisions"}],"predecessor-version":[{"id":31021,"href":"https:\/\/debateplural.net\/site\/wp-json\/wp\/v2\/posts\/31018\/revisions\/31021"}],"wp:featuredmedia":[{"embeddable":true,"href":"https:\/\/debateplural.net\/site\/wp-json\/wp\/v2\/media\/31019"}],"wp:attachment":[{"href":"https:\/\/debateplural.net\/site\/wp-json\/wp\/v2\/media?parent=31018"}],"wp:term":[{"taxonomy":"category","embeddable":true,"href":"https:\/\/debateplural.net\/site\/wp-json\/wp\/v2\/categories?post=31018"},{"taxonomy":"post_tag","embeddable":true,"href":"https:\/\/debateplural.net\/site\/wp-json\/wp\/v2\/tags?post=31018"}],"curies":[{"name":"wp","href":"https:\/\/api.w.org\/{rel}","templated":true}]}}