{"id":31062,"date":"2019-02-16T12:20:41","date_gmt":"2019-02-16T16:20:41","guid":{"rendered":"http:\/\/debateplural.com\/?p=31062"},"modified":"2019-02-16T12:21:01","modified_gmt":"2019-02-16T16:21:01","slug":"in-memoriam-de-lipe-collado-41","status":"publish","type":"post","link":"https:\/\/debateplural.net\/site\/2019\/02\/16\/in-memoriam-de-lipe-collado-41\/","title":{"rendered":"In memoriam de Lipe Collado (41)"},"content":{"rendered":"\n<h3 class=\"wp-block-heading\" style=\"text-align:center\">Catadura intuitiva del sanjuanero Danilo Medina<\/h3>\n\n\n\n<p>Lipe Collado (Hoy, 14-3-14) <\/p>\n\n\n\n<p>Decenas de miles \u2013entre centenares de miles- de los que votamos para presidente por Danilo Medina, y otras decenas de miles de los que votaron para Presidente por el gurabe\u00f1o Hip\u00f3lito Mej\u00eda, o simplemente contra el primero, fuimos de pensamiento corto al no asumir con la inteligencia necesaria que salvo el siempre mal recordado Joaqu\u00edn Balaguer, Medina hab\u00eda sido el \u00fanico pol\u00edtico con amplia experiencia de mando ejecutivo de Estado que ser\u00eda presidente por primera vez.<\/p>\n\n\n\n<p>Medina fue Presidente de la C\u00e1mara de Diputados por varios per\u00edodos y co-presidente de la Rep\u00fablica \u2013 un Presidente sombra- en los dos primeros per\u00edodos de gobierno del Presidente Leonel Fern\u00e1ndez, hasta que renunci\u00f3 de Secretario de Estado de la Presidencia, abandon\u00f3 el Palacio Presidencial y se fue en procura de una candidatura partidaria a la que apabull\u00f3 el liderazgo carism\u00e1tico, los \u00e9xitos de gobierno y los naturales recursos materiales disponibles de Fern\u00e1ndez, que el derrotado sintetiz\u00f3 en una frase que desgajaba s\u00f3lo uno de los factores: \u201cEl Estado me derrot\u00f3\u201d.<\/p>\n\n\n\n<p>Este pol\u00edtico Medina era el \u00fanico ducho de unos 15 a\u00f1os en asuntos de Estado, y sobre todo un s\u00faper ducho de m\u00e1s de 8 a\u00f1os en el d\u00eda a d\u00eda de la ejecuci\u00f3n presidencial palaciega, pero su estilo acarism\u00e1tico y sus m\u00e1s que torpes consignas de Continuar lo que Est\u00e1 Bien, Corregir lo que est\u00e1 mal y Hacer Lo que Nunca se ha Hecho, \u2013pesadas, oscuras, anticonsignas\u2026- como que nos llevaron a pensar que har\u00eda un gobierno que en el mejor de los casos ser\u00eda mediocremente favorable.<\/p>\n\n\n\n<p>Aparte de que tuviera las garras afiladas de un liderazgo estructural intra partidario de larga data, y fuera favorecido por los naturales y tambi\u00e9n los suspicaces errores de Hip\u00f3lito Mej\u00eda, hubo que montarlo \u201ca caballito\u201d.&nbsp; Casi derrengadas, bestias de la pol\u00edtica lo llevaron y sentaron en la silla presidencial.<\/p>\n\n\n\n<p>Muy a pesar de la experiencia anal\u00edtica \u2013pertenecemos a una escuela del pensamiento cr\u00edtico de los a\u00f1os de finales de los sesenta y de todos de los setenta- nos equivocamos de medio a medio al inferir por deducci\u00f3n l\u00f3gica un previsible mal gobierno debido a las faltas de condiciones a ojos vistas y la ausencia de adornos carism\u00e1ticos de Medina.<\/p>\n\n\n\n<p>Entronc\u00f3 su aprendizaje ejecutivo en la presidencia de la C\u00e1mara de Diputados con su Presidencia de la Rep\u00fablica sombra de s\u00facubo del Presidente Fern\u00e1ndez y probablemente fue cuando se convenci\u00f3 de que \u201clas cosas de Palacio caminan despacio\u201d\u2026 por la burocracia o por las conveniencias.<\/p>\n\n\n\n<p>Aunque lambones que lo adversaron como que se lo aplauden, a m\u00ed no acaba de convencerme su estilo de espacios de dudas fermentadas en las dualidades que cambian en la direcci\u00f3n de un nuevo viento, a menos de que \u00e9l me de pistas de que trabaja con los recetarios de los famosos brujos de la provincia l\u00edder del ocultismo dominicano, su natal San Juan de la Maguana, la tierra de mi apellido Collado.<\/p>\n\n\n\n<p>Tal vez no lo est\u00e9n ayudando los brujos sanjuaneros sino su desarrollado ser \u00edntimo intuitivo, su Demiurgo personal y pol\u00edtico, que le ha venido a bien hasta cuando el tiro le ha salido por la culata. Como que se hace el \u201camemao\u201d en los asuntos s\u00f3rdidos. Vacila. Duda. Como que consulta a su Demiurgo por demasiado tiempo. A su ser \u00edntimo, el que compensa sus carencias. El Demiurgo que lo hace aparecer \u201cdin\u00e1mico, pero no nervioso\u201d, \u201cfirme, pero no terco\u201d.<\/p>\n\n\n\n<p>Danilo mira para arriba y mira para abajo, mira a su izquierda y mira a su derecha, y mira a sus espaldas y despu\u00e9s mira a su parte frontal antes de decidirse\u2026 y de repente resuelve -sin resolver enteramente- aquello que columpi\u00f3 a la dominicana.<\/p>\n\n\n\n<p>Todav\u00eda le da vueltas con un cuchar\u00f3n de palo de los brujos sanjuaneros al caldo del sancocho prieto de sus siete carnes pol\u00edticas: reglamento de regularizaci\u00f3n de extranjeros, reforma del c\u00f3digo laboral, impuesto a las placas de veh\u00edculos de motor, aumento del pago de los peajes, Loma Miranda, el caos del tr\u00e1nsito vehicular\u2026 y sus perspectivas de reelecci\u00f3n.<\/p>\n\n\n\n<p>El tipo como que va despacio, \u201camemado\u201d, carente de convencimiento \u00edntimo\u2026 Como que est\u00e1 esperando a su Chapul\u00edn Colorado, su ahora enmudecido Demiurgo.<\/p>\n\n\n\n<p>\u00bfHacia d\u00f3nde lo llevaran esos caminos y estilos?<\/p>\n","protected":false},"excerpt":{"rendered":"<p>Catadura intuitiva del sanjuanero Danilo Medina Lipe Collado (Hoy, 14-3-14) Decenas de miles \u2013entre centenares de miles- de los que votamos para presidente por Danilo Medina, y otras decenas de miles de los que votaron para Presidente por el gurabe\u00f1o Hip\u00f3lito Mej\u00eda, o simplemente contra el primero, fuimos de pensamiento corto al no asumir con [&hellip;]<\/p>\n","protected":false},"author":1,"featured_media":30367,"comment_status":"open","ping_status":"open","sticky":false,"template":"","format":"standard","meta":{"footnotes":""},"categories":[5,12],"tags":[],"class_list":["post-31062","post","type-post","status-publish","format-standard","has-post-thumbnail","hentry","category-nacionales","category-politica-3"],"_links":{"self":[{"href":"https:\/\/debateplural.net\/site\/wp-json\/wp\/v2\/posts\/31062"}],"collection":[{"href":"https:\/\/debateplural.net\/site\/wp-json\/wp\/v2\/posts"}],"about":[{"href":"https:\/\/debateplural.net\/site\/wp-json\/wp\/v2\/types\/post"}],"author":[{"embeddable":true,"href":"https:\/\/debateplural.net\/site\/wp-json\/wp\/v2\/users\/1"}],"replies":[{"embeddable":true,"href":"https:\/\/debateplural.net\/site\/wp-json\/wp\/v2\/comments?post=31062"}],"version-history":[{"count":1,"href":"https:\/\/debateplural.net\/site\/wp-json\/wp\/v2\/posts\/31062\/revisions"}],"predecessor-version":[{"id":31063,"href":"https:\/\/debateplural.net\/site\/wp-json\/wp\/v2\/posts\/31062\/revisions\/31063"}],"wp:featuredmedia":[{"embeddable":true,"href":"https:\/\/debateplural.net\/site\/wp-json\/wp\/v2\/media\/30367"}],"wp:attachment":[{"href":"https:\/\/debateplural.net\/site\/wp-json\/wp\/v2\/media?parent=31062"}],"wp:term":[{"taxonomy":"category","embeddable":true,"href":"https:\/\/debateplural.net\/site\/wp-json\/wp\/v2\/categories?post=31062"},{"taxonomy":"post_tag","embeddable":true,"href":"https:\/\/debateplural.net\/site\/wp-json\/wp\/v2\/tags?post=31062"}],"curies":[{"name":"wp","href":"https:\/\/api.w.org\/{rel}","templated":true}]}}