{"id":31066,"date":"2019-02-16T12:23:48","date_gmt":"2019-02-16T16:23:48","guid":{"rendered":"http:\/\/debateplural.com\/?p=31066"},"modified":"2019-02-16T12:23:51","modified_gmt":"2019-02-16T16:23:51","slug":"aportes-concretos-de-los-gobiernos-de-brasil-y-argentina-a-los-planes-belicos-contra-venezuela","status":"publish","type":"post","link":"https:\/\/debateplural.net\/site\/2019\/02\/16\/aportes-concretos-de-los-gobiernos-de-brasil-y-argentina-a-los-planes-belicos-contra-venezuela\/","title":{"rendered":"Aportes concretos de los gobiernos de Brasil y Argentina a los planes b\u00e9licos contra Venezuela"},"content":{"rendered":"\n<p>Carlos Aznarez (Cubadebate, 15-2-19) <\/p>\n\n\n\n<p> Un militar brasile\u00f1o ocupar\u00e1 por primera vez en la historia un puesto de relevancia en la estructura de mando del Comando Sur y por ende de las Fuerzas Armadas de Estados Unidos. Esta es una se\u00f1al muy clara del tipo de relaciones que el presidente Jair Bolsonaro desea mantener con Donald Trump, pero tambi\u00e9n advierten sobre c\u00f3mo EE.UU, sigue armando el tejido que seg\u00fan sus c\u00e1lculos terminar\u00e1 con la intervenci\u00f3n \"por las buenas o por las malas\" (seg\u00fan palabras del senador Marco Rubio) en Venezuela. A esto se suma el gobierno argentino poniendo en marcha una estructura que apunta a la \"reconstrucci\u00f3n\" (sic) del pa\u00eds caribe\u00f1o. <\/p>\n\n\n\n<p>Vamos por partes. A partir de la reciente visita realizada a Brasil por el jefe del Comando Sur, almirante Craig Faller, y de su reuni\u00f3n con jefes militares y con el canciller brasile\u00f1o Ernesto Ara\u00fajo, se determin\u00f3 que un jefe militar de ese pa\u00eds se integre al Comando Sur. Antes, Faller recorri\u00f3 varias instalaciones militares y puso especial atenci\u00f3n en la base naval de Itagu\u00ed, donde actualmente se est\u00e1 construyendo un submarino a propulsi\u00f3n nuclear. Tambi\u00e9n, como no pod\u00eda ser de otra manera, el visitante se mostr\u00f3 interesado en qu\u00e9 tipo de construcciones militares existen en la zona amaz\u00f3nica.<\/p>\n\n\n\n<p>El hecho de que un general brasile\u00f1o ocupe un puesto en el subcomando dedicado a militares extranjeros no es algo menor, teniendo en cuenta las diferencias que los uniformados de este pa\u00eds mantuvieron en el pasado con las posiciones de EE.UU en cuanto a la Amazonia, a la que Washington no considera un territorio de Brasil sino de \u00edndole internacional. De hecho, vale recordar &nbsp;que ciertos manuales de estudio y libros de geograf\u00eda que utilizan secundarios y universitarios estadounidenses muestran el mapa de Brasil y Per\u00fa sin el Amazonas y el Pantanal. El argumento utilizado en los dos casos es que son \u00e1reas de \"res communis humanitatis\", es decir pretenden que esta zona sea cosa com\u00fan de la humanidad en forma similar a lo que sucede con el espacio ultraterrestre.<\/p>\n\n\n\n<p>Tampoco es desconocido que durante el gobierno de Lula da Silva (hoy encarcelado injustamente) se replicaron estas posiciones injerencistas, y algunos jefes militares declararon que \"jam\u00e1s Brasil negociar\u00e1 un territorio que le pertenece\", manifestando una clara posici\u00f3n soberanista.<\/p>\n\n\n\n<p>Pero ahora se viven \"tiempos de Bolsonaro\", que de esta manera y con la ayuda de un grupo de militares ligados a posiciones atlantistas y favorables a privatizar el pa\u00eds en el menor plazo posible, arrollan cualquier atisbo de nacionalismo brasile\u00f1o y encolumnan a la fuerza en el marco de la conducci\u00f3n estrat\u00e9gica made in USA.<\/p>\n\n\n\n<p>Pero hay algo m\u00e1s grave a\u00fan. En lo que hace al continente, la medida apunta a la gran ofensiva que Trump y sobre todo el Comando Sur vienen llevando con respecto a apurar la intervenci\u00f3n directa en Venezuela. Faller sugiri\u00f3 en conversaciones con el canciller Ara\u00fajo (el mismo que considera a Bolsonaro el \"gran salvador de Occidente\") que \"el caso de Venezuela es n\u00famero uno en los planes a corto plazo del accionar del Comando Sur\". Este mismo concepto fue repetido en el di\u00e1logo que el jefe militar abord\u00f3 con sus colegas brasile\u00f1os, con quienes coincidi\u00f3 en que primero hay que resolver lo de la \"ayuda humanitaria\", para luego \"encarar los cambios que ese pa\u00eds necesita imperiosamente\".<\/p>\n\n\n\n<p>Dentro de esta misma doctrina, el almirante Faller hab\u00eda declarado que \"la verdadera fortaleza de este hemisferio son la larga historia de asociaciones que compartimos. He estado en Colombia, donde tenemos socios maravillosos, muy dispuestos. Tenemos muy buenas iniciativas en la dimensi\u00f3n de militares a militares y es por eso que en Brasil, buscamos desarrollar esa asociaci\u00f3n y fortalecerla a\u00fan m\u00e1s\". Es all\u00ed precisamente que Bolsonaro da un paso al frente y se suma con todo dando luz verde a atar a las Fuerzas Armadas brasile\u00f1as al carro del guerrero imperial, lo mismo que ya est\u00e1 haciendo con sus amigos israel\u00edes.<\/p>\n\n\n\n<p>Por otra parte, esta decisi\u00f3n que lleva a que un militar brasile\u00f1o con mando de tropas se sume a los planes del Comando Sur habla a las claras de un cambio profundo en la visi\u00f3n geopol\u00edtica que Estados Unidos quiere implantar en el continente. No se trata solo de sumar aliados, sino en prepararlos para guerras que ellos imaginan como \"necesarias\" en sus mentes enfermas. Esto es lo que ya ha ocurrido en las invasiones llevadas a cabo en Medio Oriente a trav\u00e9s de la OTAN, donde les exigen a sus aliados que se comprometan \"hasta mancharse\". En algunos casos tercerizando la parte m\u00e1s sucia de las actividades injerencistas y en otros compartiendo con mandos militares \"amigos\" decisiones geoestrat\u00e9gicas de peso.<\/p>\n\n\n\n<p><strong>Los \"amigos\" de Argentina<\/strong><\/p>\n\n\n\n<p>Si se suma esta decisi\u00f3n de Bolsonaro de jugar fuerte en los planes intervencionistas estadounidenses contra Venezuela a otro episodio ins\u00f3lito que tiene como protagonista a la Canciller\u00eda argentina se podr\u00e1 tener el cuadro de con qu\u00e9 celeridad Washington teje su red belicista para intentar derrocar al presidente leg\u00edtimo de Venezuela, Nicol\u00e1s Maduro. En efecto, el gobierno de Mauricio Macri ha comunicado la creaci\u00f3n de la \"Uni\u00f3n de Gesti\u00f3n para el Apoyo a la Reconstrucci\u00f3n de Venezuela\". El t\u00e9rmino usado no deja lugar a dudas: se tratar\u00e1 de \"reconstruir\" &nbsp;lo que primero habr\u00e1 de \"destruirse\", al estilo de los eufemismos utilizados en la invasi\u00f3n a Iraq, Afganist\u00e1n, Libia y Siria.<\/p>\n\n\n\n<p>Para explicar m\u00e1s la operaci\u00f3n, la Canciller\u00eda rioplatense habla de \"recopilar y sistematizar informaci\u00f3n sobre las necesidades humanitarias en aquel pa\u00eds, como as\u00ed tambi\u00e9n los requerimientos y necesidades de infraestructura y fortalecimiento institucional\". &nbsp;Y suman a esta tarea claramente injerencista a los famosos \"Cascos Blancos\" que ya han sido enviados a la frontera colombo-venezolana, y desde la localidad de C\u00facuta coordinan con el Comando Sur. \u00bfQu\u00e9 cosa? Todo lo que haga, seg\u00fan el canciller Faurie a \"la recepci\u00f3n, administraci\u00f3n y env\u00edo de donaciones y\/o otra asistencia humanitaria, facilitando la participaci\u00f3n de entidades argentinas (empresas, instituciones acad\u00e9micas, ONGs, entre otras) en distintas tareas como iniciativas de cooperaci\u00f3n, capacitaci\u00f3n y asistencia en temas de derechos humanos, educaci\u00f3n\". Es decir, sostener la intervenci\u00f3n directa que EE.UU. pretende poner en marcha a partir del pr\u00f3ximo 23 de febrero en esa misma zona.<\/p>\n\n\n\n<p>Planes &nbsp;y m\u00e1s planes nacidos de la voracidad del imperio y de sus planes de conquista, que tienen indudablemente a su favor el comportamiento colaboracionista de los gobiernos de derecha que no dudan en traicionar la historia solidaria del continente. Sin embargo, ni el Comando Sur, ni su jefe Faller ni el duo Bolsonaro-Macri ni el mismo Donald Trump, parecen tener en cuenta que con sus actitudes guerreristas est\u00e1n a punto de encender la mecha de un proceso que puede revertir todos sus deseos expansionistas. Venezuela, su pueblo, sus FANB, su historia, sus ancentros respiran rebeld\u00eda. Se parecen bastante a la Siria que estos mismos sujetos no pudieron conquistar. Y finalmente, el continente, seguro no ser\u00e1 el mismo si &nbsp;se deciden a dar el paso que hoy est\u00e1n preparando con tanta impudicia.<\/p>\n","protected":false},"excerpt":{"rendered":"<p>Carlos Aznarez (Cubadebate, 15-2-19) Un militar brasile\u00f1o ocupar\u00e1 por primera vez en la historia un puesto de relevancia en la estructura de mando del Comando Sur y por ende de las Fuerzas Armadas de Estados Unidos. Esta es una se\u00f1al muy clara del tipo de relaciones que el presidente Jair Bolsonaro desea mantener con Donald [&hellip;]<\/p>\n","protected":false},"author":1,"featured_media":28779,"comment_status":"open","ping_status":"open","sticky":false,"template":"","format":"standard","meta":{"footnotes":""},"categories":[14,12],"tags":[],"class_list":["post-31066","post","type-post","status-publish","format-standard","has-post-thumbnail","hentry","category-internacionales","category-politica-3"],"_links":{"self":[{"href":"https:\/\/debateplural.net\/site\/wp-json\/wp\/v2\/posts\/31066"}],"collection":[{"href":"https:\/\/debateplural.net\/site\/wp-json\/wp\/v2\/posts"}],"about":[{"href":"https:\/\/debateplural.net\/site\/wp-json\/wp\/v2\/types\/post"}],"author":[{"embeddable":true,"href":"https:\/\/debateplural.net\/site\/wp-json\/wp\/v2\/users\/1"}],"replies":[{"embeddable":true,"href":"https:\/\/debateplural.net\/site\/wp-json\/wp\/v2\/comments?post=31066"}],"version-history":[{"count":1,"href":"https:\/\/debateplural.net\/site\/wp-json\/wp\/v2\/posts\/31066\/revisions"}],"predecessor-version":[{"id":31067,"href":"https:\/\/debateplural.net\/site\/wp-json\/wp\/v2\/posts\/31066\/revisions\/31067"}],"wp:featuredmedia":[{"embeddable":true,"href":"https:\/\/debateplural.net\/site\/wp-json\/wp\/v2\/media\/28779"}],"wp:attachment":[{"href":"https:\/\/debateplural.net\/site\/wp-json\/wp\/v2\/media?parent=31066"}],"wp:term":[{"taxonomy":"category","embeddable":true,"href":"https:\/\/debateplural.net\/site\/wp-json\/wp\/v2\/categories?post=31066"},{"taxonomy":"post_tag","embeddable":true,"href":"https:\/\/debateplural.net\/site\/wp-json\/wp\/v2\/tags?post=31066"}],"curies":[{"name":"wp","href":"https:\/\/api.w.org\/{rel}","templated":true}]}}