{"id":31383,"date":"2019-02-27T15:27:18","date_gmt":"2019-02-27T19:27:18","guid":{"rendered":"http:\/\/debateplural.com\/?p=31383"},"modified":"2019-02-27T15:27:22","modified_gmt":"2019-02-27T19:27:22","slug":"opcion-militar-en-venezuela-no-gracias-dice-latinoamerica","status":"publish","type":"post","link":"https:\/\/debateplural.net\/site\/2019\/02\/27\/opcion-militar-en-venezuela-no-gracias-dice-latinoamerica\/","title":{"rendered":"\u00bfOpci\u00f3n militar en Venezuela? No, gracias, dice Latinoam\u00e9rica"},"content":{"rendered":"\n<p> Ibis Frade Brito (Prensa Latina, 27-2-19)<\/p>\n\n\n\n<p>\n\nLos pa\u00edses de Am\u00e9rica Latina y el Caribe, m\u00e1s all\u00e1 de las diferencias pol\u00edticas, comparten hoy una misma postura con respecto a Venezuela: la de rechazar la opci\u00f3n de una intervenci\u00f3n militar en ese pa\u00eds.<br>As\u00ed qued\u00f3 claro la v\u00edspera en una sesi\u00f3n del Consejo de Seguridad de la ONU convocada por Estados Unidos, a pesar de que el tema venezolano no figura en la agenda de trabajo de ese organismo.<\/p>\n\n\n\n<p>El canciller de Venezuela, Jorge Arreaza, agradeci\u00f3 a las naciones de su regi\u00f3n por rechazar una intervenci\u00f3n militar y dijo que tal posici\u00f3n compartida es una victoria para Am\u00e9rica Latina y el Caribe y su proclama como zona de paz.<\/p>\n\n\n\n<p>Si bien algunos Estados del \u00e1rea se pliegan a la directriz de Washington de ofrecer apoyo a Juan Guaid\u00f3 -titular de un parlamento en desacato quien se autoproclam\u00f3 mandatario encargado de Venezuela-, todos coincidieron en que una intervenci\u00f3n militar no es una opci\u00f3n a contemplar.<\/p>\n\n\n\n<p>Los territorios del Caribe que participaron ayer en la sesi\u00f3n abierta del Consejo de Seguridad se opusieron a la tentativa militar: Cuba, Rep\u00fablica Dominicana, Antigua y Barbuda, San Vicente y las Granadinas, Belice y Surinam.<\/p>\n\n\n\n<p>Tambi\u00e9n lo hicieron las naciones de Am\u00e9rica Latina que ofrecieron sus declaraciones, incluso a pesar de no coincidir en otros aspectos: Per\u00fa, Bolivia, M\u00e9xico, Chile, Colombia, Argentina, Brasil, Nicaragua, Guatemala, Paraguay, Uruguay, Ecuador, Honduras, Panam\u00e1, El Salvador y Costa Rica.<\/p>\n\n\n\n<p>Pero el representante permanente de Bolivia ante la ONU, Sacha Llorenti, advirti\u00f3 que Estados Unidos mantiene todas las opciones sobre la mesa con respecto a Venezuela, entre ellas, la de una intervenci\u00f3n miliar. Las autoridades norteamericanas lo repiten una y otra vez, sin embargo, el mundo ya padeci\u00f3 las tr\u00e1gicas consecuencias cuando se defiende ese presupuesto, se\u00f1al\u00f3.<\/p>\n\n\n\n<p>En cada una de las oportunidades en que todas las opciones estuvieron sobre la mesa, ocurrieron masacres, asesinatos, torturas, desaparici\u00f3n forzada de personas&#8230;, record\u00f3 el representante boliviano.<\/p>\n\n\n\n<p>La embajadora de Cuba en ONU, Ana Silvia Rodr\u00edguez, denunci\u00f3 que Estados Unidos prepara el terreno para una intervenci\u00f3n militar con un pretexto humanitario en Venezuela.<\/p>\n\n\n\n<p>Washington, con la complicidad de varios pa\u00edses y actores, mont\u00f3 una peligrosa provocaci\u00f3n el pasado s\u00e1bado con el objetivo de violar la soberan\u00eda de Venezuela mediante el uso de la fuerza y adem\u00e1s, puso en peligro la vida de miles de persona, a\u00f1adi\u00f3. Bajo el pretexto de una ayuda humanitaria, subray\u00f3 la diplom\u00e1tica, las recientes acciones de Washington en la frontera colombo-venezolana constituyen una grave violaci\u00f3n del derecho internacional y de los prop\u00f3sitos y principios de la Carta de la ONU. Por su parte, el embajador de M\u00e9xico ante Naciones Unidas, Juan Ram\u00f3n de la Fuente, se refiri\u00f3 a que la ayuda humanitaria debe ser coordinada por entidades internacionales neutrales y competentes, y no puede estar politizada.<\/p>\n\n\n\n<p>Venezuela es objeto en estos momentos de una agresi\u00f3n de Estados Unidos y sus aliados, un tema que pone en riesgo la paz y la seguridad de toda la regi\u00f3n, alert\u00f3 Arreaza.<\/p>\n\n\n\n<p>El pasado s\u00e1bado fuimos testigos de una operaci\u00f3n para violar la soberan\u00eda de mi pa\u00eds, pero la Fuerza Armada Bolivariana pudo contenerla sin utilizar la fuerza letal, pese a que desde el lado colombiano de la frontera se produjeron numerosas agresiones, detall\u00f3 el canciller venezolano.<\/p>\n\n\n\n<p>Washington lidera una grosera agresi\u00f3n contra Venezuela y debemos recordar que en aquellos lugares 'por donde pasa Estados Unidos, deja una crisis humanitaria', recalc\u00f3.<\/p>\n\n\n\n<p>Asimismo, rechaz\u00f3 las informaciones sesgadas que ofreci\u00f3 la secretaria general adjunta de Asuntos Pol\u00edticos de Naciones Unidas, Rosemary Di Carlo, al Consejo de Seguridad al mostrar solo un lado de la situaci\u00f3n.<\/p>\n\n\n\n<p>Mientras tanto, agreg\u00f3, se ignoran las sanciones econ\u00f3micas contra Venezuela, que han dejado p\u00e9ridas millonarias y obstaculizan el acceso a productos de primera necesidad como alimentos y medicinas.<\/p>\n\n\n\n<p>Tambi\u00e9n lament\u00f3 que Estados Unidos rechazara de plano una proyecto de declaraci\u00f3n circulado por Rusia que llama a las partes venezolanas al di\u00e1logo y rechaza el uso de la fuerza letal contra un Estado miembro de la ONU.<br><\/p>\n","protected":false},"excerpt":{"rendered":"<p>Ibis Frade Brito (Prensa Latina, 27-2-19) Los pa\u00edses de Am\u00e9rica Latina y el Caribe, m\u00e1s all\u00e1 de las diferencias pol\u00edticas, comparten hoy una misma postura con respecto a Venezuela: la de rechazar la opci\u00f3n de una intervenci\u00f3n militar en ese pa\u00eds.As\u00ed qued\u00f3 claro la v\u00edspera en una sesi\u00f3n del Consejo de Seguridad de la ONU [&hellip;]<\/p>\n","protected":false},"author":1,"featured_media":20278,"comment_status":"open","ping_status":"open","sticky":false,"template":"","format":"standard","meta":{"footnotes":""},"categories":[14,12],"tags":[],"class_list":["post-31383","post","type-post","status-publish","format-standard","has-post-thumbnail","hentry","category-internacionales","category-politica-3"],"_links":{"self":[{"href":"https:\/\/debateplural.net\/site\/wp-json\/wp\/v2\/posts\/31383"}],"collection":[{"href":"https:\/\/debateplural.net\/site\/wp-json\/wp\/v2\/posts"}],"about":[{"href":"https:\/\/debateplural.net\/site\/wp-json\/wp\/v2\/types\/post"}],"author":[{"embeddable":true,"href":"https:\/\/debateplural.net\/site\/wp-json\/wp\/v2\/users\/1"}],"replies":[{"embeddable":true,"href":"https:\/\/debateplural.net\/site\/wp-json\/wp\/v2\/comments?post=31383"}],"version-history":[{"count":1,"href":"https:\/\/debateplural.net\/site\/wp-json\/wp\/v2\/posts\/31383\/revisions"}],"predecessor-version":[{"id":31384,"href":"https:\/\/debateplural.net\/site\/wp-json\/wp\/v2\/posts\/31383\/revisions\/31384"}],"wp:featuredmedia":[{"embeddable":true,"href":"https:\/\/debateplural.net\/site\/wp-json\/wp\/v2\/media\/20278"}],"wp:attachment":[{"href":"https:\/\/debateplural.net\/site\/wp-json\/wp\/v2\/media?parent=31383"}],"wp:term":[{"taxonomy":"category","embeddable":true,"href":"https:\/\/debateplural.net\/site\/wp-json\/wp\/v2\/categories?post=31383"},{"taxonomy":"post_tag","embeddable":true,"href":"https:\/\/debateplural.net\/site\/wp-json\/wp\/v2\/tags?post=31383"}],"curies":[{"name":"wp","href":"https:\/\/api.w.org\/{rel}","templated":true}]}}