{"id":31401,"date":"2019-02-28T10:45:00","date_gmt":"2019-02-28T14:45:00","guid":{"rendered":"http:\/\/debateplural.com\/?p=31401"},"modified":"2019-02-28T10:45:01","modified_gmt":"2019-02-28T14:45:01","slug":"ivan-duque-y-el-crimen-de-agresion","status":"publish","type":"post","link":"https:\/\/debateplural.net\/site\/2019\/02\/28\/ivan-duque-y-el-crimen-de-agresion\/","title":{"rendered":"Iv\u00e1n Duque y el crimen de agresi\u00f3n"},"content":{"rendered":"\n<p>Elmer Monta\u00f1a (90 minutos, 28-2-19) <\/p>\n\n\n\n<p>\n\nTodas las guerras son predecibles, porque responden al mismo libreto. Empiezan con frases altisonantes entre los l\u00edderes de las naciones en pugna, seguidos de mutuos desaf\u00edos y advertencias sobre las terribles consecuencias que los enfrentamientos traer\u00e1n al pueblo rival, al tiempo que se producen movidas diplom\u00e1ticas, especialmente ruptura de relaciones y abandono de las embajadas, para anunciarle al mundo el caos que est\u00e1 por llegar, y luego dar paso al movimiento de tropas y ejercicios militares en las zonas fronterizas a la espera de que ocurra el primer disparo o la primera violaci\u00f3n del territorio que justifique el ataque, sin que importe en realidad quien lo provoc\u00f3 o si en efecto ocurri\u00f3.<\/p>\n\n\n\n<p>Podr\u00eda pensarse que al ser predecibles las guerras son evitables, pero, por regla general, ocurre que pese a todas las se\u00f1ales los conflictos terminan desencaden\u00e1ndose porque los pueblos sucumben al hechizo del discurso guerrerista y se dejan alimentar del odio a un enemigo, desconocido y an\u00f3nimo.<\/p>\n\n\n\n<p>Lo que ocurre con Venezuela est\u00e1 escrito en el libreto de la guerra, los personajes se han lanzado acartonados y vulgares improperios, se retan con el gesto y la mirada, permiten que sus emisarios rompan el protocolo y se escupan a la cara, alardean con premoniciones sobre la hora exacta del fin de su enemigo, humillan al contrincante con su pasado y le sacan en cara sus miserias.<\/p>\n\n\n\n<p>Tanto Duque como Maduro guapean haciendo alarde de una hombr\u00eda sobreactuada y fruncen el ce\u00f1o ante las c\u00e1maras para fingir dureza, pero sus caritas rellenitas y bonachonas los traicionan. Con disimulo miran el guante que est\u00e1 en el suelo y que no se atreven a recoger porque sus abultados est\u00f3magos no se los permiten.<\/p>\n\n\n\n<p>Como dos gotas de agua, se identifican en los gustos y se entretienen por ahora en una batalla de conciertos. Ambos son m\u00fasicos frustrados y en el fondo del alma quisieran resolver la disputa en un escenario, a trova limpia, pero no son due\u00f1os de su destino, sino \u201cinstrumentos\u201d de una voluntad superior.<\/p>\n\n\n\n<p>Duque, que por su formaci\u00f3n acad\u00e9mica deber\u00eda manejar las cosas haciendo uso de la raz\u00f3n cr\u00edtica, sufre de la ceguera del peque\u00f1o Hansel que entretenido engull\u00eda la casa de bizcocho de la malvada bruja, ajeno a la suerte que le esperaba. Por eso no entiende las honduras en que se meti\u00f3 al visitar la Casa Blanca. El Patr\u00f3n del Norte tiene previsto enviar 5000 tropas, para iniciar la \u201coperaci\u00f3n de rescate de la democracia\u201d venezolana, como lo ha hecho en Irak, Afganistan, Siria, Yemen, Somalia, Niger, Libia, y tantos otros pa\u00edses que han conocido su mano \u201csalvadora y purificadora\u201d.<\/p>\n\n\n\n<p>El vistoso traje de do\u00f1a Mar\u00eda Juliana eclips\u00f3 la humillante recepci\u00f3n a Duque en Washington, ignorado por los periodistas quienes ten\u00edan la atenci\u00f3n puesta en el anfitri\u00f3n, es decir, en la persona que realmente toma las decisiones, quien dej\u00f3 claro que en cualquier momento enviar\u00e1 tropas a Colombia.<\/p>\n\n\n\n<p>Pacho Santos, nuestro divertido embajador en EEUU, ha insistido en la soluci\u00f3n militar al problema interno de Venezuela y de sus comentarios y actuaciones se colige que esto incluye el env\u00edo de tropas desde el exterior, igual piensa Guaid\u00f3, el autoproclamado presidente interino de Venezuela, a quien no le importa desear para su pa\u00eds un destino tr\u00e1gico que no desear\u00eda para \u00e9l mismo.<\/p>\n\n\n\n<p>Alguien deber\u00eda decirle que Duque que la guerra no es un juego. No puede ser que sus asesores en estas materias sean Pacho Santos, quien se cree el conejito de la suerte de la segunda gesta libertadora y Alvaro Uribe, el m\u00e1s vivo ejemplo de hasta d\u00f3nde puede llegar un hombre de escasa inteligencia, enemigo del conocimiento y la verdad, pero con una astucia sin igual para esparcir el odio y provocar los m\u00e1s brutales conflictos con el fin de satisfacer su ilimitada sed de venganza y su insaciable narcisismo.<\/p>\n\n\n\n<p>Duque no sabe que desde el 1 de enero de 2017, la Corte Penal Internacional, de la cual no hacen parte los EEUU, pero si nuestro pa\u00eds, podr\u00e1 juzgar los cr\u00edmenes de agresi\u00f3n. El Estatuto de Roma, acordado en 1998 y puesto en vigencia en 2002, para juzgar el genocidio, los cr\u00edmenes de lesa humanidad y los crimines de guerra, dej\u00f3 pendiente de definir o tipificar (seg\u00fan el lenguaje de los abogados) el crimen de agresi\u00f3n. La tarea se realiz\u00f3 durante Conferencia de Kampala (Uganda) donde se adoptaron enmiendas al Estatuto de Roma que incluyeron la definici\u00f3n del \u201ccrimen de agresi\u00f3n\u201d y estableci\u00f3 la fecha desde la cual podr\u00e1 ser juzgado.<\/p>\n\n\n\n<p>Entusiasmado por las palmaditas que le dio su mentor y ocupado en los preparativos del concierto \u201chumanitario\u201d, Duque no ha tenido tiempo de revisar su conducta de cara a la definici\u00f3n del crimen de agresi\u00f3n. No creo que su comisionado en Derechos Humanos, firme convencido de que las reglas del Derecho Internacional aplican a voluntad de los gobernantes, considere importante que el presidente sepa que \u201cuna persona comete un crimen de agresi\u00f3n cuando, estando en condiciones de controlar o dirigir efectivamente la acci\u00f3n pol\u00edtica o militar de un Estado, dicha persona planifica, prepara, inicia o realiza un acto de agresi\u00f3n que por sus caracter\u00edsticas, gravedad y escala constituya una violaci\u00f3n manifiesta de la Carta de las Naciones Unidas\u201d, y que tambi\u00e9n se entender\u00e1 por acto de agresi\u00f3n el \u201cuso de la fuerza armada por un Estado contra la soberan\u00eda, la integridad territorial o la independencia pol\u00edtica de otro Estado, o en cualquier otra forma incompatible con la Carta de las Naciones Unidas\u201d.<\/p>\n\n\n\n<p>Hace algunas semanas en un foro internacional Duque se pregunt\u00f3, ante la mirada at\u00f3nita de los asistentes: \u201c\u00bfY por qu\u00e9 siete?\u201d, refiri\u00e9ndose a los principios de su econom\u00eda naranja y enseguida respondi\u00f3 con profundo acento: \u201cPorque siete es un n\u00famero importante para la cultura. Tenemos las siete notas musicales, las siete artes, los siete enanitos. Mejor dicho, hay muchas cosas que empiezan por siete\u201d. Pues bien, siete son tambi\u00e9n los actos considerados cr\u00edmenes de guerra, que debe tener en la cuenta nuestro farandulero mandatario antes de cometer el desprop\u00f3sito de involucrarse en una acci\u00f3n b\u00e9lica contra Venezuela:<\/p>\n\n\n\n<p>1.- La invasi\u00f3n de un Estado por otro.<\/p>\n\n\n\n<p>2.- El ataque (por fuera de lo establecido por la Carta de la ONU) de fuerzas armadas de un Estado contra otras de otro Estado o contra la poblaci\u00f3n civil de este.<\/p>\n\n\n\n<p>3.- Toda ocupaci\u00f3n militar que derive de los actos anteriores y que implique el uso de la fuerza.<\/p>\n\n\n\n<p>4.-El bombardeo.<\/p>\n\n\n\n<p>5.-El bloqueo de puertos o de costas de un Estado.<\/p>\n\n\n\n<p>6.- La disposici\u00f3n de un territorio propio de un Estado para que otro Estado pueda agredir a un tercero.<\/p>\n\n\n\n<p>7.-El env\u00edo por parte de un Estado de grupos irregulares \u201cparamilitares\u201d o mercenarios que lleven a cabo actos armados contra otro Estado.<\/p>\n\n\n\n<p>Duque apenas est\u00e1 comenzando su mandato y aun cuando no goza del respaldo mayoritario tiene la expectativa de ser un ex presidente m\u00e1s, sin poder ni gloria, pero libre y esto es preferible a ser un reo de la Corte Penal Internacional. S\u00ed esto \u00faltimo ocurre, no tendr\u00e1 al poderoso Donald Trump para que lo proteja.<\/p>\n","protected":false},"excerpt":{"rendered":"<p>Elmer Monta\u00f1a (90 minutos, 28-2-19) Todas las guerras son predecibles, porque responden al mismo libreto. Empiezan con frases altisonantes entre los l\u00edderes de las naciones en pugna, seguidos de mutuos desaf\u00edos y advertencias sobre las terribles consecuencias que los enfrentamientos traer\u00e1n al pueblo rival, al tiempo que se producen movidas diplom\u00e1ticas, especialmente ruptura de relaciones [&hellip;]<\/p>\n","protected":false},"author":1,"featured_media":28083,"comment_status":"open","ping_status":"open","sticky":false,"template":"","format":"standard","meta":{"footnotes":""},"categories":[14,12],"tags":[],"class_list":["post-31401","post","type-post","status-publish","format-standard","has-post-thumbnail","hentry","category-internacionales","category-politica-3"],"_links":{"self":[{"href":"https:\/\/debateplural.net\/site\/wp-json\/wp\/v2\/posts\/31401"}],"collection":[{"href":"https:\/\/debateplural.net\/site\/wp-json\/wp\/v2\/posts"}],"about":[{"href":"https:\/\/debateplural.net\/site\/wp-json\/wp\/v2\/types\/post"}],"author":[{"embeddable":true,"href":"https:\/\/debateplural.net\/site\/wp-json\/wp\/v2\/users\/1"}],"replies":[{"embeddable":true,"href":"https:\/\/debateplural.net\/site\/wp-json\/wp\/v2\/comments?post=31401"}],"version-history":[{"count":1,"href":"https:\/\/debateplural.net\/site\/wp-json\/wp\/v2\/posts\/31401\/revisions"}],"predecessor-version":[{"id":31402,"href":"https:\/\/debateplural.net\/site\/wp-json\/wp\/v2\/posts\/31401\/revisions\/31402"}],"wp:featuredmedia":[{"embeddable":true,"href":"https:\/\/debateplural.net\/site\/wp-json\/wp\/v2\/media\/28083"}],"wp:attachment":[{"href":"https:\/\/debateplural.net\/site\/wp-json\/wp\/v2\/media?parent=31401"}],"wp:term":[{"taxonomy":"category","embeddable":true,"href":"https:\/\/debateplural.net\/site\/wp-json\/wp\/v2\/categories?post=31401"},{"taxonomy":"post_tag","embeddable":true,"href":"https:\/\/debateplural.net\/site\/wp-json\/wp\/v2\/tags?post=31401"}],"curies":[{"name":"wp","href":"https:\/\/api.w.org\/{rel}","templated":true}]}}