{"id":31428,"date":"2019-03-01T13:33:08","date_gmt":"2019-03-01T17:33:08","guid":{"rendered":"http:\/\/debateplural.com\/?p=31428"},"modified":"2019-03-01T13:33:11","modified_gmt":"2019-03-01T17:33:11","slug":"asesinos-en-el-mundo-17","status":"publish","type":"post","link":"https:\/\/debateplural.net\/site\/2019\/03\/01\/asesinos-en-el-mundo-17\/","title":{"rendered":"Asesinos en el mundo (17)"},"content":{"rendered":"\n<h3 class=\"wp-block-heading\" style=\"text-align:center\">Benito Mussolini (1883-1945)<\/h3>\n\n\n\n<p>fue un pol\u00edtico, militar y periodista&nbsp;italiano;&nbsp;Presidente del Consejo de Ministros Reales&nbsp;de Italia desde 1922 hasta 1943 y&nbsp;<em>Duce<\/em>&nbsp;\u2014gu\u00eda\u2014 de la&nbsp;Rep\u00fablica Social Italiana&nbsp;desde 1943 hasta su ejecuci\u00f3n. Llev\u00f3 al poder al&nbsp;Partido Nacional Fascista&nbsp;y posterior&nbsp;Partido Fascista Republicano, y lider\u00f3 un r\u00e9gimen&nbsp;totalitario&nbsp;durante el per\u00edodo conocido como&nbsp;fascismo italiano&nbsp;del&nbsp;Reino de Italia&nbsp;bajo el benepl\u00e1cito de&nbsp;V\u00edctor Manuel III. Adem\u00e1s, fue quien dirigi\u00f3 a Italia durante la&nbsp;Segunda Guerra Mundial, como parte de sus&nbsp;planes imperialistas&nbsp;en&nbsp;Europa y&nbsp;\u00c1frica.<\/p>\n\n\n\n<p>Afiliado al&nbsp;Partido Socialista Italiano, en 1914 fue expulsado de dicha organizaci\u00f3n por sostener posturas nacionalistas irredentistas contrarias al&nbsp;internacionalismo&nbsp;de los principales l\u00edderes socialistas. En 1922, ya como l\u00edder oficial del Partido Nacional Fascista organiz\u00f3 la&nbsp;Marcha sobre Roma, tras cuya victoria fue nombrado presidente del Consejo de Ministros. Mussolini obtuvo creciente apoyo popular mediante la exaltaci\u00f3n del&nbsp;panitalianismo, el&nbsp;expansionismo&nbsp;y el&nbsp;anticomunismo, sirvi\u00e9ndose de su influencia militar apoyado por la eficiente propaganda fascista y las concentraciones de masas cargadas de simbolismo.<\/p>\n\n\n\n<p>Fue nombrado&nbsp;presidente del Consejo de Ministros Reales&nbsp;en diciembre de 1922, y por la escasa oposici\u00f3n del rey&nbsp;V\u00edctor Manuel III, logr\u00f3 disolver el&nbsp;parlamento&nbsp;y asumir as\u00ed el mando supremo del Estado it\u00e1lico. Transform\u00f3 el&nbsp;Reino de Italia&nbsp;en el&nbsp;Segundo Imperio Colonial Italiano&nbsp;y gobern\u00f3 con un partido \u00fanico basado en el&nbsp;totalitarismo&nbsp;y la&nbsp;autocracia&nbsp;de la&nbsp;ideolog\u00eda fascista.<\/p>\n\n\n\n<p>El objetivo de Mussolini era hacer realidad el concepto de la&nbsp;Gran Italia&nbsp;basado en la absoluta&nbsp;hegemon\u00eda&nbsp;de&nbsp;Roma&nbsp;en el&nbsp;mar mediterr\u00e1neo. Su pol\u00edtica exterior e interior ten\u00eda el objetivo de dotar a Italia de un gran poder \u2014autoidentific\u00e1ndose como el sucesor leg\u00edtimo del&nbsp;Imperio Romano\u2014, teniendo al&nbsp;pueblo italiano&nbsp;como principal beneficiado de esta y en segundo plano a otras poblaciones que viviese dentro de la&nbsp;pen\u00ednsula it\u00e1lica&nbsp;y los territorios de ultramar como&nbsp;Albania&nbsp;y&nbsp;Libia. Promovi\u00f3 el desarrollo armament\u00edstico de Italia y tras la&nbsp;invasi\u00f3n de Etiop\u00eda&nbsp;por las&nbsp;Forze armate&nbsp;el 2 de octubre de 1935 y la firma del&nbsp;Pacto de Acero junto con&nbsp;Alemania&nbsp;en 1939 al a\u00f1o siguiente se dio inicio a la participaci\u00f3n italiana en la&nbsp;Segunda Guerra Mundial.<\/p>\n\n\n\n<p>Dentro de las campa\u00f1as italianas, las fuerzas de las nuevas&nbsp;Potencias del Eje&nbsp;\u2014sucesor del pacto de Acero, pues en 1940 hab\u00eda ingresado&nbsp;Jap\u00f3n&nbsp;a la alianza\u2014 se encargaron de invadir la&nbsp;pen\u00ednsula balc\u00e1nica,&nbsp;\u00c1frica del norte&nbsp;y el&nbsp;cuerno de \u00c1frica, as\u00ed como algunas \u00e1reas de&nbsp;Francia. Esas conquistas territoriales decrecieron de forma paulatina despu\u00e9s de la&nbsp;segunda batalla de El Alamein, hasta 1943, cuando los&nbsp;ej\u00e9rcitos aliados&nbsp;lograron tomar el control de toda \u00c1frica y el mediterr\u00e1neo.<\/p>\n\n\n\n<p>En los meses de 1943 durante la&nbsp;ca\u00edda de la isla de Sicilia, Mussolini fue arrestado por el&nbsp;Gran Consejo Fascista&nbsp;por orden del rey V\u00edctor Manuel III en un intento por evitar la invasi\u00f3n aliada de la&nbsp;Italia continental. Fue encarcelado en un hotel del \u00e1rea natural del&nbsp;Gran Sasso d&#8217;Italia.&nbsp;Adolf Hitler&nbsp;orden\u00f3 la&nbsp;operaci\u00f3n de rescate&nbsp;mientras&nbsp;invad\u00eda el norte de Italia&nbsp;en donde cre\u00f3 la&nbsp;Rep\u00fablica Social Italiana&nbsp;en contraposici\u00f3n del&nbsp;Reino del Sur&nbsp;(r\u00e9gimen italiano que hab\u00eda realizado un armisticio con los Aliados). La nueva rep\u00fablica en teor\u00eda representaba la continuaci\u00f3n del Segundo imperio italiano aunque en la pr\u00e1ctica funcion\u00f3 como un&nbsp;estado t\u00edtere&nbsp;de&nbsp;Alemania<\/p>\n\n\n\n<p>Mussolini decidi\u00f3 escapar ante la inminente invasi\u00f3n aliada de la Rep\u00fablica Social Italiana, en 1945. Junto a su amante&nbsp;Clara Petacci&nbsp;y otros altos jerarcas fascistas, intentaron llegar a la frontera con&nbsp;Suiza&nbsp;haci\u00e9ndose pasar como una delegaci\u00f3n diplom\u00e1tica espa\u00f1ola. En el camino una patrulla de&nbsp;partisanos comunistas&nbsp;reconocieron el enga\u00f1o y detuvieron a todo el cami\u00f3n que los llevaba. El partisano&nbsp;Urbano Lazzaro&nbsp;fue el encargado de fusilar el&nbsp;28 de abril&nbsp;de 1945 a Mussolini. Ninguno de los acompa\u00f1antes del&nbsp;<em>duce<\/em>&nbsp;sobrevivi\u00f3. Luego fueron llevados a&nbsp;Mil\u00e1n, donde -bajo el benepl\u00e1cito de las&nbsp;fuerzas de ocupaci\u00f3n aliadas- fueron masacrados y colgados en la plaza principal. <\/p>\n\n\n\n<h3 class=\"wp-block-heading\">Primeros a\u00f1os<\/h3>\n\n\n\n<p>Benito Mussolini naci\u00f3 en Dovia, una aldea del municipio de&nbsp;Predappio, en la&nbsp;provincia de Forl\u00ec-Cesena, regi\u00f3n de&nbsp;Emilia-Roma\u00f1a, el&nbsp;29 de julio&nbsp;de&nbsp;1883. Su padre,&nbsp;Alessandro Mussolini, era herrero; su madre,&nbsp;Rosa Maltoni, era una maestra que cre\u00eda firmemente en la importancia de la&nbsp;educaci\u00f3n. El nombre \u00abBenito Amilcare Andrea\u00bb fue decidido por su padre, un l\u00edder local socialista, en memoria de&nbsp;Benito Ju\u00e1rez, h\u00e9roe reformista y expresidente de&nbsp;M\u00e9xico; de&nbsp;Amilcare Cipriani, patriota italiano y socialista; y de&nbsp;Andrea Costa, primer diputado socialista elegido en el parlamento italiano.<\/p>\n\n\n\n<p>De ni\u00f1o, recibi\u00f3 la ense\u00f1anza b\u00e1sica en Dovia y luego en Predappio (desde 1889 hasta 1891). Luego ingres\u00f3 al colegio&nbsp;salesiano de&nbsp;Faenza, pero fue expulsado por una pelea con un compa\u00f1ero. Prosigui\u00f3 los estudios secundarios en el colegio Giosu\u00e8 Carducci de&nbsp;Forlimpopoli&nbsp;donde obtuvo en septiembre de 1898 la licencia de t\u00e9cnico inferior. A partir de octubre de ese a\u00f1o, por una pelea que tuvo con otro compa\u00f1ero, se le obliga a asistir como alumno externo (hasta el a\u00f1o 1901).<\/p>\n\n\n\n<p>All\u00ed en&nbsp;Forlimpopoli, por influencia paterna, Mussolini se acerca al socialismo militante y en el a\u00f1o 1900 se inscribe en el&nbsp;Partido Socialista Italiano. Mientras tanto, concluye los estudios y obtiene la&nbsp;<em>Maturit\u00e0<\/em>&nbsp;(t\u00edtulo de bachillerato). El 13 de febrero de 1902 fue nombrado suplente para la escuela elemental de&nbsp;Pieve Saliceto, fraccionamiento de&nbsp;Gualtieri Emilia.<\/p>\n\n\n\n<p>El 9 de julio de 1902, tras concluir el a\u00f1o escolar, se traslad\u00f3 a&nbsp;Lausana&nbsp;donde se inscribi\u00f3 en el sindicato de alba\u00f1iles y obreros. Luego fue nombrado secretario y public\u00f3 su primer art\u00edculo en el peri\u00f3dico&nbsp;<em>L&#8217;Avvenire del Lavoratore<\/em>&nbsp;(\u00abEl Porvenir del Trabajador\u00bb). <\/p>\n\n\n\n<h3 class=\"wp-block-heading\">En el ej\u00e9rcito en la Primera Guerra Mundial<\/h3>\n\n\n\n<p>Cuando&nbsp;Italia&nbsp;entr\u00f3 en la&nbsp;Primera Guerra Mundial&nbsp;al lado de la&nbsp;Entente, Mussolini manifest\u00f3 su completo apoyo al esfuerzo b\u00e9lico italiano y, aunque no lleg\u00f3 a presentarse como voluntario, amenaz\u00f3 con hacerlo ante el retraso de su reclutamiento;<sup><a href=\"https:\/\/es.wikipedia.org\/wiki\/Benito_Mussolini#cite_note-FOOTNOTEBosworth2003135,_483_n.87-11\">1<\/a><\/sup> as\u00ed, en agosto de 1915 fue asignado a la Divisi\u00f3n 11\u00b0 y el 2 de septiembre parti\u00f3 al frente. Escribi\u00f3 un diario de guerra donde narra su vida en las trincheras y se ve a s\u00ed mismo como h\u00e9roe carism\u00e1tico de una comunidad nacional, guerrera, socialmente jer\u00e1rquica y obediente.<\/p>\n\n\n\n<p>En marzo del a\u00f1o siguiente Mussolini fue promovido a&nbsp;cabo&nbsp;por m\u00e9ritos de guerra. En su informe militar se lee: \u00abActividad ejemplar, batallador, serenidad de mente, no toma en cuenta los desalientos, celoso, regular en el cumplimiento del deber, primero en cualquier empresa que requiera trabajo y arrojo\u00bb. El 23 de febrero de 1917 fue herido al estallar un&nbsp;mortero&nbsp;durante un ejercicio. Fue inmediatamente dado de baja. Aunque algunos han sostenido que el motivo de su baja fue alguna enfermedad infecciosa, la presencia de tales patolog\u00edas no ha sido comprobada con los datos que emergieron de la autopsia que le fue practicada. En este a\u00f1o, y seg\u00fan se ha descubierto, trabaj\u00f3 de&nbsp;esp\u00eda&nbsp;para los servicios secretos&nbsp;brit\u00e1nicos.<sup>1<\/sup><\/p>\n\n\n\n<p>Al volver del frente, public\u00f3 en&nbsp;<em>Il Popolo d&#8217;Italia<\/em>&nbsp;el art\u00edculo \u00abTrincerocrazia\u00bb, donde reivindicaba para los soldados italianos que hab\u00edan combatido en las trincheras el derecho a gobernar Italia tras la guerra.<\/p>\n\n\n\n<h3 class=\"wp-block-heading\">El fascismo y la \u00abrevoluci\u00f3n fascista\u00bb<\/h3>\n\n\n\n<p>Cartel de propaganda fascista en el que aparece Mussolini.<\/p>\n\n\n\n<p>Posteriormente, quiso capitalizar el sentimiento de insatisfacci\u00f3n que se apoder\u00f3 de la sociedad italiana tras el fin de la contienda, debido a que Italia hab\u00eda obtenido muy pocas ventajas territoriales y econ\u00f3micas en el&nbsp;Tratado de Versalles, pese a las grandes promesas de&nbsp;Francia&nbsp;y&nbsp;Gran Breta\u00f1a&nbsp;con las cuales se hab\u00eda estimulado la participaci\u00f3n italiana en la contienda. Ese descontento se manifest\u00f3 en continuas huelgas y protestas de obreros y campesinos a los cuales se un\u00edan veteranos retornados del frente de guerra, ante lo cual Mussolini empez\u00f3 haciendo un llamamiento a la lucha contra los partidos de izquierdas, a los que se\u00f1al\u00f3 como culpables del descalabro social. Para ello Mussolini cre\u00f3 en Mil\u00e1n el 23 de marzo de 1919 los&nbsp;<em>Fasci Italiani di Combattimento<\/em>, grupos armados de agitaci\u00f3n que constituyeron el germen inicial del futuro&nbsp;Partido Nacional Fascista, fundado en noviembre de 1921. El 18 de noviembre fue arrestado de nuevo por tenencia ilegal de armas y explosivos pero ser\u00eda liberado gracias a la intervenci\u00f3n del senador liberal&nbsp;Luigi Albertini.<\/p>\n\n\n\n<p>El 24 y 25 de mayo de 1920, Benito Mussolini particip\u00f3 en el segundo Congreso de los&nbsp;<em>Fasci di Combattimento<\/em>, que se realiz\u00f3 en el Teatro L\u00edrico de Mil\u00e1n. En noviembre, con el art\u00edculo \u00abRapallo\u00bb, coment\u00f3 favorablemente el tratado \u00edtalo-yugoslavo firmado por&nbsp;Giovanni Giolitti&nbsp;por el que la ciudad de&nbsp;Fiume queda libre.<\/p>\n\n\n\n<p>El 28 de marzo de 1921, Mussolini desfil\u00f3 en Mil\u00e1n con sus columnas de \u00abcamisas negras\u00bb con ocasi\u00f3n del funeral de las v\u00edctimas del terrorismo anarquista del Teatro Diana. Al mostrarse como enemigo de socialistas y comunistas, el fascismo consigui\u00f3 ganarse el favor de los grandes terratenientes e industriales y Mussolini logr\u00f3 salir electo diputado en las elecciones de mayo de 1921, gracias tambi\u00e9n al apoyo de Giolitti.<\/p>\n\n\n\n<h3 class=\"wp-block-heading\">Toma del poder de Mussolini<\/h3>\n\n\n\n<p>A partir de este \u00e9xito, los camisas negras se fueron convirtiendo en protagonistas de numerosos episodios de violencia y agresi\u00f3n f\u00edsica o verbal contra sus adversarios pol\u00edticos, sobre todo contra los socialistas y comunistas; el fen\u00f3meno fue llamado&nbsp;<em>squadrismo<\/em>&nbsp;debido a las \u00abescuadras de acci\u00f3n\u00bb organizadas por los&nbsp;camisas negras&nbsp;como piquetes callejeros encargados de atacar arbitrariamente a sus rivales.<\/p>\n\n\n\n<p>El 2 de julio, Mussolini invit\u00f3 a los socialistas, con un art\u00edculo en&nbsp;<em>Il popolo d&#8217;Italia<\/em>, a establecer un pacto de pacificaci\u00f3n para acabar con la violencia&nbsp;<em>squadrista<\/em>, firmado el 2 de agosto gracias a la mediaci\u00f3n del presidente de la C\u00e1mara&nbsp;Enrico De Nicola; sin embargo, los episodios de violencia no cesaron porque la ejecuci\u00f3n del acuerdo se dej\u00f3 a la decisi\u00f3n de los jefes locales de cada partido.<\/p>\n\n\n\n<p>A prop\u00f3sito de la autonom\u00eda de la que gozaban los grupos particulares de squadristas,&nbsp;Renzo De Felice&nbsp;escribe que Mussolini entr\u00f3 en discusiones con algunos jefes que pon\u00edan en duda su posici\u00f3n de gu\u00eda del movimiento (sobre todo&nbsp;Dino Grandi) y que no aceptaban la voluntad de Mussolini de presentarse como normalizador del orden social. De ah\u00ed que, siempre seg\u00fan De Felice, Mussolini escribiera: \u00ab\u00bfPuede el fascismo dejar de contar conmigo? \u00a1Claro! Pero tambi\u00e9n yo puedo dejar de contar con el fascismo\u00bb.<\/p>\n\n\n\n<p>Sin embargo, las divergencias internas fueron superadas y el 7 de noviembre se realiz\u00f3 en&nbsp;Roma&nbsp;el tercer congreso de los&nbsp;<em>fasci di combattimento<\/em>, que fueron transformados en el&nbsp;Partido Nacional Fascista, con&nbsp;Michele Bianchi&nbsp;como primer secretario. El 1 de enero de 1922, Mussolini fund\u00f3 la revista mensual&nbsp;<em>Gerarchia<\/em>&nbsp;(&#8217;Jerarqu\u00eda'), donde colabora su amante&nbsp;Margherita Sarfatti.<\/p>\n\n\n\n<p>El 2 de agosto de 1922, las izquierdas promovieron una huelga general contra las violencias de los camisas negras, que intervinieron produciendo el fracaso de la iniciativa. Entretanto, los primeros d\u00edas de septiembre, las escuadras fascistas ocuparon los municipios de&nbsp;Ancona&nbsp;(Mil\u00e1n),&nbsp;G\u00e9nova,&nbsp;Livorno,&nbsp;Parma,&nbsp;Bolzano&nbsp;y&nbsp;Trento, obteniendo el control de estos tras violentos episodios armados.<\/p>\n\n\n\n<p>Se trata del inicio de la \u00abrevoluci\u00f3n fascista\u00bb, con la que Mussolini intentar\u00eda un ambicioso golpe de mano para adue\u00f1arse del poder, aprovech\u00e1ndose del consenso adquirido ante los ambientes sociales m\u00e1s importantes del reino, que combinaban el miedo a los socialistas y comunistas con la convicci\u00f3n de que Mussolini y sus fascistas aceptar\u00edan sujetarse a las viejas reglas de la&nbsp;monarqu\u00eda&nbsp;parlamentaria. El 24 de octubre Mussolini se encontraba ya en N\u00e1poles con 40&nbsp;000 camisas negras all\u00ed reunidos, afirmando p\u00fablicamente el derecho del fascismo a gobernar el pa\u00eds.<\/p>\n\n\n\n<p>La noche del 27 al 28 de octubre, grupos de fascistas empezaron a ocupar centralitas de tel\u00e9fonos y edificios gubernamentales. El jefe del gobierno,&nbsp;Luigi Facta, le pidi\u00f3 al rey&nbsp;V\u00edctor Manuel&nbsp;que declarase el&nbsp;estado de sitio&nbsp;para que el ej\u00e9rcito pudiese frenar a los fascistas pero el monarca se neg\u00f3. Al contrario, el 29 de octubre el rey encarg\u00f3 a Mussolini la formaci\u00f3n de un gobierno, a pesar de que su partido solo contaba con una peque\u00f1a minor\u00eda de diputados. Al d\u00eda siguiente, Mussolini entr\u00f3 con sus seguidores en Roma (v\u00e9ase&nbsp;Marcha sobre Roma), creando el mito de que hab\u00eda llegado al poder impulsado por una insurrecci\u00f3n popular que hab\u00eda frenado una revoluci\u00f3n socialista.<sup><a href=\"https:\/\/es.wikipedia.org\/wiki\/Benito_Mussolini#cite_note-13\">1<\/a><\/sup><\/p>\n\n\n\n<h3 class=\"wp-block-heading\">Mussolini como presidente del Consejo<\/h3>\n\n\n\n<p>El 16 de noviembre, Mussolini se present\u00f3 en la C\u00e1mara (obtuvo el voto de confianza con 316 a favor, 116 en contra y 7 abstenciones) y dio su primer discurso como presidente del Consejo de Ministros (el llamado \u00ab<em>Discorso del bivacco<\/em>\u00bb). Declar\u00f3:<\/p>\n\n\n\n<blockquote class=\"wp-block-quote is-layout-flow wp-block-quote-is-layout-flow\"><p>He rechazado la posibilidad de vencer totalmente y pod\u00eda hacerlo. Me autoimpuse l\u00edmites. Me dije que la mejor sabidur\u00eda es la que no se abandona despu\u00e9s de la victoria. Con 300&nbsp;000 j\u00f3venes armados totalmente, decididos a todo y casi m\u00edsticamente listos a ejecutar cualquier orden que yo les diera, pod\u00eda haber castigado a todos los que han difamado e intentado enfangar al fascismo. Pod\u00eda hacer de esta aula sorda y gris un campamento de soldados: pod\u00eda destruir con hierros el Parlamento y constituir un gobierno exclusivamente de fascistas. Pod\u00eda: pero no lo he querido, al menos en este primer momento.<\/p><\/blockquote>\n\n\n\n<p>El 24 de noviembre le fueron conferidos por el Parlamento plenos poderes en los \u00e1mbitos econ\u00f3mico y administrativo hasta el 31 de diciembre de 1923 con el fin de \u00abrestablecer el orden\u00bb. El 15 de diciembre de 1922 se reuni\u00f3, por primera vez, el&nbsp;Gran Consiglio del Fascismo&nbsp;(&#8217;Gran Consejo del Fascismo').<\/p>\n\n\n\n<p>El 14 de enero de 1923 los camisas negras fueron institucionalizados a trav\u00e9s de la creaci\u00f3n de la&nbsp;Milizia Volontaria per la Sicurezza Nazionale&nbsp;(&#8217;Milicia Voluntaria para la Seguridad Nacional'). Luego, el 9 de junio, present\u00f3 en la C\u00e1mara la nueva&nbsp;ley Acerbo&nbsp;sobre las elecciones. Fue aprobada el 21 de julio. Ese mismo mes, gracias al apoyo brit\u00e1nico, en la&nbsp;Conferencia de Lausana&nbsp;se reconoci\u00f3 el dominio italiano sobre el&nbsp;Dodecaneso, que hab\u00eda sido ocupado en el a\u00f1o 1912.<\/p>\n\n\n\n<p>El 28 de agosto tuvo lugar la masacre de Gioannina: la expedici\u00f3n militar italiana&nbsp;<em>Tellini<\/em>&nbsp;\u2014que ten\u00eda la tarea de definir la l\u00ednea lim\u00edtrofe entre&nbsp;Grecia&nbsp;y&nbsp;Albania\u2014 fue aniquilada por soldados griegos. Mussolini envi\u00f3 un ultim\u00e1tum a Grecia para solicitar reparaci\u00f3n y, tras el rechazo del gobierno griego, orden\u00f3 a la marina italiana que ocupara&nbsp;Corf\u00f9.<\/p>\n\n\n\n<p>Con esta acci\u00f3n, el nuevo presidente del Consejo demostr\u00f3 tener una pol\u00edtica externa fuerte y obtuvo, gracias a la&nbsp;Sociedad de Naciones, las reparaciones solicitadas (s\u00f3lo tras abandonar la isla ocupada).<\/p>\n\n\n\n<p>El 19 de diciembre Mussolini presidi\u00f3 la firma del acuerdo entre&nbsp;Confindustria&nbsp;y la Confederaci\u00f3n de las corporaciones fascistas. El decreto real n\u00famero 284 del 30 de diciembre de 1923 estableci\u00f3 la creaci\u00f3n de los Enti Comunali di Assistenza (ECA) con la misi\u00f3n de \u00abcoordinar todas las actividades, p\u00fablicas o privadas, dirigidas a socorrer a los indigentes, proveyendo, si fuera necesario, de sus cuidados o promoviendo donde fuera posible la educaci\u00f3n, la instrucci\u00f3n y el aprendizaje de profesiones, artes o trabajos\u00bb. Fueron unificados en dos entes territoriales que se dedicar\u00edan a la asistencia sanitaria y material de los pobres y de la infancia abandonada (v\u00e9ase el real decreto 383 del 3 de marzo de 1933).<\/p>\n\n\n\n<p>El 27 de enero de 1924 se firm\u00f3 el&nbsp;Tratado de Roma&nbsp;entre Italia y&nbsp;Yugoslavia, con el cual esta \u00faltima reconoc\u00eda la italianidad de&nbsp;Fiume, que fue anexada el 16 de febrero. Despu\u00e9s de esto, el rey confiri\u00f3 a Mussolini la condecoraci\u00f3n del&nbsp;Collare dell&#8217;Annunziata.<\/p>\n\n\n\n<p>A partir del 7 de febrero, el gobierno italiano estableci\u00f3 relaciones diplom\u00e1ticas con la&nbsp;Uni\u00f3n Sovi\u00e9tica. Un acuerdo con el&nbsp;Reino Unido&nbsp;permiti\u00f3 a Italia adquirir una regi\u00f3n que fue anexada a la&nbsp;Somalia italiana. El 24 de marzo se intent\u00f3 por primera vez radiotransmitir un discurso pol\u00edtico.<\/p>\n\n\n\n<p>En las elecciones del 6 de abril de 1924, la Lista Nazionale (conocida con el nombre de&nbsp;<em>Listone<\/em>) obtuvo el 60% de los votos y 356 diputados (despu\u00e9s quedaron en 355 por la muerte de&nbsp;Giuseppe De Nava, que no fue sustituido); a ellos se a\u00f1aden el 4,8 de los votos y 19 puestos conseguidos por la \u00ablista bis\u00bb. En total las dos listas alcanzan el 64,9&nbsp;% de los votos v\u00e1lidos, obteniendo 375 parlamentarios, de los cuales 275 inscritos en el Partido Nacional Fascista. Adem\u00e1s del PNF se hab\u00edan unido al&nbsp;<em>Listone<\/em>&nbsp;la mayor\u00eda de los exponentes liberales y democr\u00e1ticos (como por ejemplo&nbsp;Vittorio Emanuele Orlando,&nbsp;Antonio Salandra&nbsp;y&nbsp;Enrico De Nicola&nbsp;(que retir\u00f3 su candidatura antes de las elecciones), expopulares expulsados del&nbsp;Partido Popular Italiano, demosociales y del&nbsp;Partido Sardo de Acci\u00f3n&nbsp;y numerosas personalidades de la derecha italiana.<\/p>\n\n\n\n<p>La consulta se desarroll\u00f3 en un clima de violencia e intimidaci\u00f3n contra quienes se opusieran a los candidatos del r\u00e9gimen, y los abusos perpetrados por los fascistas fueron denunciados el 30 de mayo por el diputado socialista&nbsp;Giacomo Matteotti, que con un duro discurso en la C\u00e1mara pidi\u00f3 que se anulara el resultado de las elecciones.<\/p>\n\n\n\n<p>El 10 de junio de 1924, Matteotti fue secuestrado y asesinado por&nbsp;<em>squadristas<\/em>&nbsp;fascistas. El evento provoc\u00f3 la \u00absecesi\u00f3n del Aventino\u00bb, es decir, el abandono del Parlamento por parte de los diputados de la oposici\u00f3n, quienes se reunieron en el&nbsp;Aventino&nbsp;para protestar por el homicidio. Sin embargo, no realizaron ninguna acci\u00f3n pol\u00edtica. Fortalecido por la indecisi\u00f3n de la oposici\u00f3n, el 3 de enero de 1925 Mussolini dio un discurso en el parlamento en el que se muestra a las claras la verdadera relaci\u00f3n de fuerzas que hab\u00eda en el pa\u00eds: con el fin de demostrar su propio poder, proclam\u00f3 que quer\u00eda asumir sobre s\u00ed \u00abcualquier responsabilidad hist\u00f3rica, pol\u00edtica y moral\u00bb que se derive del asesinato de Matteotti. Tal discurso es considerado el inicio del r\u00e9gimen dictatorial fascista.<\/p>\n\n\n\n<h3 class=\"wp-block-heading\">La muerte de Mussolini<\/h3>\n\n\n\n<p>Al hacerse evidente la derrota alemana en la primavera de 1945, Mussolini no ten\u00eda claro qu\u00e9 camino deb\u00eda seguir y dudaba entre retirase a una \u00faltima defensa desesperada en&nbsp;Trieste&nbsp;o en la&nbsp;Valtelina, o buscar refugio en&nbsp;Suiza; pero realmente no hab\u00eda planes concretos para ninguna de esas posibilidades. Finalmente, el 18 de abril se traslad\u00f3 a&nbsp;Mil\u00e1n, donde se concert\u00f3 una reuni\u00f3n con la&nbsp;resistencia&nbsp;que se deb\u00eda celebrar a las tres de la tarde del 25 de abril en el palacio arzobispal, con la mediaci\u00f3n del&nbsp;cardenal&nbsp;y&nbsp;arzobispo de Mil\u00e1n&nbsp;Ildefonso Schuster. Apenas hubo negociaciones porque pronto lleg\u00f3 la noticia de que el general de la&nbsp;Waffen-SSKarl Wolff&nbsp;hab\u00eda fijado el cese de la lucha para las cinco de la tarde. Aunque Mussolini afirm\u00f3 que continuar\u00eda con las conversaciones, inmediatamente march\u00f3 hacia&nbsp;Como, donde la&nbsp;Rep\u00fablica de Sal\u00f3&nbsp;se desmoronaba. Finalmente decidi\u00f3 huir, hacia el norte y sin destino concreto, disfrazado de soldado en un convoy alem\u00e1n al mando del teniente Schallmayer de la&nbsp;Luftwaffe. En Como se quedaron su esposa&nbsp;Rachele&nbsp;y sus hijos peque\u00f1os, aunque s\u00ed se llev\u00f3 consigo a&nbsp;Clara Petacci&nbsp;y a su hermano Marcello, que pretend\u00edan hacerse pasar por el c\u00f3nsul espa\u00f1ol y esposa. Tambi\u00e9n formaban parte de la columna otros l\u00edderes fascistas, como&nbsp;Alessandro Pavolini&nbsp;y&nbsp;Nicola Bombacci.<sup><a href=\"https:\/\/es.wikipedia.org\/wiki\/Benito_Mussolini#cite_note-FOOTNOTEBosworth200344-47-51\">4<\/a><\/sup><\/p>\n\n\n\n<p>El convoy fue detectado cerca de la localidad de&nbsp;Dongo&nbsp;a las seis y media de la ma\u00f1ana del 27 de abril por un grupo de&nbsp;partisanos comunistas&nbsp;de la Brigada Garibaldi dirigidos por&nbsp;Urbano Lazzaro. Despu\u00e9s de un primer intercambio de disparos, y ante la llegada de refuerzos guerrilleros, Schallmayer accedi\u00f3 a negociar. Los partisanos, que ya hab\u00edan identificado al funcionario de la RSI&nbsp;Francesco Barracu, permitieron la retirada de los alemanes a cambio de la entrega de todos los italianos. Cerca de las siete de la tarde, cuando los partisanos revisaban la documentaci\u00f3n de los miembros de la columna, uno de ellos, Giussepe Negri, reconoci\u00f3 a Mussolini y se lo comunic\u00f3 a Lazzaro.<sup><a href=\"https:\/\/es.wikipedia.org\/wiki\/Benito_Mussolini#cite_note-FOOTNOTEBosworth200348-49-52\">4<\/a><\/sup><\/p>\n\n\n\n<p>La misma noche del 27 al 28 de abril la noticia de la detenci\u00f3n de Mussolini lleg\u00f3 a&nbsp;Mil\u00e1n&nbsp;y la hizo p\u00fablica por radio&nbsp;Sandro Pertini, futuro&nbsp;presidente de la Rep\u00fablica&nbsp;y entonces dirigente del&nbsp;Comit\u00e9 de Liberaci\u00f3n Nacional&nbsp;(CLN), a la vez que anunciaba la decisi\u00f3n del Comit\u00e9 de que Mussolini deb\u00eda ser fusilado \u00abcomo un perro rabioso\u00bb.<sup><a href=\"https:\/\/es.wikipedia.org\/wiki\/Benito_Mussolini#cite_note-FOOTNOTEBosworth200349-50-53\">4<\/a><\/sup><\/p>\n\n\n\n<p>La ma\u00f1ana del d\u00eda 28 se reuni\u00f3 a Mussolini y a&nbsp;Clara Petacci&nbsp;en una casa campesina de&nbsp;Dongo&nbsp;y hasta all\u00ed lleg\u00f3 desde Mil\u00e1n un grupo de&nbsp;partisanos&nbsp;comunistas&nbsp;dirigidos por&nbsp;Walter Audisio, con orden de ejecutarlos. Aunque Mussolini crey\u00f3 en un primer momento que Audisio ven\u00eda a liberarlos, este los llev\u00f3 en un&nbsp;Fiat 1100&nbsp;hasta la aldea de&nbsp;Giulino di Mezzegra&nbsp;donde, junto a la v\u00eda XXIV Maggio, y ante las puertas de Villa Belmonte fueron fusilados a las 16:10.<sup><a href=\"https:\/\/es.wikipedia.org\/wiki\/Benito_Mussolini#cite_note-FOOTNOTEBosworth200350-54\">5<\/a><\/sup><\/p>\n\n\n\n<p>Los cad\u00e1veres fueron trasladados en la tarde del mismo 28 de abril en un cami\u00f3n a&nbsp;Mil\u00e1n. En el trayecto no se permiti\u00f3 que nadie se acercara a los cuerpos, hasta que llegaron el d\u00eda 29 a la&nbsp;Plaza Loreto&nbsp;de esa ciudad. All\u00ed fueron sometidos a toda clase de ultrajes por la muchedumbre; el servicio de polic\u00eda, compuesto por&nbsp;partisanos&nbsp;y&nbsp;bomberos, colg\u00f3 luego los cad\u00e1veres cabeza abajo en una gasolinera de la plaza, algo que algunos autores consideran como simb\u00f3lico por la forma en que los fascistas trataban a sus enemigos. Esto se hizo para confirmar p\u00fablicamente su muerte, y como gesto de humillaci\u00f3n y venganza partisana, ya que en ese mismo lugar se hab\u00edan colgado meses atr\u00e1s los cad\u00e1veres de quince partisanos&nbsp;antifascistas. El cad\u00e1ver de Mussolini fue desfigurado a golpes a tal extremo que su rostro result\u00f3 casi irreconocible; algo menos ocurri\u00f3 con Petacci. Aun muertos fueron objeto de burlas e incluso fueron colocados uno al lado del otro para ser fotografiados en la morgue. Horas m\u00e1s tarde los l\u00edderes locales del CLN decidieron cesar la exhibici\u00f3n y retirar los cuerpos, que fueron colocados en cajones de&nbsp;madera&nbsp;con paja en su interior y retirados para sepultarse en tumbas an\u00f3nimas.<\/p>\n\n\n\n<p>Poco despu\u00e9s del final de la guerra, el 22 de abril de 1946, los restos de Mussolini fueron robados del cementerio de&nbsp;Musocco&nbsp;por obra de un grupo de&nbsp;neofascistas autodenominados \u00abSAM-Squadre d&#8217;Azione Mussolini\u00bb y capitaneados por&nbsp;Domenico Leccisi. El cuerpo de Mussolini estuvo desaparecido varios meses. Despu\u00e9s de la restituci\u00f3n a la familia, su cad\u00e1ver fue trasladado en 1957 a la capilla de&nbsp;Predappio.<\/p>\n\n\n\n<p>El 29 de abril de 1945 se inform\u00f3 a&nbsp;Adolf Hitler&nbsp;de la muerte de Mussolini, aunque no est\u00e1 claro si se le transmitieron los detalles de lo sucedido con su cad\u00e1ver y el de Clara Petacci. En cualquier caso ya hab\u00eda tomado la decisi\u00f3n de que los sovi\u00e9ticos no iban a capturarlo y tampoco iban a hacerse con su cad\u00e1ver, por lo que orden\u00f3 que el suyo y el de&nbsp;Eva Braun&nbsp;fuesen quemados despu\u00e9s de su&nbsp;suicidio. Diversas fuentes han alentado la leyenda de que la suerte de Mussolini influy\u00f3 en Hitler; por ejemplo se atribuy\u00f3 a&nbsp;G\u00f6ring una conversaci\u00f3n durante los&nbsp;Juicios de N\u00faremberg&nbsp;en la que afirmaba que \u00e9l y Hitler hab\u00edan visto las fotograf\u00edas de Mussolini colgado boca abajo, cuando G\u00f6ring hab\u00eda estado por \u00faltima vez con Hitler ocho d\u00edas despu\u00e9s del cumplea\u00f1os de este, el d\u00eda que sucedi\u00f3 la muerte de Mussolini.<sup><a href=\"https:\/\/es.wikipedia.org\/wiki\/Benito_Mussolini#cite_note-FOOTNOTETrevor-Roper2000291-292-59\">5<\/a><\/sup><\/p>\n\n\n\n<p><br><\/p>\n","protected":false},"excerpt":{"rendered":"<p>Benito Mussolini (1883-1945) fue un pol\u00edtico, militar y periodista&nbsp;italiano;&nbsp;Presidente del Consejo de Ministros Reales&nbsp;de Italia desde 1922 hasta 1943 y&nbsp;Duce&nbsp;\u2014gu\u00eda\u2014 de la&nbsp;Rep\u00fablica Social Italiana&nbsp;desde 1943 hasta su ejecuci\u00f3n. Llev\u00f3 al poder al&nbsp;Partido Nacional Fascista&nbsp;y posterior&nbsp;Partido Fascista Republicano, y lider\u00f3 un r\u00e9gimen&nbsp;totalitario&nbsp;durante el per\u00edodo conocido como&nbsp;fascismo italiano&nbsp;del&nbsp;Reino de Italia&nbsp;bajo el benepl\u00e1cito de&nbsp;V\u00edctor Manuel III. Adem\u00e1s, fue [&hellip;]<\/p>\n","protected":false},"author":1,"featured_media":31429,"comment_status":"open","ping_status":"open","sticky":false,"template":"","format":"standard","meta":{"footnotes":""},"categories":[14,12],"tags":[],"class_list":["post-31428","post","type-post","status-publish","format-standard","has-post-thumbnail","hentry","category-internacionales","category-politica-3"],"_links":{"self":[{"href":"https:\/\/debateplural.net\/site\/wp-json\/wp\/v2\/posts\/31428"}],"collection":[{"href":"https:\/\/debateplural.net\/site\/wp-json\/wp\/v2\/posts"}],"about":[{"href":"https:\/\/debateplural.net\/site\/wp-json\/wp\/v2\/types\/post"}],"author":[{"embeddable":true,"href":"https:\/\/debateplural.net\/site\/wp-json\/wp\/v2\/users\/1"}],"replies":[{"embeddable":true,"href":"https:\/\/debateplural.net\/site\/wp-json\/wp\/v2\/comments?post=31428"}],"version-history":[{"count":2,"href":"https:\/\/debateplural.net\/site\/wp-json\/wp\/v2\/posts\/31428\/revisions"}],"predecessor-version":[{"id":31458,"href":"https:\/\/debateplural.net\/site\/wp-json\/wp\/v2\/posts\/31428\/revisions\/31458"}],"wp:featuredmedia":[{"embeddable":true,"href":"https:\/\/debateplural.net\/site\/wp-json\/wp\/v2\/media\/31429"}],"wp:attachment":[{"href":"https:\/\/debateplural.net\/site\/wp-json\/wp\/v2\/media?parent=31428"}],"wp:term":[{"taxonomy":"category","embeddable":true,"href":"https:\/\/debateplural.net\/site\/wp-json\/wp\/v2\/categories?post=31428"},{"taxonomy":"post_tag","embeddable":true,"href":"https:\/\/debateplural.net\/site\/wp-json\/wp\/v2\/tags?post=31428"}],"curies":[{"name":"wp","href":"https:\/\/api.w.org\/{rel}","templated":true}]}}