{"id":31496,"date":"2019-03-04T12:27:33","date_gmt":"2019-03-04T16:27:33","guid":{"rendered":"http:\/\/debateplural.com\/?p=31496"},"modified":"2019-03-04T12:27:36","modified_gmt":"2019-03-04T16:27:36","slug":"venezuela-enfrenta-a-un-estado-mercenario-eeuu","status":"publish","type":"post","link":"https:\/\/debateplural.net\/site\/2019\/03\/04\/venezuela-enfrenta-a-un-estado-mercenario-eeuu\/","title":{"rendered":"Venezuela enfrenta a un estado \u201cmercenario\u201d, EEUU"},"content":{"rendered":"\n<p>Jose Negron Valera (Hispantv, 2-3-19)<\/p>\n\n\n\n<p>Venezuela est\u00e1 luchando con un estado \u201cmercenario\u201d que boicotea la legislaci\u00f3n internacional para avanzar en sus planes de dominaci\u00f3n imperial, dice un analista.<\/p>\n\n\n\n<p>\u201cEl problema de EE.UU. por el cual su \u00fanica opci\u00f3n: la A, B, C, es la militar y es la guerra, es porque es un Estado que est\u00e1 en decadencia, que, ante el rezago econ\u00f3mico que tiene con Rusia, China y los pa\u00edses del BRICS (Brasil, Rusia, La India, China y Sud\u00e1frica), lo \u00fanico que le queda para mantener su hegemon\u00eda es la guerra y la opci\u00f3n militar\u201d, asegura el&nbsp;analista Jos\u00e9 Negr\u00f3n Valera en una entrevista para&nbsp;<em>HispanTV<\/em>.<\/p>\n\n\n\n<p>El entrevistado ha hecho referencia a la denuncia hecha por el protector del estado venezolano de T\u00e1chira, Freddy Bernal, sobre que el\u00a0Gobierno colombiano presidido por Iv\u00e1n Duque\u00a0est\u00e1 utilizando a ACNUR\u00a0(Agencia de las Naciones Unidas para los Refugiados) para esconder el equipamiento log\u00edstico destinado a un \u201cej\u00e9rcito mercenario\u201d que se est\u00e1 formando en Colombia.<\/p>\n\n\n\n<p>\u201cIv\u00e1n Duque ha dicho que los desertores de la Fuerza Armada Nacional Bolivariana (FANB) est\u00e1n bajo el estatus de refugiados. Esto es una estrategia para esconder el plan subversivo, que\u00a0las fuerzas de operaciones especiales de EE.UU. junto con este ej\u00e9rcito mercenario van a intentar focos de protesta e insurrecci\u00f3n en la frontera colombiana\u201d, a\u00f1ade. <\/p>\n\n\n\n<p>El analista ha insistido en que la opci\u00f3n de EE.UU. es militar y afirma que en los pr\u00f3ximos d\u00edas los venezolanos\u00a0se van a enfrentar a un \u201cplan insurreccional\u201d pensado por Elliott Abrams\u00a0(encargado del proyecto de EE.UU. para\u00a0derrocar al Gobierno de Caracas) en conjunto con el Gobierno de Iv\u00e1n Duque.<\/p>\n\n\n\n<p>La nueva crisis que atraviesa el pa\u00eds suramericano comenz\u00f3 el 10 de enero, cuando el presidente venezolano, Nicol\u00e1s Maduro, tom\u00f3 posesi\u00f3n de su segundo mandato tras\u00a0vencer\u00a0en las elecciones presidenciales de\u00a0mayo de 2018 en Venezuela.<\/p>\n\n\n\n<p>Pese al reiterado\u00a0llamado\u00a0del jefe de Estado para entablar un\u00a0di\u00e1logo\u00a0tanto con la oposici\u00f3n como con EE.UU., estos\u00a0se niegan a sentarse en la mesa de conversaciones y solo buscan derrocar a Maduro.<\/p>\n\n\n\n<p>La Casa Blanca, de hecho, incluso ha recurrido a amenazar militarmente a Caracas, y llama, aun en vano,\u00a0a revelarse a los militares venezolanos. Es m\u00e1s, seg\u00fan varias alertas, est\u00e1 intentando meter en Venezuela\u00a0armas\u00a0camufladas bajo el paraguas de ayuda humanitaria.<\/p>\n","protected":false},"excerpt":{"rendered":"<p>Jose Negron Valera (Hispantv, 2-3-19) Venezuela est\u00e1 luchando con un estado \u201cmercenario\u201d que boicotea la legislaci\u00f3n internacional para avanzar en sus planes de dominaci\u00f3n imperial, dice un analista. \u201cEl problema de EE.UU. por el cual su \u00fanica opci\u00f3n: la A, B, C, es la militar y es la guerra, es porque es un Estado que [&hellip;]<\/p>\n","protected":false},"author":1,"featured_media":30993,"comment_status":"open","ping_status":"open","sticky":false,"template":"","format":"standard","meta":{"footnotes":""},"categories":[14,12],"tags":[],"class_list":["post-31496","post","type-post","status-publish","format-standard","has-post-thumbnail","hentry","category-internacionales","category-politica-3"],"_links":{"self":[{"href":"https:\/\/debateplural.net\/site\/wp-json\/wp\/v2\/posts\/31496"}],"collection":[{"href":"https:\/\/debateplural.net\/site\/wp-json\/wp\/v2\/posts"}],"about":[{"href":"https:\/\/debateplural.net\/site\/wp-json\/wp\/v2\/types\/post"}],"author":[{"embeddable":true,"href":"https:\/\/debateplural.net\/site\/wp-json\/wp\/v2\/users\/1"}],"replies":[{"embeddable":true,"href":"https:\/\/debateplural.net\/site\/wp-json\/wp\/v2\/comments?post=31496"}],"version-history":[{"count":1,"href":"https:\/\/debateplural.net\/site\/wp-json\/wp\/v2\/posts\/31496\/revisions"}],"predecessor-version":[{"id":31497,"href":"https:\/\/debateplural.net\/site\/wp-json\/wp\/v2\/posts\/31496\/revisions\/31497"}],"wp:featuredmedia":[{"embeddable":true,"href":"https:\/\/debateplural.net\/site\/wp-json\/wp\/v2\/media\/30993"}],"wp:attachment":[{"href":"https:\/\/debateplural.net\/site\/wp-json\/wp\/v2\/media?parent=31496"}],"wp:term":[{"taxonomy":"category","embeddable":true,"href":"https:\/\/debateplural.net\/site\/wp-json\/wp\/v2\/categories?post=31496"},{"taxonomy":"post_tag","embeddable":true,"href":"https:\/\/debateplural.net\/site\/wp-json\/wp\/v2\/tags?post=31496"}],"curies":[{"name":"wp","href":"https:\/\/api.w.org\/{rel}","templated":true}]}}