{"id":31696,"date":"2019-03-12T12:52:31","date_gmt":"2019-03-12T16:52:31","guid":{"rendered":"http:\/\/debateplural.com\/?p=31696"},"modified":"2019-03-12T12:52:39","modified_gmt":"2019-03-12T16:52:39","slug":"venezuela-comuna-altos-de-lidice-el-chavismo-a-flor-de-piel","status":"publish","type":"post","link":"https:\/\/debateplural.net\/site\/2019\/03\/12\/venezuela-comuna-altos-de-lidice-el-chavismo-a-flor-de-piel\/","title":{"rendered":"Venezuela \/ Comuna Altos de L\u00eddice: El chavismo a flor de piel"},"content":{"rendered":"\n<p>Carlos Aznarez (teleSur, 11-3-19)<\/p>\n\n\n\n<p>Altos de L\u00eddice es una comuna socialista bolivariana que re\u00fane varios Consejos Comunales en pleno Caracas. All\u00ed con esfuerzo y una enorme dosis de militancia, mujeres y hombres de la Corriente Revolucionaria Bol\u00edvar Zamora vienen desarrollando un trabajo de organizaci\u00f3n, formaci\u00f3n pol\u00edtica, empoderamiento vecinal y sobre todo, de crecimiento del h\u00e1bitat transformando las carencias, que siempre existen, en proyectos de emancipaci\u00f3n que brinde la mayor cuota de bienestar a la que puede aspirar una zona popular. En ese pedacito de la Capital Venezolana situado en la zona de La Pastora, hay miles de personas que cada d\u00eda salen de sus casas humildes, bajan la empinada cuesta que los lleva hasta el transporte, con calor, con fr\u00edo o con lluvia, y se preparan para batallar contra todas las contingencias que el Imperio y los lacayos de adentro, le plantean a cada venezolano y venezolano.<\/p>\n\n\n\n<p>Guerra econ\u00f3mica, falta de medicamentos esenciales, apagones, y ahora terrorismo cibern\u00e9tico. No falta nada para ahondar m\u00e1s el escenario hostil que los enemigos de la Revoluci\u00f3n le generan al chavismo, pero en Altos de L\u00eddice hay sentimiento de pueblo, de mujeres peleonas y hombres a la par. Se percibe el coraje caribe que se despunt\u00f3 guerreando con los espa\u00f1oles y que ahora le da batalla a los Trump y sus amigos. Como bien dice Nicol\u00e1s Maduro, \u201csomos hijos e hijas de Ch\u00e1vez. No podr\u00e1n con nosotros\u201d. y en esta Comuna son muchos y muchas las que hacen honor a ese t\u00edtulo y lo llevan con orgullo cada jornada.<\/p>\n\n\n\n<p>Hasta all\u00ed llegamos una ma\u00f1ana hace un par de semanas con una delegaci\u00f3n de luchadores populares de distintos pa\u00edses que asistieron a la Asamblea Internacional de los Pueblos, y que encabezaba, entre otros, el referente de Los Sin Tierra de Brasil, Joao Pedro Stedile.<\/p>\n\n\n\n<p>La recepci\u00f3n estuvo a cargo de un militante cuya formaci\u00f3n pol\u00edtica iba de la mano con su elocuencia y tradicional anfitrion\u00eda caribe\u00f1a. Eran los \u00faltimos d\u00edas de Carnaval, que en Venezuela se festejan con mucha pasi\u00f3n, y es por ello que adem\u00e1s de escuchar bell\u00edsimas canciones de la tierra brav\u00eda del Libertador Sim\u00f3n Bolivar, los visitantes pudieron disfrutar de escenas humor\u00edsticas de mujeres, ni\u00f1os y ni\u00f1as disfrazados, que bailaron, cantaron y por supuesto vivaron en varias ocasiones a Ch\u00e1vez y Maduro. Mientras los m\u00e1s peque\u00f1os repartieron a los reci\u00e9n llegados unos cartelitos con frases significativas como \u201cpaz\u201d, \u201cjusticia\u201d, \u201camor\u201d, \u201ctolerancia\u201d y tantas otras, un grupo de mujeres explicaron que todos ellos, chicos y grandes pertenec\u00edan a un grupo de baile, canto y formaci\u00f3n cultural, que se impulsaba en la Comuna para encausar vocaciones art\u00edsticas de j\u00f3venes y peque\u00f1os.<\/p>\n\n\n\n<p>Luego, comenz\u00f3 el recorrido por las calles de la Comuna, y con el compa\u00f1ero que oficiaba de gu\u00eda fuimos descubriendo que una de las carencias complicadas de la zona es la falta de agua y es por eso que est\u00e1n trabajando en la idea de obtenerla de un r\u00edo cercano, pero que la dificultad surge de que como el barrio est\u00e1 en un terreno alto esa tarea implicar\u00eda un largo trazado de ca\u00f1er\u00edas, adem\u00e1s de los generadores que impulsen el tan preciado l\u00edquido desde abajo hacia arriba. El otro problema es la falta de transporte, ya que por lo empinado de la zona, las empresas no quieren subir hasta all\u00ed. Sin embargo, como todo lo que ese heroico pueblo venezolano viene realizando en las \u00faltimas d\u00e9cadas, nadie se amilana ante los inconvenientes y avanzan paso a paso hacia cada uno de los objetivos que se trazan.<\/p>\n\n\n\n<p>Otra experiencia interesante fue trepar a la m\u00e1xima altura del lugar, donde los j\u00f3venes vecinos se est\u00e1n preocupando en desmalezar, limpiar el terreno (son varias terrazas escalonadas) y prepararlo para cultivar alimentos de uso diario. All\u00ed, nuestro gu\u00eda coment\u00f3 que est\u00e1n procurando semillas, cosa que no les resultaba f\u00e1cil. Algo que Stedile tom\u00f3 como un compromiso para facilitarles una buena cantidad, ya que el MST est\u00e1 trabajando desde hace a\u00f1os en el Estado M\u00e9rida, generando (por la facilidad que otorga el clima) semillas a fin de ayudar a construir alternativas en un pa\u00eds que hasta ahora todo lo basaba en el petr\u00f3leo, y que debido al criminal bloqueo que sufre, necesita abrir nuevas puntas de autosustentabilidad.<\/p>\n\n\n\n<p>Entre aplausos y v\u00edtores a la unidad y la solidaridad entre los pueblos, toda la comitiva que hab\u00eda escalado con no pocas dificultades ya que una gran lluvia reciente convirti\u00f3 al terreno en una pista de patinaje sobre barro, volvi\u00f3 a descender para seguir recorriendo la zona. As\u00ed llegamos hasta un emprendimiento textil donde diariamente, compa\u00f1eras comuneras cosen uniformes para colegios o fabrican camisetas (franelas) de todos los tama\u00f1os. All\u00ed tambi\u00e9n el bloqueo hab\u00eda dado un peque\u00f1o toque, ya que seg\u00fan contaron las trabajadoras, cada vez que se rompe una pieza de alguna de las m\u00e1quinas de cocer, cuesta much\u00edsimo conseguir el repuesto, ya que casi todos esos insumos son o fabricados en Estados Unidos, Reino Unido o Canad\u00e1, pa\u00edses hostiles a la Revoluci\u00f3n Bolivariana.<\/p>\n\n\n\n<p>M\u00e1s abajo, nos encontramos con otro de los orgullos de la Comuna, el centro sanitario, donde una joven m\u00e9dica venezolana hace aut\u00e9nticos milagros atendiendo a la comunidad, con muy pocas medicinas para ir repartiendo, pero con una ternura y una vocaci\u00f3n innegable.<\/p>\n\n\n\n<p>Por \u00faltimo, calles m\u00e1s abajo todo el grupo fue invitado a comer en unos de los Centros comunales. Rodeados de fotos de Ch\u00e1vez, Maduro, Diosdado Cabello y grandes pancartas exigiendo que los gringos saquen sus manos de Venezuela, un par de compa\u00f1eras nos dieron la bienvenida con sendos discursos que emocionaron a m\u00e1s de uno de los visitantes. Antes que nada expresaron el agradecimiento por venir de tan lejos a confraternizar y apoyar al pueblo venezolano en esta batalla desigual en la que est\u00e1 empe\u00f1ado, y por otra parte expresaron la idea de que esta guerra \u201cla va a ganar la Revoluci\u00f3n\u201d. Con humildad pero con mucha firmeza, una de las compa\u00f1eras pidi\u00f3 a todos que se hace necesario \u201ccontar en cada pa\u00eds de donde vienen\u201d todo lo que los grandes medios mienten sobre Venezuela.<\/p>\n\n\n\n<p>\u201cAqu\u00ed todos y todas peleamos junto al Comandante Eterno y ahora defenderemos a Nicol\u00e1s (Maduro), porque los que sufrimos la Cuarta Rep\u00fablica sabemos todo lo que hemos ganado en estos 20 a\u00f1os\u201d. Entre aplausos y abrazos a las oradoras, hubo un turno de devoluciones agradecidas a trav\u00e9s de la oratoria, una de ellas de la ex canciller de Manuel Zelaya, Patricia Rodas, quien hizo un paneg\u00edrico de la Revoluci\u00f3n Bolivariana y todo lo que significa para el continente, am\u00e9n de denunciar las maniobras injerencistas y criminales del gobierno Trump. Luego, varias militantes brasile\u00f1as elogiaron el trabajo desarrollado en la Comuna y todos a coros terminamos reclamando la libertad de Lula y el repudio al fascista Bolsonaro.<\/p>\n\n\n\n<p>Finalmente lleg\u00f3 otro homenaje en forma de performance teatral a cargo de otro grupo de ni\u00f1os y ni\u00f1as, y por \u00faltimo un caldo-guiso popular, \u201cpara que no nos olviden y sigamos luchando juntos y juntas\u201d.<\/p>\n\n\n\n<p>Fuerte experiencia la de los Altos de L\u00eddice, con muchas mujeres a la cabeza de la lucha del d\u00eda a d\u00eda para que el sitio crezca, con una notoria cr\u00edtica a la burocracia que no escucha ciertas demandas imprescindibles, pero con la seguridad de que all\u00ed el chavismo tiene una trinchera de lucha insobornable y que todos y todas sintetizaron en una consigna que tiene muchos a\u00f1os de existencia: \u201cNo pasar\u00e1n\u201d. Advertencia que en los tiempos que corren, con el imperio haciendo lo imposible por pegar un zarpazo a la naci\u00f3n bolivariana, adquiere m\u00e1xima vigencia.<\/p>\n","protected":false},"excerpt":{"rendered":"<p>Carlos Aznarez (teleSur, 11-3-19) Altos de L\u00eddice es una comuna socialista bolivariana que re\u00fane varios Consejos Comunales en pleno Caracas. All\u00ed con esfuerzo y una enorme dosis de militancia, mujeres y hombres de la Corriente Revolucionaria Bol\u00edvar Zamora vienen desarrollando un trabajo de organizaci\u00f3n, formaci\u00f3n pol\u00edtica, empoderamiento vecinal y sobre todo, de crecimiento del h\u00e1bitat [&hellip;]<\/p>\n","protected":false},"author":1,"featured_media":30703,"comment_status":"open","ping_status":"open","sticky":false,"template":"","format":"standard","meta":{"footnotes":""},"categories":[14,12],"tags":[],"class_list":["post-31696","post","type-post","status-publish","format-standard","has-post-thumbnail","hentry","category-internacionales","category-politica-3"],"_links":{"self":[{"href":"https:\/\/debateplural.net\/site\/wp-json\/wp\/v2\/posts\/31696"}],"collection":[{"href":"https:\/\/debateplural.net\/site\/wp-json\/wp\/v2\/posts"}],"about":[{"href":"https:\/\/debateplural.net\/site\/wp-json\/wp\/v2\/types\/post"}],"author":[{"embeddable":true,"href":"https:\/\/debateplural.net\/site\/wp-json\/wp\/v2\/users\/1"}],"replies":[{"embeddable":true,"href":"https:\/\/debateplural.net\/site\/wp-json\/wp\/v2\/comments?post=31696"}],"version-history":[{"count":1,"href":"https:\/\/debateplural.net\/site\/wp-json\/wp\/v2\/posts\/31696\/revisions"}],"predecessor-version":[{"id":31697,"href":"https:\/\/debateplural.net\/site\/wp-json\/wp\/v2\/posts\/31696\/revisions\/31697"}],"wp:featuredmedia":[{"embeddable":true,"href":"https:\/\/debateplural.net\/site\/wp-json\/wp\/v2\/media\/30703"}],"wp:attachment":[{"href":"https:\/\/debateplural.net\/site\/wp-json\/wp\/v2\/media?parent=31696"}],"wp:term":[{"taxonomy":"category","embeddable":true,"href":"https:\/\/debateplural.net\/site\/wp-json\/wp\/v2\/categories?post=31696"},{"taxonomy":"post_tag","embeddable":true,"href":"https:\/\/debateplural.net\/site\/wp-json\/wp\/v2\/tags?post=31696"}],"curies":[{"name":"wp","href":"https:\/\/api.w.org\/{rel}","templated":true}]}}