{"id":32105,"date":"2019-03-28T16:34:32","date_gmt":"2019-03-28T20:34:32","guid":{"rendered":"http:\/\/debateplural.com\/?p=32105"},"modified":"2019-03-28T17:02:35","modified_gmt":"2019-03-28T21:02:35","slug":"bombardeo-de-la-otan-sobre-yugoslavia-1","status":"publish","type":"post","link":"https:\/\/debateplural.net\/site\/2019\/03\/28\/bombardeo-de-la-otan-sobre-yugoslavia-1\/","title":{"rendered":"Bombardeo de la OTAN sobre Yugoslavia (1)"},"content":{"rendered":"\n<p>El\u00a0<strong>bombardeo de la OTAN sobre Yugoslavia<\/strong>\u00a0de 1999, tambi\u00e9n conocido por su\u00a0nombre en clave\u00a0<strong>Operaci\u00f3n Fuerza Aliada<\/strong>(en\u00a0ingl\u00e9s,\u00a0<em>Operation Allied Force<\/em>), fue una\u00a0guerra no declarada\u00a0entre la mayor\u00eda de pa\u00edses miembros de la\u00a0OTAN\u00a0y la\u00a0Rep\u00fablica Federal de Yugoslavia, durante la\u00a0Guerra de Kosovo. Los ataques tuvieron lugar desde el 24 de marzo hasta el 11 de junio de 1999. El bombardeo constituy\u00f3 la segunda gran guerra de la OTAN desde su creaci\u00f3n tras la\u00a0Operaci\u00f3n Fuerza Deliberada.<\/p>\n\n\n\n<p>La guerra fue iniciada unilateralmente por la OTAN, sin autorizaci\u00f3n previa del\u00a0Consejo de Seguridad de la ONU, por lo que desde diversos medios y colectivos se ha considerado que los bombardeos constituyeron actos de\u00a0cr\u00edmenes de guerra. \u200b Intelectuales como\u00a0Noam Chomsky\u00a0y\u00a0Jean Bricmont\u00a0condenaron el ataque, manteniendo que constituy\u00f3 una violaci\u00f3n de la\u00a0Carta de las Naciones Unidas. En consecuencia fue la primera vez que la OTAN utilizaba la fuerza militar sin la aprobaci\u00f3n del Consejo de Seguridad de la ONU. Los bombardeos mataron a 462 soldados, 114 polic\u00edas especiales, entre 1\u00a0200 y 5\u00a0700 civiles yugoslavos y tres periodistas chinos. Tambi\u00e9n murieron dos soldados de la OTAN en un accidente de helic\u00f3ptero fuera de combate.<\/p>\n\n\n\n<p>En 2009, la ex fiscal del\u00a0Tribunal Penal Internacional para la ex-Yugoslavia\u00a0Carla del Ponte, en su libro\u00a0<em>La Caza. Yo y los criminales de guerra<\/em>\u00a0cuestion\u00f3 la legalidad del ataque, adem\u00e1s de considerar imposible una investigaci\u00f3n sobre los posibles cr\u00edmenes cometidos por la OTAN durante la campa\u00f1a de bombardeos. <\/p>\n\n\n\n<h3 class=\"wp-block-heading\">Contexto hist\u00f3rico <\/h3>\n\n\n\n<p>Despu\u00e9s de septiembre de 1990 cuando la\u00a0Rep\u00fablica Socialista de Serbia\u00a0aboli\u00f3 unilateralmente la Constituci\u00f3n Yugoslava de 1974, la autonom\u00eda de Kosovo y la regi\u00f3n sufrieron una opresi\u00f3n organizada estatal: desde principios de la d\u00e9cada de 1990, la radio y la televisi\u00f3n en\u00a0idioma alban\u00e9s\u00a0se restringieron y los peri\u00f3dicos se cerraron. Los albaneses de Kosovo fueron despedidos en gran n\u00famero de empresas e instituciones p\u00fablicas, incluidos bancos, hospitales, oficinas de correo y escuelas. En junio de 1991, la asamblea de la Universidad de Pristina y varios consejos de la facultad fueron disueltos y reemplazados por\u00a0serbios. Se impidi\u00f3 a los maestros albaneses de Kosovo ingresar a las instalaciones escolares para el nuevo a\u00f1o escolar que comienza en septiembre de 1991, lo que obliga a los estudiantes a estudiar en sus casas.<sup><a href=\"https:\/\/es.wikipedia.org\/wiki\/Bombardeo_de_la_OTAN_sobre_Yugoslavia#cite_note-milutnovic88-29\">2<\/a><\/sup><\/p>\n\n\n\n<p>M\u00e1s tarde, los\u00a0albanokosovares\u00a0comenzaron una insurgencia contra Belgrado cuando se fund\u00f3 el\u00a0Ej\u00e9rcito de Liberaci\u00f3n de Kosovo\u00a0en 1996. Los enfrentamientos armados entre las dos partes estallaron a principios de 1998. El 15 de octubre se firm\u00f3 un alto el fuego facilitado por la OTAN, pero ambos bandos lo rompieron dos meses despu\u00e9s y se reanudaron los combates. Cuando en enero de 1999 se inform\u00f3 del asesinato de 45 albaneses de Kosovo en la\u00a0masacre de Ra\u010dak, la OTAN decidi\u00f3 que el conflicto solo pod\u00eda resolverse mediante la introducci\u00f3n de una fuerza militar de mantenimiento de la paz para reprimir por la fuerza a las dos partes. Despu\u00e9s de que los\u00a0Acuerdos de Rambouillet\u00a0se rompieron el 23 de marzo con el rechazo yugoslavo de una fuerza de paz externa, la OTAN se prepar\u00f3 para instalar a las fuerzas de paz por la fuerza.<\/p>\n\n\n\n<h3 class=\"wp-block-heading\">Objetivos<\/h3>\n\n\n\n<p>Los objetivos de la OTAN en el conflicto de Kosovo se establecieron en la reuni\u00f3n del Consejo del Atl\u00e1ntico Norte celebrada en la sede de la OTAN en Bruselas el 12 de abril de 1999:<sup><a href=\"https:\/\/es.wikipedia.org\/wiki\/Bombardeo_de_la_OTAN_sobre_Yugoslavia#cite_note-NATO_situation-30\">3<\/a><\/sup><\/p>\n\n\n\n<ul class=\"wp-block-list\"><li>Detener toda acci\u00f3n militar y el fin inmediato de la violencia y represi\u00f3n.<\/li><li>Detener inmediatamente las deportaciones masivas de albanokosovares.<\/li><li>Retirada de Kosovo de todas las fuerzas regulares, paramilitares y policiales yugoslavas.<\/li><li>Introducir en Kosovo la ya mencionada fuerza de interposici\u00f3n.<\/li><li>El regreso incondicional y bajo condiciones de seguridad de todos los refugiados.<\/li><li>El establecimiento de un marco pol\u00edtico de acuerdo para Kosovo basado en la\u00a0Conferencia de Rambouillet, el\u00a0Derecho internacional\u00a0y la\u00a0Carta de las Naciones Unidas.<\/li><\/ul>\n\n\n\n<h3 class=\"wp-block-heading\">La estrategia <\/h3>\n\n\n\n<p>La Operaci\u00f3n Fuerza Aliada predominantemente utiliz\u00f3 una campa\u00f1a a\u00e9rea a gran escala para destruir la infraestructura militar yugoslava desde grandes altitudes. Despu\u00e9s del tercer d\u00eda de bombardeos a\u00e9reos, la OTAN destruy\u00f3 casi todos sus objetivos militares estrat\u00e9gicos en Yugoslavia. A pesar de esto, el ej\u00e9rcito yugoslavo sigui\u00f3 funcionando y atac\u00f3 a los insurgentes del\u00a0Ej\u00e9rcito de Liberaci\u00f3n de Kosovo\u00a0(KLA) en Kosovo, principalmente en las regiones del norte y sudoeste de Kosovo. La OTAN bombarde\u00f3 objetivos econ\u00f3micos y sociales estrat\u00e9gicos, como puentes, instalaciones militares, instalaciones gubernamentales oficiales y f\u00e1bricas, utilizando misiles de crucero de largo alcance para alcanzar objetivos muy defendidos, como instalaciones estrat\u00e9gicas en Belgrado y\u00a0Pristina. Las fuerzas a\u00e9reas de la OTAN tambi\u00e9n se enfocaron en la infraestructura, como las plantas de energ\u00eda (usando BLU-114\/B \"Soft-Bomb\"), las plantas de procesamiento de agua y la emisora estatal, causando mucho da\u00f1o ambiental y econ\u00f3mico en toda Yugoslavia.<\/p>\n\n\n\n<p>La Corporaci\u00f3n\u00a0RAND\u00a0examin\u00f3 el problema en un estudio. El entonces ministro de Relaciones Exteriores neerland\u00e9s, Jozias van Aartsen, dijo que los ataques contra Yugoslavia deber\u00edan debilitar sus capacidades militares y evitar nuevas atrocidades humanitarias.<sup><a href=\"https:\/\/es.wikipedia.org\/wiki\/Bombardeo_de_la_OTAN_sobre_Yugoslavia#cite_note-32\">3<\/a><\/sup><\/p>\n\n\n\n<p>Debido a las leyes restrictivas de los medios de comunicaci\u00f3n, los medios de comunicaci\u00f3n de Yugoslavia ofrec\u00edan poca cobertura de lo que sus fuerzas estaban haciendo en Kosovo, o de las actitudes de otros pa\u00edses ante la crisis humanitaria; entonces, pocos miembros del p\u00fablico esperaban el bombardeo, pensando en cambio que se har\u00eda un trato diplom\u00e1tico.<\/p>\n\n\n\n<h3 class=\"wp-block-heading\">Argumentos a favor de un ataque a\u00e9reo<\/h3>\n\n\n\n<p>Seg\u00fan John Keegan, la capitulaci\u00f3n de Yugoslavia en la Guerra de Kosovo marc\u00f3 un punto de inflexi\u00f3n en la historia de la guerra. \"Demostr\u00f3 que una guerra puede ser ganada solo por el poder a\u00e9reo\". En comparaci\u00f3n, la diplomacia hab\u00eda fallado antes de la guerra, y el despliegue de una gran fuerza terrestre de la OTAN estaba a\u00fan a semanas de distancia cuando\u00a0Slobodan Milo\u0161evi\u0107\u00a0acord\u00f3 un acuerdo de paz.<sup><a href=\"https:\/\/es.wikipedia.org\/wiki\/Bombardeo_de_la_OTAN_sobre_Yugoslavia#cite_note-telegraph-34\">3<\/a><\/sup><\/p>\n\n\n\n<p>En cuanto a por qu\u00e9 el poder a\u00e9reo deber\u00eda haber sido capaz de actuar solo, se ha argumentado que se requieren varios factores. Estos normalmente se juntan solo en raras ocasiones, pero todos ocurrieron durante la Guerra de Kosovo:<sup><a href=\"https:\/\/es.wikipedia.org\/wiki\/Bombardeo_de_la_OTAN_sobre_Yugoslavia#cite_note-bombardment-35\">3<\/a><\/sup><\/p>\n\n\n\n<ol class=\"wp-block-list\"><li>El bombardeo debe ser capaz de causar destrucci\u00f3n y minimizar las bajas. Esto causa presi\u00f3n dentro de la poblaci\u00f3n para terminar con las hostilidades en lugar de prolongarlas. Se dice que el ejercicio del poder a\u00e9reo de precisi\u00f3n en la Guerra de Kosovo ha proporcionado esto.<\/li><li>El gobierno debe ser susceptible a la presi\u00f3n dentro de la poblaci\u00f3n. Como se demostr\u00f3 con el derrocamiento de Milo\u0161evi\u0107 un a\u00f1o despu\u00e9s, el gobierno de Serbia era d\u00e9bilmente autoritario y depend\u00eda del apoyo del interior del pa\u00eds.<\/li><li>Debe haber una disparidad de capacidades militares tal que el oponente no pueda inhibir el ejercicio de la superioridad a\u00e9rea sobre su territorio. Serbia, un estado balc\u00e1nico empobrecido relativamente peque\u00f1o, se enfrent\u00f3 a una coalici\u00f3n de la OTAN mucho m\u00e1s poderosa, incluidos el Reino Unido y los Estados Unidos.<\/li><li>Carl von Clausewitz\u00a0una vez llam\u00f3 a la \"masa esencial del enemigo\" su \"centro de gravedad\". Si se destruye el centro de gravedad, se romper\u00eda o eliminar\u00eda un factor importante en la resistencia de Yugoslavia a la resistencia. En el caso de Milo\u0161evi\u0107, el centro de gravedad era su poder. \u00c9l manipul\u00f3 la hiperinflaci\u00f3n, las sanciones y las restricciones en la oferta y la demanda para permitir que los poderosos intereses comerciales de Serbia se beneficiaran y respondieron manteni\u00e9ndolo en el poder. El da\u00f1o a la econom\u00eda, que lo redujo a un punto en el que se obten\u00edan pocos beneficios, amenaz\u00f3 con socavar su apoyo a Milo\u0161evi\u0107 si la campa\u00f1a a\u00e9rea continuaba, mientras causaba costosos da\u00f1os a la infraestructura.<\/li><\/ol>\n\n\n\n<h3 class=\"wp-block-heading\">Argumentos en contra de un ataque a\u00e9reo <\/h3>\n\n\n\n<ol class=\"wp-block-list\"><li>Diplomacia:<ol><li>Seg\u00fan el teniente general brit\u00e1nico Mike Jackson, la decisi\u00f3n de Rusia el 3 de junio de 1999 de respaldar a Occidente e instar a Milo\u0161evi\u0107 a rendirse fue el \u00fanico evento que tuvo \"la mayor importancia para poner fin a la guerra\". La capitulaci\u00f3n yugoslava se produjo el mismo d\u00eda. Rusia se bas\u00f3 en la ayuda econ\u00f3mica occidental en ese momento, lo que la hizo vulnerable a la presi\u00f3n de la OTAN para retirar el apoyo a Milo\u0161evi\u0107.<\/li><li>La acusaci\u00f3n de Milo\u0161evi\u0107 por la ONU como criminal de guerra (el 24 de mayo de 1999), incluso si no lo influenci\u00f3 personalmente, hizo menos probable la posibilidad de que Rusia reanudara el apoyo diplom\u00e1tico.<\/li><li>El\u00a0acuerdo de Rambouillet\u00a0del 18 de marzo de 1999, si Yugoslavia lo hubiera aceptado, habr\u00eda otorgado a las fuerzas de la OTAN el derecho de tr\u00e1nsito, vivac, maniobra, palanquilla y utilizaci\u00f3n en toda Serbia. Para cuando Milo\u0161evi\u0107 capitulara, las fuerzas de la OTAN tendr\u00edan acceso solo a Kosovo.<\/li><li>La presencia civil internacional en la provincia estar\u00eda bajo el control de la ONU, lo que permitir\u00eda el veto ruso si los intereses serbios se vieran amenazados.<\/li><\/ol><\/li><li>Operaciones en tierra simult\u00e1neas: el KLA emprendi\u00f3 operaciones en Kosovo y tuvo algunos \u00e9xitos contra las fuerzas serbias. El ej\u00e9rcito yugoslavo abandon\u00f3 un puesto fronterizo frente a Morin\u00eb cerca del puesto avanzado del ej\u00e9rcito yugoslavo en Kosare, en el noroeste de la provincia. El puesto avanzado del ej\u00e9rcito yugoslavo en Kosare permaneci\u00f3 en manos yugoslavas durante toda la guerra: esto permiti\u00f3 establecer una l\u00ednea de suministro en la provincia y la posterior toma de territorio en la zona de Junik. El KLA tambi\u00e9n penetr\u00f3 unas pocas millas en el \u00e1rea suroeste del Monte Pastrik. Pero la mayor parte de la provincia permaneci\u00f3 bajo control serbio.<\/li><li>Posible ataque terrestre: el general\u00a0Wesley Clark, Comandante Supremo Aliado en Europa, estaba \"convencido\" de que la planificaci\u00f3n y los preparativos para la intervenci\u00f3n terrestre \"en particular, empujaron a Milo\u0161evi\u0107 a conceder\". La capitulaci\u00f3n yugoslava se produjo el mismo d\u00eda en que el presidente de Estados Unidos,\u00a0Bill Clinton, celebr\u00f3 una reuni\u00f3n ampliamente publicitada con sus cuatro jefes de servicio para discutir opciones para un despliegue de la fuerza de tierra en caso de que fracasara la guerra a\u00e9rea. Sin embargo, Francia y Alemania se opusieron en\u00e9rgicamente a una ofensiva terrestre, y lo hab\u00edan hecho durante algunas semanas, desde abril de 1999. Las estimaciones francesas suger\u00edan que una invasi\u00f3n necesitar\u00eda un ej\u00e9rcito de 500\u00a0000 para tener \u00e9xito. Esto dej\u00f3 a la OTAN, particularmente a los Estados Unidos, con una clara visi\u00f3n de que una operaci\u00f3n de tierra no ten\u00eda apoyo. Con esto en mente, los estadounidenses reafirmaron su fe en la campa\u00f1a a\u00e9rea. La reticencia de la OTAN a utilizar las fuerzas terrestres arroja serias dudas sobre la idea de que Milo\u0161evi\u0107 capitul\u00f3 por temor a una invasi\u00f3n terrestre<\/li><\/ol>\n","protected":false},"excerpt":{"rendered":"<p>El\u00a0bombardeo de la OTAN sobre Yugoslavia\u00a0de 1999, tambi\u00e9n conocido por su\u00a0nombre en clave\u00a0Operaci\u00f3n Fuerza Aliada(en\u00a0ingl\u00e9s,\u00a0Operation Allied Force), fue una\u00a0guerra no declarada\u00a0entre la mayor\u00eda de pa\u00edses miembros de la\u00a0OTAN\u00a0y la\u00a0Rep\u00fablica Federal de Yugoslavia, durante la\u00a0Guerra de Kosovo. Los ataques tuvieron lugar desde el 24 de marzo hasta el 11 de junio de 1999. El bombardeo constituy\u00f3 [&hellip;]<\/p>\n","protected":false},"author":1,"featured_media":32106,"comment_status":"open","ping_status":"open","sticky":false,"template":"","format":"standard","meta":{"footnotes":""},"categories":[14,12],"tags":[],"class_list":["post-32105","post","type-post","status-publish","format-standard","has-post-thumbnail","hentry","category-internacionales","category-politica-3"],"_links":{"self":[{"href":"https:\/\/debateplural.net\/site\/wp-json\/wp\/v2\/posts\/32105"}],"collection":[{"href":"https:\/\/debateplural.net\/site\/wp-json\/wp\/v2\/posts"}],"about":[{"href":"https:\/\/debateplural.net\/site\/wp-json\/wp\/v2\/types\/post"}],"author":[{"embeddable":true,"href":"https:\/\/debateplural.net\/site\/wp-json\/wp\/v2\/users\/1"}],"replies":[{"embeddable":true,"href":"https:\/\/debateplural.net\/site\/wp-json\/wp\/v2\/comments?post=32105"}],"version-history":[{"count":1,"href":"https:\/\/debateplural.net\/site\/wp-json\/wp\/v2\/posts\/32105\/revisions"}],"predecessor-version":[{"id":32107,"href":"https:\/\/debateplural.net\/site\/wp-json\/wp\/v2\/posts\/32105\/revisions\/32107"}],"wp:featuredmedia":[{"embeddable":true,"href":"https:\/\/debateplural.net\/site\/wp-json\/wp\/v2\/media\/32106"}],"wp:attachment":[{"href":"https:\/\/debateplural.net\/site\/wp-json\/wp\/v2\/media?parent=32105"}],"wp:term":[{"taxonomy":"category","embeddable":true,"href":"https:\/\/debateplural.net\/site\/wp-json\/wp\/v2\/categories?post=32105"},{"taxonomy":"post_tag","embeddable":true,"href":"https:\/\/debateplural.net\/site\/wp-json\/wp\/v2\/tags?post=32105"}],"curies":[{"name":"wp","href":"https:\/\/api.w.org\/{rel}","templated":true}]}}