{"id":32109,"date":"2019-03-27T15:00:48","date_gmt":"2019-03-27T19:00:48","guid":{"rendered":"http:\/\/debateplural.com\/?p=32109"},"modified":"2019-03-28T17:09:40","modified_gmt":"2019-03-28T21:09:40","slug":"certera-injerencia-de-ee-uu-en-elecciones-de-bolivia","status":"publish","type":"post","link":"https:\/\/debateplural.net\/site\/2019\/03\/27\/certera-injerencia-de-ee-uu-en-elecciones-de-bolivia\/","title":{"rendered":"Certera injerencia de EE.UU. en elecciones de Bolivia"},"content":{"rendered":"\n<p> \u00a0Odalys Buscar\u00f3n Ochoa (Prensa Latina, 27-3-19)<\/p>\n\n\n\n<p>\n\nEvidencias documentales y declaraciones amenazantes contra Bolivia constatan hoy los peligros de una certera injerencia de Estados Unidos en las elecciones generales de octubre pr\u00f3ximo.<br>\u00danico presidente con m\u00e1s apoyo popular y de votos obtenidos en las urnas en toda la historia boliviana, Evo Morales concentra la retah\u00edla de cr\u00edticas y de campa\u00f1as medi\u00e1ticas por parte de la oposici\u00f3n, en las que sobresalen a diario las ' (noticias falsas) para desvirtuar los logros de su mandato desde 2006.<\/p>\n\n\n\n<p>No han faltado tampoco desde 2017, cuando el Tribunal Supremo Constitucional anunci\u00f3 el fallo de habilitaci\u00f3n de la candidatura de Morales, los pronunciamientos injerencistas de Washington.<\/p>\n\n\n\n<p>Seg\u00fan el analista argentino Alejandro Daus\u00e1, pese a que el accionar actual de Estados Unidos est\u00e1 enfocado hoy en Venezuela, Nicaragua y Cuba, no significa que la norte\u00f1a potencia vaya a quedarse 'de brazos cruzados' ante el panorama pol\u00edtico de Bolivia, donde el presidente Evo Morales avanza al frente de las intenciones de voto de cara a las elecciones de octubre.<\/p>\n\n\n\n<p>Todo el tiempo la Casa Blanca ha enviado claras se\u00f1ales a Morales para que desista de presentarse a los comicios generales de este a\u00f1o.<\/p>\n\n\n\n<p>Argumenta sus advertencias el polit\u00f3logo en el documento del Departamento norteamericano de Estado 'La estrategia de pa\u00eds Bolivia (&#8217;Integrated Country Strategy' https:\/\/www.state.gov\/documents\/organization\/284658.pdf), aprobada en agosto de 2018, la cual contiene elementos y proyecciones para las labores de su misi\u00f3n diplom\u00e1tica.<\/p>\n\n\n\n<p>La estrategia evidencia una clara renovaci\u00f3n de la Doctrina Monroe, dise\u00f1ada en el siglo XIX, con la que Estados Unidos impone el control de lo que considera su patio trasero, sobre Am\u00e9rica Latina y el Caribe.<\/p>\n\n\n\n<p>En el citado documento el Departamento de Estado admite que las relaciones con Bolivia -de m\u00e1s de 170 a\u00f1os- se 'tensionaron desde que el presidente Evo Morales fue elegido y comenz\u00f3 una hostilidad p\u00fablica hacia EE.UU., su embajada y pol\u00edticas econ\u00f3micas neoliberales'.<\/p>\n\n\n\n<p>Cabe recordar que fue precisamente Morales quien expuls\u00f3 del pa\u00eds en 2008 a la estadounidense Agencia Antidrogas y luego en 2013 a la Agencia de los Estados Unidos para el Desarrollo Internacional (Usaid, por sus siglas en ingl\u00e9s).<\/p>\n\n\n\n<p>Para Daus\u00e1, asimismo la estabilidad lograda por el Gobierno boliviano y la permanente condena de Evo a las acciones estadounidenses en el mundo, representan 'un mal ejemplo que el imperialismo no puede tolerar'.<\/p>\n\n\n\n<p>Al mismo tiempo, la injerencia externa es alentada desde adentro por pol\u00edticos de la derecha tradicional boliviana, algunos de los cuales figuran entre los candidatos presidenciales en la actual campa\u00f1a electoral.<\/p>\n\n\n\n<p>En esa cuerda se inscriben las solicitudes de 'ayuda' a Washington formuladas por los expresidentes Carlos Mesa, Jorge Quiroga y Oscar Ort\u00edz para que se activara a trav\u00e9s de la Organizaci\u00f3n de Estados Americanos (OEA) la Carta Democr\u00e1tica Interamericana contra Bolivia en relaci\u00f3n con la repostulaci\u00f3n de Evo.<\/p>\n\n\n\n<p>Justo con esa misi\u00f3n viaj\u00f3 Ort\u00edz el pasado a\u00f1o a la capital estadounidense con un legajo de 700 p\u00e1ginas para que la Comisi\u00f3n Interamericana de Derechos Humanos se pronunciara en contra de la candidatura de Morales, en una dupla con el vicepresidente Alvaro Garc\u00eda Linera, por el Movimiento Al Socialismo-Instrumento Pol\u00edtico Para la Soberan\u00eda de los Pueblos (MAS-IPSP).<\/p>\n\n\n\n<p>Esa maniobra fracas\u00f3 por la presencia y defensa activa ante ese organismo del canciller Diego Pary y el embajador boliviano ante la OEA, Jos\u00e9 Alberto Gonzales.<\/p>\n\n\n\n<p>Igualmente sectores opositores intentaron inmiscuir a la Comisi\u00f3n de la OEA en los asuntos internos del pa\u00eds referidos a los comicios, durante la sesi\u00f3n celebrada en febrero \u00faltimo.<\/p>\n\n\n\n<p>El 30 de noviembre de 2017 el Departamento norteamericano de Estado en un comunicado inst\u00f3 a Morales a 'respetar el referendo del 21 de febrero de 2016, manipulado por la oposici\u00f3n, a no presentar su candidatura para los comicios de 2019, que supone un cuarto mandato para el l\u00edder boliviano en el per\u00edodo de 2020-2025.<\/p>\n\n\n\n<p>Otro pronunciamiento similar fue formulado en diciembre de ese a\u00f1o, a un mes de que se celebraran en el pa\u00eds por primera vez las elecciones primarias, en enero, en las que el presidente obtuvo m\u00e1s de un mill\u00f3n de votos de la militancia del MAS-IPSP, guarismo al que no pudieron acercarse el resto de los partidos conservadores, muchos de los cuales representan a formaciones tradicionales de la derecha.<\/p>\n\n\n\n<p>Si durante las luchas sociales en el pasado reciente hasta 2005, Evo fue blanco de campa\u00f1as de descr\u00e9dito por las agencias estadounidenses como dirigente de los cocaleros (productores de hoja de coca) y como diputado despu\u00e9s, hoy la 'guerra' es contra un presidente que ha transformado a Bolivia en los \u00faltimos 13 a\u00f1os, opin\u00f3 el soci\u00f3logo Fernando Rodr\u00edguez.<\/p>\n\n\n\n<p>Dijo el experto boliviano que las acciones de soberan\u00eda llevadas a cabo por el Gobierno de Evo Morales, como la nacionalizaci\u00f3n de los hidrocarburos, de las empresas estrat\u00e9gicas y de la pol\u00edtica antidrogas son un mal ejemplo.<\/p>\n\n\n\n<p>Una reciente encuesta del Centro Estrat\u00e9gico otorga a Evo Morales un 45 por ciento de intenciones de voto, muy superior al candidato Carlos Mesa, favorito de la oposici\u00f3n, quien tiene los m\u00e1s altos \u00edndices de impopularidad.<\/p>\n\n\n\n<p>Seis de cada 10 ciudadanos interrogados afirma que las pol\u00edticas implementadas por Morales los ha beneficiado.<\/p>\n\n\n\n<p>El presidente se enfrentar\u00e1 en las urnas a siete aspirantes a la primera magistratura con la intenci\u00f3n de fortalecer el proceso de cambios y consolidar los logros pol\u00edticos, econ\u00f3micos y sociales de Bolivia, para un cuarto y \u00faltimo mandato, seg\u00fan prometi\u00f3 recientemente.<\/p>\n\n\n\n<p>&#8217;Con Pedraza ministro y Mesa presidente ten\u00edamos un pa\u00eds con 38,2 por ciento de pobreza extrema (2005); hoy alcanza solo el 15,2&#8242;, contrast\u00f3 este jueves en su cuenta de Twitter el ministro de Comunicaci\u00f3n Manuel Canelas.<\/p>\n\n\n\n<p>Dijo que la evidencia emp\u00edrica es real y muestra que quienes dicen tener la receta dejaron al pa\u00eds con el problema de la pobreza completamente irresuelto.<\/p>\n\n\n\n<p>De acuerdo con la Comisi\u00f3n Econ\u00f3mica de Am\u00e9rica Latina y el Caribe (Cepal), el \u00edndice de Gini sobre desigualdad descendi\u00f3 en 2018 a 0,453, de 0,611 en 2015.<\/p>\n\n\n\n<p>La imagen positiva de Evo Morales alcanza el 53 por ciento, frente a la candidatura de Mesa, que lidera el indicador con 45 puntos porcentuales de negatividad.<\/p>\n\n\n\n<p>Hoy tenemos un liderazgo y hemos generado un sujeto social y un proyecto hist\u00f3rico concreto que es el Socialismo Comunitario hacia el Vivir Bien, in\u00e9dito en la historia de Bolivia, sentenci\u00f3 en exclusiva a Prensa Latina Ximena Centellas, jefa de redes de comunicaci\u00f3n intelectual de la Vicepresidencia.<\/p>\n\n\n\n<p>Alert\u00f3 Centellas, sin embargo, que con una derecha carente de un proyecto y de profunda dependencia del 'imperialismo' y de las empresas trasnacionales, no puede bajarse la guardia, pues 'el imperialismo est\u00e1 ah\u00ed, como tantas veces ha pasado en nuestra historia'.<br><\/p>\n","protected":false},"excerpt":{"rendered":"<p>\u00a0Odalys Buscar\u00f3n Ochoa (Prensa Latina, 27-3-19) Evidencias documentales y declaraciones amenazantes contra Bolivia constatan hoy los peligros de una certera injerencia de Estados Unidos en las elecciones generales de octubre pr\u00f3ximo.\u00danico presidente con m\u00e1s apoyo popular y de votos obtenidos en las urnas en toda la historia boliviana, Evo Morales concentra la retah\u00edla de cr\u00edticas [&hellip;]<\/p>\n","protected":false},"author":1,"featured_media":32110,"comment_status":"open","ping_status":"open","sticky":false,"template":"","format":"standard","meta":{"footnotes":""},"categories":[14,12],"tags":[],"class_list":["post-32109","post","type-post","status-publish","format-standard","has-post-thumbnail","hentry","category-internacionales","category-politica-3"],"_links":{"self":[{"href":"https:\/\/debateplural.net\/site\/wp-json\/wp\/v2\/posts\/32109"}],"collection":[{"href":"https:\/\/debateplural.net\/site\/wp-json\/wp\/v2\/posts"}],"about":[{"href":"https:\/\/debateplural.net\/site\/wp-json\/wp\/v2\/types\/post"}],"author":[{"embeddable":true,"href":"https:\/\/debateplural.net\/site\/wp-json\/wp\/v2\/users\/1"}],"replies":[{"embeddable":true,"href":"https:\/\/debateplural.net\/site\/wp-json\/wp\/v2\/comments?post=32109"}],"version-history":[{"count":1,"href":"https:\/\/debateplural.net\/site\/wp-json\/wp\/v2\/posts\/32109\/revisions"}],"predecessor-version":[{"id":32111,"href":"https:\/\/debateplural.net\/site\/wp-json\/wp\/v2\/posts\/32109\/revisions\/32111"}],"wp:featuredmedia":[{"embeddable":true,"href":"https:\/\/debateplural.net\/site\/wp-json\/wp\/v2\/media\/32110"}],"wp:attachment":[{"href":"https:\/\/debateplural.net\/site\/wp-json\/wp\/v2\/media?parent=32109"}],"wp:term":[{"taxonomy":"category","embeddable":true,"href":"https:\/\/debateplural.net\/site\/wp-json\/wp\/v2\/categories?post=32109"},{"taxonomy":"post_tag","embeddable":true,"href":"https:\/\/debateplural.net\/site\/wp-json\/wp\/v2\/tags?post=32109"}],"curies":[{"name":"wp","href":"https:\/\/api.w.org\/{rel}","templated":true}]}}