{"id":32166,"date":"2019-04-01T17:19:07","date_gmt":"2019-04-01T21:19:07","guid":{"rendered":"http:\/\/debateplural.com\/?p=32166"},"modified":"2019-04-01T17:19:15","modified_gmt":"2019-04-01T21:19:15","slug":"la-otan-en-terreno-de-trump-criticas-y-protestas","status":"publish","type":"post","link":"https:\/\/debateplural.net\/site\/2019\/04\/01\/la-otan-en-terreno-de-trump-criticas-y-protestas\/","title":{"rendered":"La OTAN en terreno de Trump, cr\u00edticas y protestas"},"content":{"rendered":"\n<p> Martha Andr\u00e9s Rom\u00e1n (Prensa Latina, 1-4-19)<\/p>\n\n\n\n<p>\n\n&nbsp;Cuando muchos estadounidenses honren esta semana al reverendo Martin Luther King, la estar\u00e1 reunida en Washington DC, y diversas organizaciones reparan en lo ir\u00f3nico de esa coincidencia.<br>El 4 de abril personas en toda la naci\u00f3n recordar\u00e1n al luchador por los derechos civiles asesinado ese d\u00eda de 1968, y cuyas ideas son consideradas de gran vigencia por diferentes sectores.<\/p>\n\n\n\n<p>Durante esa misma jornada culminar\u00e1 en esta capital una cita de dos d\u00edas del controvertido bloque, acusado por numerosas voces de cometer atropellos alrededor del mundo.<\/p>\n\n\n\n<p>La OTAN ser\u00e1 rechazada de forma no violenta a donde quiera que vaya en Washington DC, expres\u00f3 el director del movimiento World BEYOND War (Mundo m\u00e1s all\u00e1 de la guerra), en un comunicado compartido con Prensa Latina.<\/p>\n\n\n\n<p>&#8217;Esta instituci\u00f3n, que comenz\u00f3 a sofocar la democracia en Europa, a apuntalar los imperios europeos y a generar hostilidad hacia Rusia y las ventas de armas que la acompa\u00f1an, no tiene por qu\u00e9 celebrarse un d\u00eda en el que deber\u00edamos recordar el activismo no violento del doctor King y su llamado a oponerse al militarismo, el racismo y el materialismo extremo', estim\u00f3.<\/p>\n\n\n\n<p>De acuerdo con Swanson, en los pr\u00f3ximos d\u00edas personas decentes llorar\u00e1n a las v\u00edctimas de la OTAN en Yugoslavia, Afganist\u00e1n y Libia, mientras exigen que la alianza militar deje de expandirse y, en cambio, se disuelva.<\/p>\n\n\n\n<p>La referencia a que el bloque estar\u00e1 celebr\u00e1ndose a s\u00ed mismo tiene que ver con que la reuni\u00f3n de ministros de Relaciones Exteriores de la organizaci\u00f3n a realizarse durante mi\u00e9rcoles y jueves tiene entre sus objetivos conmemorar el aniversario 70 de la OTAN.<\/p>\n\n\n\n<p>El secretario general del organismo, Jens Stoltenberg, quien se reunir\u00e1 ma\u00f1ana en la Casa Blanca con el presidente norteamericano, Donald Trump, manifest\u00f3 este lunes en conferencia de prensa que uno de los temas a tratar en la cita ministerial ser\u00e1 el reparto de la carga econ\u00f3mica. Despu\u00e9s de a\u00f1os de recortar miles de millones de los presupuestos de defensa, ahora estamos agregando esos miles de millones, y hemos visto cuatro a\u00f1os consecutivos de aumento de la inversi\u00f3n, expres\u00f3.<\/p>\n\n\n\n<p>Seg\u00fan los datos difundidos por Stoltenberg, desde 2016 los aliados europeos y Canad\u00e1 han agregado 41 mil millones de d\u00f3lares a sus presupuestos de defensa y para finales de 2020 esto aumentar\u00e1 a 100 mil millones.<\/p>\n\n\n\n<p>A\u00f1adi\u00f3 que tambi\u00e9n est\u00e1n invirtiendo m\u00e1s en capacidades importantes, como defensa de misiles, aviones no tripulados y nuevas aeronaves de combate, en tanto la OTAN acaba de acordar una inversi\u00f3n de m\u00e1s de 260 millones de d\u00f3lares en un proyecto para apoyar a las fuerzas estadounidenses en el centro de Polonia.<\/p>\n\n\n\n<p>El hecho de que ese sea uno de los asuntos sobre la mesa quiz\u00e1s est\u00e9 relacionado con las propias presiones de Trump, quien desde su llegada a la presidencia norteamericana ha lanzado cr\u00edticas contra la organizaci\u00f3n por considerar que Estados Unidos destina a ella mucho m\u00e1s dinero que sus aliados.<\/p>\n\n\n\n<p>Frecuentemente el mandatario republicano ha presionado a los miembros de la OTAN para que aporten el dos por ciento de su Producto Interno Bruto al presupuesto de la alianza militar, a pesar de que los dem\u00e1s pa\u00edses acordaron alcanzar tal nivel de contribuci\u00f3n en 2024.<\/p>\n\n\n\n<p>Ese tema se convirti\u00f3 en motivo de tensi\u00f3n en varios encuentros con l\u00edderes de Europa y Canad\u00e1, como ocurri\u00f3 en noviembre pasado cuando, al viajar a Francia, Trump pidi\u00f3 a las naciones del llamado viejo continente 'pagar su parte justa de la OTAN, que Estados Unidos subvenciona enormemente'.<\/p>\n\n\n\n<p>Seg\u00fan la agencia Bloomberg, cuando los ministros extranjeros se re\u00fanan en el Departamento de Estado esta semana y se desplacen por toda la ciudad para discursos y conferencias, estar\u00e1n atentos a Twitter con el fin de ver si el presidente estadounidense 'aprovecha la ocasi\u00f3n para menospreciar sus esfuerzos y cuestionar su causa'.<\/p>\n\n\n\n<p>El medio cree que Trump podr\u00eda renovar sus quejas al recibir a Stoltenberg, quien un d\u00eda despu\u00e9s de ir a la mansi\u00f3n ejecutiva intervendr\u00e1 en una sesi\u00f3n conjunta de la C\u00e1mara de Representantes y el Senado de este pa\u00eds.<\/p>\n\n\n\n<p>Adem\u00e1s del pol\u00e9mico tema del presupuesto, los miembros de la organizaci\u00f3n analizar\u00e1n 'la relaci\u00f3n de la OTAN con Rusia', y los pr\u00f3ximos pasos a adoptar en respuesta a lo que consideran una violaci\u00f3n del Tratado INF (de Eliminaci\u00f3n de Misiles de Corto y Medio Alcance) por parte de Mosc\u00fa, que Washington decidi\u00f3 suspender con igual justificaci\u00f3n.<\/p>\n\n\n\n<p>La semana pasada, durante una comparecencia ante el Congreso, el secretario norteamericano de Estado, Mike Pompeo, dijo que esperan anunciar medidas de la alianza contra Rusia bajo el argumento de la crisis en Ucrania.<\/p>\n\n\n\n<p>UN S\u00cd POR LA PAZ Y CONTRA LA PRESENCIA DE LA OTAN&nbsp;<\/p>\n\n\n\n<p>Mientras en el Departamento de Estado los integrantes del bloque hablar\u00e1n de esos y otros temas, en las calles de la ciudad se esperan acciones de rechazo a la organizaci\u00f3n, incluyendo una iniciativa bautizada como Festival No a la OTAN-S\u00ed a la paz, que incluir\u00e1 marchas, m\u00edtines y presentaciones musicales.<\/p>\n\n\n\n<p>La guerra es el mayor contribuyente al creciente n\u00famero global de refugiados y crisis clim\u00e1ticas, la base de la militarizaci\u00f3n de la polic\u00eda, la primera causa de la erosi\u00f3n de las libertades civiles y un catalizador del racismo y la intolerancia, se\u00f1alaron los organizadores.<\/p>\n\n\n\n<p>Por eso, las agrupaciones civiles detr\u00e1s de la iniciativa llaman 'a una erradicaci\u00f3n de la OTAN, la promoci\u00f3n de la paz, la redirecci\u00f3n de recursos a las necesidades humanas y ambientales, y la desmilitarizaci\u00f3n de nuestras culturas'.<\/p>\n\n\n\n<p>En lugar del aniversario 70 de la OTAN, vamos a celebrar la paz, en conmemoraci\u00f3n del discurso de Martin Luther King en contra de la guerra el 4 de abril de 1967, as\u00ed como su asesinato el a\u00f1o siguiente, instaron.<\/p>\n\n\n\n<p>Una movilizaci\u00f3n contra la cita del organismo ya tuvo lugar el 30 de marzo frente a la Casa Blanca, donde se leyeron carteles como 'La OTAN asesin\u00f3 a un mill\u00f3n de iraqu\u00edes', 'No a la OTAN' y 'La OTAN fuera del Medio Oriente'.\n\n<\/p>\n","protected":false},"excerpt":{"rendered":"<p>Martha Andr\u00e9s Rom\u00e1n (Prensa Latina, 1-4-19) &nbsp;Cuando muchos estadounidenses honren esta semana al reverendo Martin Luther King, la estar\u00e1 reunida en Washington DC, y diversas organizaciones reparan en lo ir\u00f3nico de esa coincidencia.El 4 de abril personas en toda la naci\u00f3n recordar\u00e1n al luchador por los derechos civiles asesinado ese d\u00eda de 1968, y cuyas [&hellip;]<\/p>\n","protected":false},"author":1,"featured_media":32167,"comment_status":"open","ping_status":"open","sticky":false,"template":"","format":"standard","meta":{"footnotes":""},"categories":[14,12],"tags":[],"class_list":["post-32166","post","type-post","status-publish","format-standard","has-post-thumbnail","hentry","category-internacionales","category-politica-3"],"_links":{"self":[{"href":"https:\/\/debateplural.net\/site\/wp-json\/wp\/v2\/posts\/32166"}],"collection":[{"href":"https:\/\/debateplural.net\/site\/wp-json\/wp\/v2\/posts"}],"about":[{"href":"https:\/\/debateplural.net\/site\/wp-json\/wp\/v2\/types\/post"}],"author":[{"embeddable":true,"href":"https:\/\/debateplural.net\/site\/wp-json\/wp\/v2\/users\/1"}],"replies":[{"embeddable":true,"href":"https:\/\/debateplural.net\/site\/wp-json\/wp\/v2\/comments?post=32166"}],"version-history":[{"count":1,"href":"https:\/\/debateplural.net\/site\/wp-json\/wp\/v2\/posts\/32166\/revisions"}],"predecessor-version":[{"id":32168,"href":"https:\/\/debateplural.net\/site\/wp-json\/wp\/v2\/posts\/32166\/revisions\/32168"}],"wp:featuredmedia":[{"embeddable":true,"href":"https:\/\/debateplural.net\/site\/wp-json\/wp\/v2\/media\/32167"}],"wp:attachment":[{"href":"https:\/\/debateplural.net\/site\/wp-json\/wp\/v2\/media?parent=32166"}],"wp:term":[{"taxonomy":"category","embeddable":true,"href":"https:\/\/debateplural.net\/site\/wp-json\/wp\/v2\/categories?post=32166"},{"taxonomy":"post_tag","embeddable":true,"href":"https:\/\/debateplural.net\/site\/wp-json\/wp\/v2\/tags?post=32166"}],"curies":[{"name":"wp","href":"https:\/\/api.w.org\/{rel}","templated":true}]}}