{"id":32353,"date":"2019-04-10T11:31:31","date_gmt":"2019-04-10T15:31:31","guid":{"rendered":"http:\/\/debateplural.com\/?p=32353"},"modified":"2019-04-10T11:31:31","modified_gmt":"2019-04-10T15:31:31","slug":"por-que-tienen-tanto-miedo-de-lula-libre","status":"publish","type":"post","link":"https:\/\/debateplural.net\/site\/2019\/04\/10\/por-que-tienen-tanto-miedo-de-lula-libre\/","title":{"rendered":"\u00bfPor qu\u00e9 tienen tanto miedo de Lula libre?"},"content":{"rendered":"<p>Luiz Inacio Lula da Silva (Cubadebate, 8-4-19)<\/p>\n<p>&nbsp;<\/p>\n<p>Hace un a\u00f1o que estoy preso injustamente, acusado y condenado por un crimen que nunca existi\u00f3. Cada d\u00eda que pas\u00e9 aqu\u00ed hizo aumentar mi indignaci\u00f3n, pero mantengo la fe en un juicio justo en que la verdad va a prevalecer. Puedo dormir con la conciencia tranquila de mi inocencia. Dudo que tengan sue\u00f1o leve los que me condenaron en una farsa judicial.<\/p>\n<p>Lo que m\u00e1s me angustia, sin embargo, es lo que pasa con Brasil y el sufrimiento de nuestro pueblo. Para imponer un juicio de excepci\u00f3n, rompieron los l\u00edmites de la ley y de la Constituci\u00f3n, debilitando la democracia. Los derechos del pueblo y de la ciudadan\u00eda han sido revocados, mientras imponen el recorte de los salarios, la precarizaci\u00f3n del empleo y el alza del costo de vida. Entregamos la soberan\u00eda nacional, nuestras riquezas, nuestras empresas y hasta nuestro territorio para satisfacer intereses extranjeros.<\/p>\n<p>Hoy, est\u00e1 claro que mi condena fue parte de un movimiento pol\u00edtico a partir de la reelecci\u00f3n de la presidenta Dilma Rousseff en 2014. Derrotada en las urnas por cuarta vez consecutiva, la oposici\u00f3n eligi\u00f3 el camino del golpe para volver al poder, retomando el vicio autoritario de las clases dominantes brasile\u00f1as.<\/p>\n<p>El golpe del impeachment sin crimen de responsabilidad fue contra el modelo de desarrollo con inclusi\u00f3n social que el pa\u00eds ven\u00eda construyendo desde 2003. En 12 a\u00f1os, creamos 20 millones de empleos, sacamos a 32 millones de personas de la miseria, multiplicamos el PIB por cinco. Abrimos la universidad para millones de excluidos. Vencimos el hambre.<\/p>\n<p>Aquel modelo era y es intolerable para una capa privilegiada y preconcebida de la sociedad. Ha herido poderosos intereses econ\u00f3micos fuera del pa\u00eds. Mientras\u00a0<a href=\"http:\/\/www.cubadebate.cu\/opinion\/2019\/03\/13\/numeros-de-exxon-muestran-el-por-que-del-golpe-contra-dilma\/\">el Pre-sal despert\u00f3 la codicia de las petroleras extranjeras<\/a>, empresas brasile\u00f1as pasaron a disputar mercados con exportadores tradicionales de otros pa\u00edses.<\/p>\n<p>El impeachment vino para traer de vuelta el neoliberalismo, en versi\u00f3n a\u00fan m\u00e1s radical. Para ello, sabotearon los esfuerzos del gobierno de Rousseff para enfrentar la crisis econ\u00f3mica y corregir sus propios errores. Se hundi\u00f3 el pa\u00eds en un colapso fiscal y en una recesi\u00f3n que a\u00fan perdura. Prometieron que bastaba con sacar al PT del gobierno para que los problemas del pa\u00eds se acabaran.<\/p>\n<p>El pueblo pronto percibi\u00f3 que hab\u00eda sido enga\u00f1ado. El desempleo aument\u00f3, los programas sociales fueron vaciados, escuelas y hospitales perdieron dinero. Una pol\u00edtica suicida implantada por Petrobras hizo el precio del gas de cocina prohibitivo para los pobres y llev\u00f3 a la paralizaci\u00f3n de los camioneros. Quieren acabar con la jubilaci\u00f3n de los ancianos y de los trabajadores rurales.<\/p>\n<p>En las caravanas por el pa\u00eds, vi en los ojos de nuestra gente la esperanza y el deseo de retomar aquel modelo que empez\u00f3 a corregir las desigualdades y dio oportunidades a quienes nunca las tuvieron. Ya a principios de 2018 las encuestas se\u00f1alaban que yo vencer\u00eda las elecciones en primera vuelta.<\/p>\n<p>Era necesario impedir mi candidatura a toda costa. La Lava Jato, que fue tel\u00f3n de fondo en el golpe del impeachment, atropell\u00f3 plazos y prerrogativas de la defensa para condenarme antes de las elecciones. Hab\u00edan grabado ilegalmente mis conversaciones, los tel\u00e9fonos de mis abogados y hasta el de la presidenta de la Rep\u00fablica. He sido objeto de una conducci\u00f3n coercitiva ilegal, verdadero secuestro. Me volcaron mi casa, voltearon mi colch\u00f3n, tomaron celulares y hasta tablets de mis nietos.<\/p>\n<p>Nada han encontrado para incriminarme: ni conversaciones de bandidos, ni maletas de dinero, ni cuentas en el exterior. A pesar de todo, fui condenado en un plazo r\u00e9cord, por Sergio Moro y el TRF-4, por \u201cactos indeterminados\u201d sin que encontraran ninguna conexi\u00f3n entre el apartamento que nunca fue m\u00edo y supuestos desv\u00edos de Petrobras. El Supremo me neg\u00f3 una justa petici\u00f3n de habeas corpus, bajo presi\u00f3n de los medios, del mercado y hasta de las Fuerzas Armadas, como confirm\u00f3 recientemente Jair Bolsonaro, el mayor beneficiario de aquella persecuci\u00f3n.<\/p>\n<p>Mi candidatura fue prohibida contrariando la ley electoral, la jurisprudencia y una determinaci\u00f3n del Comit\u00e9 de Derechos Humanos de la ONU para garantizar mis derechos pol\u00edticos. Y, a\u00fan as\u00ed, nuestro candidato Fernando Haddad tuvo expresivas votaciones y s\u00f3lo fue derrotado por la industria de mentiras de Bolsonaro en las redes sociales, financiada por una caja 2 hasta con dinero extranjero, seg\u00fan la prensa.<\/p>\n<p>Los m\u00e1s renombrados juristas de Brasil y de otros pa\u00edses consideran absurda mi condena y apuntan a la parcialidad de Sergio Moro, confirmada en la pr\u00e1ctica cuando acept\u00f3 ser ministro de Justicia del presidente que \u00e9l ayud\u00f3 a elegir con mi condena. Todo lo que quiero es que apunte una prueba siquiera contra m\u00ed.<\/p>\n<p>\u00bfPor qu\u00e9 tienen tanto miedo de Lula libre, si ya alcanzaron el objetivo que era impedir mi elecci\u00f3n, si no hay nada que sostenga esa prisi\u00f3n? En realidad, lo que temen es a la organizaci\u00f3n del pueblo que se identifica con nuestro proyecto de pa\u00eds. Temen tener que reconocer las arbitrariedades que cometieron para elegir a un presidente incapaz y que nos llena de verg\u00fcenza.<\/p>\n<p>Ellos saben que mi liberaci\u00f3n es parte importante de la reanudaci\u00f3n de la democracia en Brasil. Pero son incapaces de convivir con el proceso democr\u00e1tico.<\/p>\n","protected":false},"excerpt":{"rendered":"<p>Luiz Inacio Lula da Silva (Cubadebate, 8-4-19) &nbsp; Hace un a\u00f1o que estoy preso injustamente, acusado y condenado por un crimen que nunca existi\u00f3. Cada d\u00eda que pas\u00e9 aqu\u00ed hizo aumentar mi indignaci\u00f3n, pero mantengo la fe en un juicio justo en que la verdad va a prevalecer. Puedo dormir con la conciencia tranquila de [&hellip;]<\/p>\n","protected":false},"author":1,"featured_media":23885,"comment_status":"open","ping_status":"open","sticky":false,"template":"","format":"standard","meta":{"footnotes":""},"categories":[14,12],"tags":[],"class_list":["post-32353","post","type-post","status-publish","format-standard","has-post-thumbnail","hentry","category-internacionales","category-politica-3"],"_links":{"self":[{"href":"https:\/\/debateplural.net\/site\/wp-json\/wp\/v2\/posts\/32353"}],"collection":[{"href":"https:\/\/debateplural.net\/site\/wp-json\/wp\/v2\/posts"}],"about":[{"href":"https:\/\/debateplural.net\/site\/wp-json\/wp\/v2\/types\/post"}],"author":[{"embeddable":true,"href":"https:\/\/debateplural.net\/site\/wp-json\/wp\/v2\/users\/1"}],"replies":[{"embeddable":true,"href":"https:\/\/debateplural.net\/site\/wp-json\/wp\/v2\/comments?post=32353"}],"version-history":[{"count":1,"href":"https:\/\/debateplural.net\/site\/wp-json\/wp\/v2\/posts\/32353\/revisions"}],"predecessor-version":[{"id":32354,"href":"https:\/\/debateplural.net\/site\/wp-json\/wp\/v2\/posts\/32353\/revisions\/32354"}],"wp:featuredmedia":[{"embeddable":true,"href":"https:\/\/debateplural.net\/site\/wp-json\/wp\/v2\/media\/23885"}],"wp:attachment":[{"href":"https:\/\/debateplural.net\/site\/wp-json\/wp\/v2\/media?parent=32353"}],"wp:term":[{"taxonomy":"category","embeddable":true,"href":"https:\/\/debateplural.net\/site\/wp-json\/wp\/v2\/categories?post=32353"},{"taxonomy":"post_tag","embeddable":true,"href":"https:\/\/debateplural.net\/site\/wp-json\/wp\/v2\/tags?post=32353"}],"curies":[{"name":"wp","href":"https:\/\/api.w.org\/{rel}","templated":true}]}}